{"id":29186,"date":"2017-01-19T18:03:00","date_gmt":"2017-01-19T18:03:00","guid":{"rendered":"https:\/\/www.xn--krtler-3ya.com\/japanisch-kurdisches-woerterbuch-von-kurden-in-japan.html"},"modified":"2017-01-19T18:03:00","modified_gmt":"2017-01-19T18:03:00","slug":"japanisch-kurdisches-woerterbuch-von-kurden-in-japan","status":"publish","type":"post","link":"https:\/\/www.xn--krtler-3ya.com\/de\/japanisch-kurdisches-woerterbuch-von-kurden-in-japan.html","title":{"rendered":"Japanisch-kurdisches W\u00f6rterbuch von Kurden in Japan"},"content":{"rendered":"<p><b>Vakkas<\/b> <b>\u00c7olak <\/b>, der <b>japanische M\u00e4rchen ins Kurdische<\/b>\u00fcbersetzte und <b>Kurdischkurse <\/b>f\u00fcr Japaner gab, betrat Neuland und erstellte <b>ein japanisch-kurdisches W\u00f6rterbuch<\/b>. Derzeit arbeitet er an einem Grammatikbuch mit dem Titel<b>&#8222;Rezimana Kurdi<\/b>&#8222;.<b> Colaks<\/b>neues Ziel ist es, ein<b> kurdisches Institut <\/b>in <b>Japan<\/b>zu er\u00f6ffnen. <\/p>\n<p>&nbsp;<\/p>\n<p><b>Vakkas \u00c7olak<\/b>, Absolvent der <b>Fakult\u00e4t f\u00fcr Erziehungswissenschaften der Dicle Universit\u00e4t <\/b>und <b>Doktorand in Erziehungswissenschaften<\/b>, hat ein <b>japanisch-kurdisches W\u00f6rterbuch<\/b> erstellt. <b>\u00c7olak<\/b>, der <b>japanische M\u00e4rchen<\/b> ins <b>Kurdische<\/b>\u00fcbersetzt und <b>Kurdischkurse f\u00fcr Japaner <\/b>gibt, m\u00f6chte <b>Kurdisch<\/b>als Wahlfach an einer Universit\u00e4t unterrichten und ein <b>Kurdisches Institut<\/b> in <b>Japan<\/b>er\u00f6ffnen. <b>\u00c7olak<\/b>, den wir trafen, um \u00fcber das<b> japanisch-kurdische<\/b> W\u00f6rterbuch zu sprechen, das sich derzeit im Druck befindet, erkl\u00e4rte uns, wie er mit seiner Arbeit begann:<b>&#8222;<\/b> Bei meinem ersten Besuch in <b>Japan<\/b>im Jahr 2006 besuchte ich einige gro\u00dfe Buchl\u00e4den.<\/p>\n<p> Zu dieser Zeit gab es in <b>Japan<\/b>nur 10 B\u00fccher \u00fcber <b>Kurden <\/b>.<\/p>\n<h2 style=\"text-align: left;\"><span style=\"color: #ff0000;\"><b>Kurdisch sprechende Japaner<\/b><\/span><\/h2>\n<p>In den 2000er Jahren wollte eine Universit\u00e4t in <b>Tokio<\/b> <b>Kurdisch <\/b>als Wahlfach unterrichten, aber es wurde auf Eis gelegt, weil es niemanden gab, der <b>Kurdisch<\/b>auf einem ausreichenden akademischen Niveau unterrichten konnte. Angesichts der akademischen Studien auf dem Gebiet der Sprache in <b>Japan<\/b>und des Interesses an <b>Kurdisch<\/b>in meinem Umfeld wollte ich den <b>Japanern<\/b> <b>Kurdisch<\/b>beibringen.&#8220;    <\/p>\n<h2 style=\"text-align: left;\"><span style=\"color: #ff0000;\"><b>Japanische M\u00e4rchen auf Kurdisch<\/b><\/span><\/h2>\n<div style=\"text-align: left;\"><b>\u00c7olak<\/b>, der zun\u00e4chst mit kleinen \u00dcbersetzungen begann und dann <b>japanische <\/b>Werke ins <b>Kurdische<\/b>\u00fcbersetzte, sagte:<b>&#8220; <\/b>2008 habe ich einige \u00dcbersetzungen <b>ins Englische <\/b>und <b>Japanische <\/b>angefertigt. Da <b>mein Japanisch <\/b>damals nicht ausreichte, begann ich mit der \u00dcbersetzung der <b>englischen <\/b>Teile. In kurzer Zeit \u00fcbersetzte ich 4 der <b>japanischen <\/b>M\u00e4rchen. Ich bereitete auch einen t\u00e4glichen Sprachf\u00fchrer f\u00fcr Touristen vor, die nach Kurdistan reisen. Aber unsere Mittel erlaubten uns nicht, ihn zu drucken. Als kurdischer Kulturverein werden wir weiterhin kurdische M\u00e4rchen und Epen ins <b>Japanische<\/b>und japanische M\u00e4rchen ins Kurdische \u00fcbersetzen.&#8220;     <\/div>\n<h2 style=\"text-align: left;\"><span style=\"color: #ff0000;\"><b>Sprachf\u00fchrer<\/b><\/span><\/h2>\n<div style=\"text-align: left;\">\n<p>\u00c7olak sagte, dass die japanische Regierung, nachdem sie ein Konsulat in S\u00fcdkurdistan er\u00f6ffnet hatte, einen Sprachf\u00fchrer im Sorani-Dialekt des Kurdischen vorbereitet hat, der im Fr\u00fchjahr ver\u00f6ffentlicht werden soll.<\/p>\n<\/div>\n<h3 style=\"text-align: left;\">Glossar im M\u00e4rz<\/h3>\n<div style=\"text-align: left;\">Das von <b>\u00c7olak<\/b>vorbereitete W\u00f6rterbuch mit dem Titel &#8222;Ferhenga Pirzimani&#8220; ist fertiggestellt und zum Druck gegeben worden. \u00c7olak teilte mit, dass &#8222;unsere Verhandlungen mit dem Verlag ebenfalls abgeschlossen sind&#8220; und erkl\u00e4rte, dass das japanisch-kurdische W\u00f6rterbuch im M\u00e4rz auf die Leserschaft treffen wird. <\/div>\n<div>\n<figure id=\"attachment_27023\" aria-describedby=\"caption-attachment-27023\" style=\"width: 300px\" class=\"wp-caption aligncenter\"><img loading=\"lazy\" decoding=\"async\" class=\"wp-image-9128 size-full\" src=\"https:\/\/www.xn--krtler-3ya.com\/wp-content\/uploads\/2017\/01\/vakkas-colak-japon-kurt-kultur-dernegi.jpg\" alt=\"Vakkas Colak Sekret\u00e4r des Kurdischen Kulturvereins von Japan\" width=\"300\" height=\"240\"><figcaption id=\"caption-attachment-27023\" class=\"wp-caption-text\"><strong> Vakkas Colak<\/strong> Sekret\u00e4r des Kurdischen Kulturvereins von Japan<\/figcaption><\/figure>\n<\/div>\n<h2 style=\"text-align: left;\"><span style=\"color: #ff0000;\"><b>Zubereitet in drei Dialekten<\/b><\/span><\/h2>\n<div style=\"text-align: left;\"><b><br \/>\n\u00c7olak erkl\u00e4rte, dass<\/b> <b>das kurdisch-japanische W\u00f6rterbuch<\/b> <b>in 3 <\/b> <b>kurdischen<\/b> <b>Dialekten <\/b>erstellt wurde und f\u00fcgte hinzu:<b>&#8222;Das W\u00f6rterbuch<\/b> wurde in <b>drei<\/b> <b>kurdischen<\/b> <b>Dialekten<\/b> erstellt: <b>Zazaki<\/b>, <b>Kurmanji <\/b>und <b>Sorani <\/b>. Durch die Hinzuf\u00fcgung des originalen <b>japanischen Alphabets<\/b> und des <b>lateinischen Alphabets <\/b>haben wir es den <b>Kurden <\/b>, die sich f\u00fcr <b>Japanisch<\/b>interessieren, leicht gemacht, es zu lernen.&#8220;<\/div>\n<h2 style=\"text-align: left;\"><span style=\"color: #ff0000;\"><b>Kurdische Grammatik auf dem Weg<\/b><\/span><\/h2>\n<p><b>Vakkas \u00c7olak<\/b> gab die gute Nachricht bekannt, dass das Grammatikbuch<b>&#8222;Rezimana Kurdi<\/b>&#8222;, das er als sein wichtigstes Werk bezeichnete, in naher Zukunft erscheinen wird.<b>&#8222;Rezimana Kurdi<\/b> wird als Grammatikbuch ver\u00f6ffentlicht werden. Wir haben unsere Arbeit im letzten Jahr abgeschlossen und jetzt wird es bearbeitet. Ich m\u00f6chte sagen, dass es unser wichtigstes Werk sein wird&#8220;, sagte \u00c7olak:<b>&#8222;<\/b>Ich denke, es wird die erste Grammatikstudie \u00fcber <b>Kurdisch <\/b>in Japan und die umfassendste Studie sein.&#8220;  <\/p>\n<h2 style=\"text-align: left;\"><span style=\"color: #ff0000;\"><b>Vorbereitet mit seinen Studenten<\/b><\/span><\/h2>\n<p><b style=\"font-size: 16px;\">Folgt<\/b><span style=\"font-size: 16px;\">teilte die folgenden Details \u00fcber das Grammatikbuch mit: &#8222;Das Grammatikbuch, das wir vorbereitet haben, umfasst etwa 200 Seiten, <\/span><b style=\"font-size: 16px;\">Kurdisch <\/b><span style=\"font-size: 16px;\">Ich habe die Anordnung und die Beispielstudien gemacht. <\/span><b style=\"font-size: 16px;\">Japanisch <\/b> <span style=\"font-size: 16px;\">Die Erkl\u00e4rungen und Grammatikteile wurden von den Studenten der Universit\u00e4t, die wir unterrichten, vorbereitet. Es war ein kollektives Arbeitsprodukt. Zum Zeitpunkt der    <\/span><b style=\"font-size: 16px;\">Hewl\u00ear<\/b><span style=\"font-size: 16px;\">in <\/span><b style=\"font-size: 16px;\">Salahaddin Universit\u00e4t<\/b><span style=\"font-size: 16px;\">in <\/span><b style=\"font-size: 16px;\">Deutsch <\/b><span style=\"font-size: 16px;\">Lehrt\u00e4tigkeit in der Abteilung <\/span> <b style=\"font-size: 16px;\">Assoc. Prof. Dr. Abdurrahman G\u00fclbeyaz <\/b><span style=\"font-size: 16px;\">  ist dabei, die notwendigen Vorkehrungen, M\u00e4ngel und Erkl\u00e4rungen abzuschlie\u00dfen. Wir planen, es in kurzer Zeit in Druck zu geben. Der Druck dieses Grammatikbuchs ist vollst\u00e4ndig    <\/span><b style=\"font-size: 16px;\">Japan<\/b><span style=\"font-size: 16px;\">&#8218;da wir es tun werden. In der n\u00e4chsten Phase werden wir ein W\u00f6rterbuch mit 8.000 bis 12.000 W\u00f6rtern erstellen, aber auch das ist ein langer Prozess.&#8220;<\/span><\/p>\n<h2 style=\"text-align: left;\"><b>Kurdisch Sprachkurs  <\/b><\/h2>\n<p><b style=\"font-size: 16px;\">Folgt<\/b><span style=\"font-size: 16px;\">, <\/span><b style=\"font-size: 16px;\">Japan<\/b><span style=\"font-size: 16px;\">in <\/span><b style=\"font-size: 16px;\">Kurdisch <\/b><span style=\"font-size: 16px;\">zus\u00e4tzlich zu seiner Arbeit an der Sprache<\/span><b style=\"font-size: 16px;\"> Kurdisch f\u00fcr Japanisch<\/b><span style=\"font-size: 16px;\">  gibt auch Kurse. Fortsetzung mit 12 Personen, Unterricht in 3 Gruppen f\u00fcr zwei Stunden pro Woche   <\/span><b style=\"font-size: 16px;\">Folgt<\/b><span style=\"font-size: 16px;\">&#8222;Es nehmen vor allem Akademiker und Studenten teil. Es sind auch zwei Journalisten dabei. Dank des Unterrichts, den wir vor 8 Monaten begonnen haben, sind unsere Studenten jetzt auf einem grundlegenden Niveau.    <\/span><b style=\"font-size: 16px;\">Kurdisch<\/b><span style=\"font-size: 16px;\">Sie haben sich auf eine Ebene begeben, auf der sie \u00fcber &#8217;s&#8216; sprechen&#8220;, sagte er.<\/span><\/p>\n<h2 style=\"text-align: left;\"><b>Ziel: Universit\u00e4t und Institut<\/b><\/h2>\n<p><b>\u00c7olak<\/b>, der entschlossen ist, seine Arbeit fortzusetzen, hat auch wichtige Ziele vor Augen: &#8222;In Zukunft, wenn die Zahl der Studenten weiter steigt und wir die entsprechende Zahl erreichen, ist es unser Ziel, <b>Kurdisch<\/b>als Wahlfach an jeder Universit\u00e4t in <b>Japan<\/b>zu unterrichten. Wenn wir so weitermachen, werden wir daran arbeiten, in Zukunft <b>ein Institut <\/b>zu er\u00f6ffnen.&#8220; <\/p>\n<p><b><a href=\"http:\/\/www.yeniozgurpolitika.org\/index.php?rupel=nuce&amp;id=66013\" target=\"_blank\" rel=\"nofollow noopener noreferrer\">EYY\u00dcP KURT-TOKYO- YENI\u00d6ZG\u00dcRPOLI\u0307TIKA<\/a><\/b><\/p>\n","protected":false},"excerpt":{"rendered":"<p>Vakkas \u00c7olak , der japanische M\u00e4rchen ins Kurdische\u00fcbersetzte und Kurdischkurse f\u00fcr Japaner gab, betrat Neuland und erstellte ein japanisch-kurdisches W\u00f6rterbuch. Derzeit arbeitet er an einem Grammatikbuch mit dem Titel&#8222;Rezimana Kurdi&#8222;. Colaksneues Ziel ist es, ein kurdisches Institut in Japanzu er\u00f6ffnen. &nbsp; Vakkas \u00c7olak, Absolvent der Fakult\u00e4t f\u00fcr Erziehungswissenschaften der Dicle Universit\u00e4t und Doktorand in Erziehungswissenschaften, &hellip;<\/p>\n","protected":false},"author":1,"featured_media":27022,"comment_status":"open","ping_status":"closed","sticky":false,"template":"","format":"standard","meta":{"footnotes":""},"categories":[6027],"tags":[6075,6073,6025,6077,6032],"class_list":["post-29186","post","type-post","status-publish","format-standard","has-post-thumbnail","hentry","category-kurdische-nachrichten","tag-kultur-de","tag-kurden-in-japan","tag-kurden-de","tag-kurdisch-japanisch-worterbuch","tag-kurdische-nachrichten"],"yoast_head":"<!-- This site is optimized with the Yoast SEO plugin v23.7 - https:\/\/yoast.com\/wordpress\/plugins\/seo\/ -->\n<title>Japanisch-kurdisches W\u00f6rterbuch von Kurden in Japan - Mit Liebe gebastelt<\/title>\n<meta name=\"robots\" content=\"index, follow, max-snippet:-1, max-image-preview:large, max-video-preview:-1\" \/>\n<link rel=\"canonical\" href=\"https:\/\/www.xn--krtler-3ya.com\/de\/japanisch-kurdisches-woerterbuch-von-kurden-in-japan.html\" \/>\n<meta property=\"og:locale\" content=\"de_DE\" \/>\n<meta property=\"og:type\" content=\"article\" \/>\n<meta property=\"og:title\" content=\"Japanisch-kurdisches W\u00f6rterbuch von Kurden in Japan - Mit Liebe gebastelt\" \/>\n<meta property=\"og:description\" content=\"Vakkas \u00c7olak , der japanische M\u00e4rchen ins Kurdische\u00fcbersetzte und Kurdischkurse f\u00fcr Japaner gab, betrat Neuland und erstellte ein japanisch-kurdisches W\u00f6rterbuch. Derzeit arbeitet er an einem Grammatikbuch mit dem Titel&#8222;Rezimana Kurdi&#8222;. Colaksneues Ziel ist es, ein kurdisches Institut in Japanzu er\u00f6ffnen. &nbsp; Vakkas \u00c7olak, Absolvent der Fakult\u00e4t f\u00fcr Erziehungswissenschaften der Dicle Universit\u00e4t und Doktorand in Erziehungswissenschaften, &hellip;\" \/>\n<meta property=\"og:url\" content=\"https:\/\/www.xn--krtler-3ya.com\/de\/japanisch-kurdisches-woerterbuch-von-kurden-in-japan.html\" \/>\n<meta property=\"og:site_name\" content=\"Mit Liebe gebastelt\" \/>\n<meta property=\"article:published_time\" content=\"2017-01-19T18:03:00+00:00\" \/>\n<meta property=\"og:image\" content=\"https:\/\/www.xn--krtler-3ya.com\/wp-content\/uploads\/2017\/01\/vakkas-colak-japon-kurt-kultur-dernegi.jpg\" \/>\n\t<meta property=\"og:image:width\" content=\"300\" \/>\n\t<meta property=\"og:image:height\" content=\"240\" \/>\n\t<meta property=\"og:image:type\" content=\"image\/jpeg\" \/>\n<meta name=\"author\" content=\"admin\" \/>\n<meta name=\"twitter:card\" content=\"summary_large_image\" \/>\n<meta name=\"twitter:label1\" content=\"Verfasst von\" \/>\n\t<meta name=\"twitter:data1\" content=\"admin\" \/>\n\t<meta name=\"twitter:label2\" content=\"Gesch\u00e4tzte Lesezeit\" \/>\n\t<meta name=\"twitter:data2\" content=\"4\u00a0Minuten\" \/>\n<script type=\"application\/ld+json\" class=\"yoast-schema-graph\">{\"@context\":\"https:\/\/schema.org\",\"@graph\":[{\"@type\":\"WebPage\",\"@id\":\"https:\/\/www.xn--krtler-3ya.com\/de\/japanisch-kurdisches-woerterbuch-von-kurden-in-japan.html\",\"url\":\"https:\/\/www.xn--krtler-3ya.com\/de\/japanisch-kurdisches-woerterbuch-von-kurden-in-japan.html\",\"name\":\"Japanisch-kurdisches W\u00f6rterbuch von Kurden in Japan - Mit Liebe gebastelt\",\"isPartOf\":{\"@id\":\"https:\/\/www.xn--krtler-3ya.com\/de#website\"},\"primaryImageOfPage\":{\"@id\":\"https:\/\/www.xn--krtler-3ya.com\/de\/japanisch-kurdisches-woerterbuch-von-kurden-in-japan.html#primaryimage\"},\"image\":{\"@id\":\"https:\/\/www.xn--krtler-3ya.com\/de\/japanisch-kurdisches-woerterbuch-von-kurden-in-japan.html#primaryimage\"},\"thumbnailUrl\":\"https:\/\/www.xn--krtler-3ya.com\/wp-content\/uploads\/2017\/01\/japonca-kurtce-sozluk.jpg\",\"datePublished\":\"2017-01-19T18:03:00+00:00\",\"dateModified\":\"2017-01-19T18:03:00+00:00\",\"author\":{\"@id\":\"https:\/\/www.xn--krtler-3ya.com\/de#\/schema\/person\/6bcd5bbe2e1493cacc77180c1bd84881\"},\"breadcrumb\":{\"@id\":\"https:\/\/www.xn--krtler-3ya.com\/de\/japanisch-kurdisches-woerterbuch-von-kurden-in-japan.html#breadcrumb\"},\"inLanguage\":\"de\",\"potentialAction\":[{\"@type\":\"ReadAction\",\"target\":[\"https:\/\/www.xn--krtler-3ya.com\/de\/japanisch-kurdisches-woerterbuch-von-kurden-in-japan.html\"]}]},{\"@type\":\"ImageObject\",\"inLanguage\":\"de\",\"@id\":\"https:\/\/www.xn--krtler-3ya.com\/de\/japanisch-kurdisches-woerterbuch-von-kurden-in-japan.html#primaryimage\",\"url\":\"https:\/\/www.xn--krtler-3ya.com\/wp-content\/uploads\/2017\/01\/japonca-kurtce-sozluk.jpg\",\"contentUrl\":\"https:\/\/www.xn--krtler-3ya.com\/wp-content\/uploads\/2017\/01\/japonca-kurtce-sozluk.jpg\",\"width\":658,\"height\":317},{\"@type\":\"BreadcrumbList\",\"@id\":\"https:\/\/www.xn--krtler-3ya.com\/de\/japanisch-kurdisches-woerterbuch-von-kurden-in-japan.html#breadcrumb\",\"itemListElement\":[{\"@type\":\"ListItem\",\"position\":1,\"name\":\"Startseite\",\"item\":\"https:\/\/www.xn--krtler-3ya.com\/de\"},{\"@type\":\"ListItem\",\"position\":2,\"name\":\"Japanisch-kurdisches W\u00f6rterbuch von Kurden in Japan\"}]},{\"@type\":\"WebSite\",\"@id\":\"https:\/\/www.xn--krtler-3ya.com\/de#website\",\"url\":\"https:\/\/www.xn--krtler-3ya.com\/de\",\"name\":\"k\u00fcrtler\",\"description\":\"\",\"potentialAction\":[{\"@type\":\"SearchAction\",\"target\":{\"@type\":\"EntryPoint\",\"urlTemplate\":\"https:\/\/www.xn--krtler-3ya.com\/de?s={search_term_string}\"},\"query-input\":{\"@type\":\"PropertyValueSpecification\",\"valueRequired\":true,\"valueName\":\"search_term_string\"}}],\"inLanguage\":\"de\"},{\"@type\":\"Person\",\"@id\":\"https:\/\/www.xn--krtler-3ya.com\/de#\/schema\/person\/6bcd5bbe2e1493cacc77180c1bd84881\",\"name\":\"admin\",\"image\":{\"@type\":\"ImageObject\",\"inLanguage\":\"de\",\"@id\":\"https:\/\/www.xn--krtler-3ya.com\/de#\/schema\/person\/image\/\",\"url\":\"https:\/\/www.xn--krtler-3ya.com\/wp-content\/litespeed\/avatar\/de8faab9da60e77876a3fba9edd82f20.jpg?ver=1776826433\",\"contentUrl\":\"https:\/\/www.xn--krtler-3ya.com\/wp-content\/litespeed\/avatar\/de8faab9da60e77876a3fba9edd82f20.jpg?ver=1776826433\",\"caption\":\"admin\"},\"sameAs\":[\"https:\/\/kora24.de\"],\"url\":\"https:\/\/www.xn--krtler-3ya.com\/de\/author\/youssef\"}]}<\/script>\n<!-- \/ Yoast SEO plugin. -->","yoast_head_json":{"title":"Japanisch-kurdisches W\u00f6rterbuch von Kurden in Japan - Mit Liebe gebastelt","robots":{"index":"index","follow":"follow","max-snippet":"max-snippet:-1","max-image-preview":"max-image-preview:large","max-video-preview":"max-video-preview:-1"},"canonical":"https:\/\/www.xn--krtler-3ya.com\/de\/japanisch-kurdisches-woerterbuch-von-kurden-in-japan.html","og_locale":"de_DE","og_type":"article","og_title":"Japanisch-kurdisches W\u00f6rterbuch von Kurden in Japan - Mit Liebe gebastelt","og_description":"Vakkas \u00c7olak , der japanische M\u00e4rchen ins Kurdische\u00fcbersetzte und Kurdischkurse f\u00fcr Japaner gab, betrat Neuland und erstellte ein japanisch-kurdisches W\u00f6rterbuch. Derzeit arbeitet er an einem Grammatikbuch mit dem Titel&#8222;Rezimana Kurdi&#8222;. Colaksneues Ziel ist es, ein kurdisches Institut in Japanzu er\u00f6ffnen. &nbsp; Vakkas \u00c7olak, Absolvent der Fakult\u00e4t f\u00fcr Erziehungswissenschaften der Dicle Universit\u00e4t und Doktorand in Erziehungswissenschaften, &hellip;","og_url":"https:\/\/www.xn--krtler-3ya.com\/de\/japanisch-kurdisches-woerterbuch-von-kurden-in-japan.html","og_site_name":"Mit Liebe gebastelt","article_published_time":"2017-01-19T18:03:00+00:00","og_image":[{"width":300,"height":240,"url":"https:\/\/www.xn--krtler-3ya.com\/wp-content\/uploads\/2017\/01\/vakkas-colak-japon-kurt-kultur-dernegi.jpg","type":"image\/jpeg"}],"author":"admin","twitter_card":"summary_large_image","twitter_misc":{"Verfasst von":"admin","Gesch\u00e4tzte Lesezeit":"4\u00a0Minuten"},"schema":{"@context":"https:\/\/schema.org","@graph":[{"@type":"WebPage","@id":"https:\/\/www.xn--krtler-3ya.com\/de\/japanisch-kurdisches-woerterbuch-von-kurden-in-japan.html","url":"https:\/\/www.xn--krtler-3ya.com\/de\/japanisch-kurdisches-woerterbuch-von-kurden-in-japan.html","name":"Japanisch-kurdisches W\u00f6rterbuch von Kurden in Japan - Mit Liebe gebastelt","isPartOf":{"@id":"https:\/\/www.xn--krtler-3ya.com\/de#website"},"primaryImageOfPage":{"@id":"https:\/\/www.xn--krtler-3ya.com\/de\/japanisch-kurdisches-woerterbuch-von-kurden-in-japan.html#primaryimage"},"image":{"@id":"https:\/\/www.xn--krtler-3ya.com\/de\/japanisch-kurdisches-woerterbuch-von-kurden-in-japan.html#primaryimage"},"thumbnailUrl":"https:\/\/www.xn--krtler-3ya.com\/wp-content\/uploads\/2017\/01\/japonca-kurtce-sozluk.jpg","datePublished":"2017-01-19T18:03:00+00:00","dateModified":"2017-01-19T18:03:00+00:00","author":{"@id":"https:\/\/www.xn--krtler-3ya.com\/de#\/schema\/person\/6bcd5bbe2e1493cacc77180c1bd84881"},"breadcrumb":{"@id":"https:\/\/www.xn--krtler-3ya.com\/de\/japanisch-kurdisches-woerterbuch-von-kurden-in-japan.html#breadcrumb"},"inLanguage":"de","potentialAction":[{"@type":"ReadAction","target":["https:\/\/www.xn--krtler-3ya.com\/de\/japanisch-kurdisches-woerterbuch-von-kurden-in-japan.html"]}]},{"@type":"ImageObject","inLanguage":"de","@id":"https:\/\/www.xn--krtler-3ya.com\/de\/japanisch-kurdisches-woerterbuch-von-kurden-in-japan.html#primaryimage","url":"https:\/\/www.xn--krtler-3ya.com\/wp-content\/uploads\/2017\/01\/japonca-kurtce-sozluk.jpg","contentUrl":"https:\/\/www.xn--krtler-3ya.com\/wp-content\/uploads\/2017\/01\/japonca-kurtce-sozluk.jpg","width":658,"height":317},{"@type":"BreadcrumbList","@id":"https:\/\/www.xn--krtler-3ya.com\/de\/japanisch-kurdisches-woerterbuch-von-kurden-in-japan.html#breadcrumb","itemListElement":[{"@type":"ListItem","position":1,"name":"Startseite","item":"https:\/\/www.xn--krtler-3ya.com\/de"},{"@type":"ListItem","position":2,"name":"Japanisch-kurdisches W\u00f6rterbuch von Kurden in Japan"}]},{"@type":"WebSite","@id":"https:\/\/www.xn--krtler-3ya.com\/de#website","url":"https:\/\/www.xn--krtler-3ya.com\/de","name":"k\u00fcrtler","description":"","potentialAction":[{"@type":"SearchAction","target":{"@type":"EntryPoint","urlTemplate":"https:\/\/www.xn--krtler-3ya.com\/de?s={search_term_string}"},"query-input":{"@type":"PropertyValueSpecification","valueRequired":true,"valueName":"search_term_string"}}],"inLanguage":"de"},{"@type":"Person","@id":"https:\/\/www.xn--krtler-3ya.com\/de#\/schema\/person\/6bcd5bbe2e1493cacc77180c1bd84881","name":"admin","image":{"@type":"ImageObject","inLanguage":"de","@id":"https:\/\/www.xn--krtler-3ya.com\/de#\/schema\/person\/image\/","url":"https:\/\/www.xn--krtler-3ya.com\/wp-content\/litespeed\/avatar\/de8faab9da60e77876a3fba9edd82f20.jpg?ver=1776826433","contentUrl":"https:\/\/www.xn--krtler-3ya.com\/wp-content\/litespeed\/avatar\/de8faab9da60e77876a3fba9edd82f20.jpg?ver=1776826433","caption":"admin"},"sameAs":["https:\/\/kora24.de"],"url":"https:\/\/www.xn--krtler-3ya.com\/de\/author\/youssef"}]}},"amp_enabled":true,"_links":{"self":[{"href":"https:\/\/www.xn--krtler-3ya.com\/de\/wp-json\/wp\/v2\/posts\/29186","targetHints":{"allow":["GET"]}}],"collection":[{"href":"https:\/\/www.xn--krtler-3ya.com\/de\/wp-json\/wp\/v2\/posts"}],"about":[{"href":"https:\/\/www.xn--krtler-3ya.com\/de\/wp-json\/wp\/v2\/types\/post"}],"author":[{"embeddable":true,"href":"https:\/\/www.xn--krtler-3ya.com\/de\/wp-json\/wp\/v2\/users\/1"}],"replies":[{"embeddable":true,"href":"https:\/\/www.xn--krtler-3ya.com\/de\/wp-json\/wp\/v2\/comments?post=29186"}],"version-history":[{"count":0,"href":"https:\/\/www.xn--krtler-3ya.com\/de\/wp-json\/wp\/v2\/posts\/29186\/revisions"}],"wp:featuredmedia":[{"embeddable":true,"href":"https:\/\/www.xn--krtler-3ya.com\/de\/wp-json\/wp\/v2\/media\/27022"}],"wp:attachment":[{"href":"https:\/\/www.xn--krtler-3ya.com\/de\/wp-json\/wp\/v2\/media?parent=29186"}],"wp:term":[{"taxonomy":"category","embeddable":true,"href":"https:\/\/www.xn--krtler-3ya.com\/de\/wp-json\/wp\/v2\/categories?post=29186"},{"taxonomy":"post_tag","embeddable":true,"href":"https:\/\/www.xn--krtler-3ya.com\/de\/wp-json\/wp\/v2\/tags?post=29186"}],"curies":[{"name":"wp","href":"https:\/\/api.w.org\/{rel}","templated":true}]}}