{"id":29189,"date":"2017-02-23T15:57:00","date_gmt":"2017-02-23T15:57:00","guid":{"rendered":"https:\/\/www.xn--krtler-3ya.com\/barcelona-der-kurdischen-fussballmannschaft-dalkurd.html"},"modified":"2017-02-23T15:57:00","modified_gmt":"2017-02-23T15:57:00","slug":"barcelona-der-kurdischen-fussballmannschaft-dalkurd","status":"publish","type":"post","link":"https:\/\/www.xn--krtler-3ya.com\/de\/barcelona-der-kurdischen-fussballmannschaft-dalkurd.html","title":{"rendered":"Barcelona der kurdischen Fu\u00dfballmannschaft Dalkurd"},"content":{"rendered":"<p><b>Dalkurd <\/b>, offiziell bekannt als <b>Dalkurd FF<\/b>, ist ein professionelles Fu\u00dfballteam, das 2004 von <b>Kurden <\/b>in <b>Schweden<\/b> gegr\u00fcndet wurde. <b>Dalkurd<\/b>, das in kurzer Zeit in die obersten Ligen aufgestiegen ist, ist vor allem f\u00fcr die Kurden in <b>Europa<\/b> zum Mittelpunkt des Interesses geworden. Seit <b>2017 <\/b>spielt das Team in der <b>zweiten <\/b>Liga und hat bereits den Aufstieg in die <b>schwedische Superliga<\/b>geschafft.<\/p>\n<p><img loading=\"lazy\" decoding=\"async\" class=\"size-full wp-image-9143 aligncenter\" src=\"https:\/\/www.xn--krtler-3ya.com\/wp-content\/uploads\/2017\/02\/dalkurd-arma.jpg\" alt=\"\" width=\"400\" height=\"300\"><\/p>\n<div style=\"text-align: left;\">Das Wappen von <b>Dalkurd<\/b> ist <b>die Flagge Kurdistans <\/b>und die Farben sind Gr\u00fcn-Rot-Gelb (Kesk-Sor-Zer), die f\u00fcr die Kurden stehen. Die Mannschaft vertritt <b>Kurdistan<\/b> stolz in <b>Europa<\/b>.<\/div>\n<p>Au\u00dferdem ist <b>Dalkurd <\/b>immer noch der beste Torsch\u00fctze der <b>schwedischen <\/b>Ligen.<\/p>\n<p>&nbsp;<\/p>\n<figure id=\"attachment_27028\" aria-describedby=\"caption-attachment-27028\" style=\"width: 460px\" class=\"wp-caption aligncenter\"><img loading=\"lazy\" decoding=\"async\" class=\"size-full wp-image-9144\" src=\"https:\/\/www.xn--krtler-3ya.com\/wp-content\/uploads\/2017\/02\/dalkurd-save-kobane.jpg\" alt=\"\" width=\"460\" height=\"286\"><figcaption id=\"caption-attachment-27028\" class=\"wp-caption-text\"><strong>Reaktion auf den Angriff von ISIS auf Kobane mit Dalkurd Banner<\/strong><\/figcaption><\/figure>\n<h2><strong><span style=\"color: #ff0000;\">Was ist die Bedeutung von Dalkurd? Wer hat es gegr\u00fcndet? <\/span><\/strong><\/h2>\n<div style=\"text-align: left;\">\n<p><b>Dalkurd<\/b> bedeutet<b>&#8222;Kurden aus Dalarna<\/b>&#8222;.<\/p>\n<p> Die Stadt, in der <b>Dalkurd<\/b> gegr\u00fcndet wurde, <b>Dalarna<\/b>, liegt in Schweden<b>. <\/b><b>Das <\/b>Dalkurd-Team wurde von <b>Ramazan K\u0131z\u0131l <\/b>, einem der ehemaligen Vorsteher des Dorfes <b>Girmeli <\/b><b>(Giremira<\/b>) im Bezirk <b>Nusaybin <\/b>in <b>Mardin<\/b>, und seinen Freunden gegr\u00fcndet.<\/p>\n<\/div>\n<p><b>Ramazan K\u0131z\u0131l<\/b> ist der Gr\u00fcnder des Teams und auch sein Pr\u00e4sident. <b>Dalkurd <\/b>ist mehr als nur eine Mannschaft, es hat auch <b> ein nationales kurdisches Bewusstsein <\/b>in <b>Europa<\/b> geschaffen. Der Verein hat zusammen mit seinen Unterbau-Mannschaften insgesamt <b>450 <\/b>Fu\u00dfballspieler.<\/p>\n<p> Die meisten von ihnen sind <b>Kurden <\/b>. Neben den <b>Kurden <\/b>spielen in <b>Dalkurd<\/b>auch Fu\u00dfballer <b>schwedischer<\/b>, <b>gambischer<\/b>, <b>pal\u00e4stinensischer<\/b>, <b>ghanaischer<\/b>, <b>mazedonischer<\/b>, <b>moldawischer<\/b>, <b>kosovarischer<\/b>, <b>argentinischer<\/b>, <b>irakischer<\/b>, <b>serbischer<\/b>, <b>russischer <\/b>und <b>syrischer <\/b>Herkunft.<\/p>\n<p><img loading=\"lazy\" decoding=\"async\" class=\"size-full wp-image-9145 aligncenter\" src=\"https:\/\/www.xn--krtler-3ya.com\/wp-content\/uploads\/2017\/02\/dalkurd-takimi-kurtler.jpg\" alt=\"\" width=\"640\" height=\"360\"><\/p>\n<h2><span style=\"color: #ff0000;\"><b>Dalkurd ist ein nationales Symbol<\/b><\/span><\/h2>\n<p>Die Spieler von <b>Dalkurd<\/b> gehen in <b>gelben<\/b>, <b>roten<\/b>, <b>gr\u00fcnen <\/b>und <b>wei\u00dfen <\/b>Trikots mit der Flagge <b>Kurdistans<\/b>auf dem Trikot auf das Spielfeld. Der ehemalige Fu\u00dfballspieler<b> Metin G\u00fcm\u00fc\u015f<\/b> sagt, dass <b>kurdische <\/b>Jugendliche aus allen vier Teilen <b>Kurdistans<\/b>mit der Flagge <b>Kurdistans <\/b>zu den Spielen von <b>Dalkurd<\/b>gehen und so das politische Bewusstsein sch\u00e4rfen. Der Fu\u00dfballkommentator <b>Ali Fikri I\u015f\u0131k<\/b> sagt, dass die Vereinsf\u00fchrung mit dem Namen <b>Dalkurd <\/b>ein nationales Symbol geschaffen hat. I\u015f\u0131k sagt, dass jeder <b>Dalkurd<\/b>wegen seines Erfolgs unterst\u00fctzen sollte.     <\/p>\n<h2 style=\"text-align: left;\"><span style=\"color: #ff0000;\"><b>Interview mit Ramazan Kizil, Gr\u00fcnder und Pr\u00e4sident des Teams<\/b><\/span><\/h2>\n<p>In einem Gespr\u00e4ch mit der <b>Zeitung Bas<\/b>erkl\u00e4rte <b>Ramazan K\u0131z\u0131l, der Pr\u00e4sident von Dalkurd<\/b>, dass es das Ziel des Vereins sei, nach dem Erreichen der<b>ersten schwedischen Liga Allsvenskan<\/b>am <b>UEFA-Europapokal<\/b> und an der <b>Champions League<\/b>teilzunehmen. <b>K\u0131z\u0131l<\/b> erinnert daran, dass der Fu\u00dfball nicht nur eine wirtschaftliche, sondern auch eine politische Seite hat und sagt, dass der Slogan von <b>Dalkurd<\/b>das <b>Kurdentum <\/b>und <b>Kurdistan <\/b>betrifft. <b>K\u0131z\u0131l<\/b> sagt, dass <b>Dalkurd<\/b>mit dieser Politik st\u00e4rker geworden ist und durch die Bewahrung der nationalen Werte <b>der Kurden <\/b> <a href=\"https:\/\/www.secme.net\/\" title=\"istanbul escorts\">istanbul escort<\/a> auch <b>die kurdische Jugend in Europa an ihre modernen nationalen Gef\u00fchle<\/b> erinnert.<\/p>\n<p><b><br \/>\n<\/b><\/p>\n<h2><span style=\"color: #ff0000;\">K\u00f6nnen auch die Kurden ein &#8218;Barcelona&#8216; errichten?<\/span><\/h2>\n<p>&#8222;K\u00f6nnen sich <b>die Kurden<\/b> in der Welt einen Namen machen, wie es die <b>Katalanen <\/b>mit dem Club <b>Barcelona <\/b>getan haben?&#8220;, antwortet Kizil: &#8222;Die Situation der<b>Kurden <\/b>ist nicht wie die jeder anderen Nation. Uns <b>Kurden <\/b>wird die Existenz verweigert. Auf die Katalanen wurde Druck ausge\u00fcbt, sie wurden auch verfolgt, aber sie wurden nicht verleugnet. In einer solchen Situation k\u00f6nnen wir nicht <b>Cizrespor<\/b>spielen, geschweige denn wie <b>Barcelona <\/b>sein. Im Vergleich <b>zu den Katalanen <\/b>sind unsere Bedingungen nicht g\u00fcnstig. Jetzt ist <b>die Region Kurdistan <\/b>auf dem Weg zur Eigenstaatlichkeit und das gibt Hoffnung.&#8220;  <\/p>\n<div style=\"text-align: left;\">\n<p><img loading=\"lazy\" decoding=\"async\" class=\"size-full wp-image-9146 aligncenter\" src=\"https:\/\/www.xn--krtler-3ya.com\/wp-content\/uploads\/2017\/02\/dalkurt-futbolcu.jpg\" alt=\"\" width=\"640\" height=\"427\"><\/p>\n<\/div>\n<div><\/div>\n<h2 style=\"text-align: left;\"><span style=\"color: #ff0000;\">Warum ist Dalkurd in Schweden?<\/span><\/h2>\n<p><b>Ramazan K\u0131z\u0131l<\/b> beantwortet diese Frage wie folgt: &#8222;Wir konnten in der <b>T\u00fcrkei<\/b>nicht mit dem <b>kurdischen <\/b>Namen und der <b>kurdischen Flagge <\/b>Fu\u00dfball spielen. Sie haben es uns nicht erlaubt und Verbote ausgesprochen. Heute, Anfang <b>2017 <\/b>, <b>als die antikurdische Politik auf ihrem H\u00f6hepunkt war <\/b>, wurde sogar das Team von <b>Cizrespor <\/b>geschlossen<b>, und Amedspor <\/b>ist wegen seines <b>kurdischen <\/b>Namens bedroht. <b>Schweden <\/b>bot uns die Erlaubnis und die M\u00f6glichkeit, die uns <b>die T\u00fcrkei<\/b>nicht gegeben hat. Also haben wir das Team in <b>Schweden<\/b>gegr\u00fcndet.&#8220;   <\/p>\n","protected":false},"excerpt":{"rendered":"<p>Dalkurd , offiziell bekannt als Dalkurd FF, ist ein professionelles Fu\u00dfballteam, das 2004 von Kurden in Schweden gegr\u00fcndet wurde. Dalkurd, das in kurzer Zeit in die obersten Ligen aufgestiegen ist, ist vor allem f\u00fcr die Kurden in Europa zum Mittelpunkt des Interesses geworden. Seit 2017 spielt das Team in der zweiten Liga und hat bereits &hellip;<\/p>\n","protected":false},"author":1,"featured_media":27026,"comment_status":"open","ping_status":"closed","sticky":false,"template":"","format":"standard","meta":{"footnotes":""},"categories":[6027,6040],"tags":[6087,6088,6090,6091,6025,6032,6047,6089],"class_list":["post-29189","post","type-post","status-publish","format-standard","has-post-thumbnail","hentry","category-kurdische-nachrichten","category-sport","tag-dalkud-standings","tag-dalkurd-bedeutet","tag-dalkurd-team-kurden","tag-dalkurd-teamspieler","tag-kurden-de","tag-kurdische-nachrichten","tag-kurdischer-fusball","tag-was-ist-dalkurd"],"yoast_head":"<!-- This site is optimized with the Yoast SEO plugin v23.7 - https:\/\/yoast.com\/wordpress\/plugins\/seo\/ -->\n<title>Barcelona der kurdischen Fu\u00dfballmannschaft Dalkurd - Mit Liebe gebastelt<\/title>\n<meta name=\"robots\" content=\"index, follow, max-snippet:-1, max-image-preview:large, max-video-preview:-1\" \/>\n<link rel=\"canonical\" href=\"https:\/\/www.xn--krtler-3ya.com\/de\/barcelona-der-kurdischen-fussballmannschaft-dalkurd.html\" \/>\n<meta property=\"og:locale\" content=\"de_DE\" \/>\n<meta property=\"og:type\" content=\"article\" \/>\n<meta property=\"og:title\" content=\"Barcelona der kurdischen Fu\u00dfballmannschaft Dalkurd - Mit Liebe gebastelt\" \/>\n<meta property=\"og:description\" content=\"Dalkurd , offiziell bekannt als Dalkurd FF, ist ein professionelles Fu\u00dfballteam, das 2004 von Kurden in Schweden gegr\u00fcndet wurde. Dalkurd, das in kurzer Zeit in die obersten Ligen aufgestiegen ist, ist vor allem f\u00fcr die Kurden in Europa zum Mittelpunkt des Interesses geworden. Seit 2017 spielt das Team in der zweiten Liga und hat bereits &hellip;\" \/>\n<meta property=\"og:url\" content=\"https:\/\/www.xn--krtler-3ya.com\/de\/barcelona-der-kurdischen-fussballmannschaft-dalkurd.html\" \/>\n<meta property=\"og:site_name\" content=\"Mit Liebe gebastelt\" \/>\n<meta property=\"article:published_time\" content=\"2017-02-23T15:57:00+00:00\" \/>\n<meta property=\"og:image\" content=\"https:\/\/www.xn--krtler-3ya.com\/wp-content\/uploads\/2017\/02\/isvec-ligi-dalkurd-kurt-takimi.jpg\" \/>\n\t<meta property=\"og:image:width\" content=\"640\" \/>\n\t<meta property=\"og:image:height\" content=\"417\" \/>\n\t<meta property=\"og:image:type\" content=\"image\/jpeg\" \/>\n<meta name=\"author\" content=\"admin\" \/>\n<meta name=\"twitter:card\" content=\"summary_large_image\" \/>\n<meta name=\"twitter:label1\" content=\"Verfasst von\" \/>\n\t<meta name=\"twitter:data1\" content=\"admin\" \/>\n\t<meta name=\"twitter:label2\" content=\"Gesch\u00e4tzte Lesezeit\" \/>\n\t<meta name=\"twitter:data2\" content=\"3\u00a0Minuten\" \/>\n<script type=\"application\/ld+json\" class=\"yoast-schema-graph\">{\"@context\":\"https:\/\/schema.org\",\"@graph\":[{\"@type\":\"WebPage\",\"@id\":\"https:\/\/www.xn--krtler-3ya.com\/de\/barcelona-der-kurdischen-fussballmannschaft-dalkurd.html\",\"url\":\"https:\/\/www.xn--krtler-3ya.com\/de\/barcelona-der-kurdischen-fussballmannschaft-dalkurd.html\",\"name\":\"Barcelona der kurdischen Fu\u00dfballmannschaft Dalkurd - Mit Liebe gebastelt\",\"isPartOf\":{\"@id\":\"https:\/\/www.xn--krtler-3ya.com\/de#website\"},\"primaryImageOfPage\":{\"@id\":\"https:\/\/www.xn--krtler-3ya.com\/de\/barcelona-der-kurdischen-fussballmannschaft-dalkurd.html#primaryimage\"},\"image\":{\"@id\":\"https:\/\/www.xn--krtler-3ya.com\/de\/barcelona-der-kurdischen-fussballmannschaft-dalkurd.html#primaryimage\"},\"thumbnailUrl\":\"https:\/\/www.xn--krtler-3ya.com\/wp-content\/uploads\/2017\/02\/isvec-ligi-dalkurd-kurt-takimi.jpg\",\"datePublished\":\"2017-02-23T15:57:00+00:00\",\"dateModified\":\"2017-02-23T15:57:00+00:00\",\"author\":{\"@id\":\"https:\/\/www.xn--krtler-3ya.com\/de#\/schema\/person\/6bcd5bbe2e1493cacc77180c1bd84881\"},\"breadcrumb\":{\"@id\":\"https:\/\/www.xn--krtler-3ya.com\/de\/barcelona-der-kurdischen-fussballmannschaft-dalkurd.html#breadcrumb\"},\"inLanguage\":\"de\",\"potentialAction\":[{\"@type\":\"ReadAction\",\"target\":[\"https:\/\/www.xn--krtler-3ya.com\/de\/barcelona-der-kurdischen-fussballmannschaft-dalkurd.html\"]}]},{\"@type\":\"ImageObject\",\"inLanguage\":\"de\",\"@id\":\"https:\/\/www.xn--krtler-3ya.com\/de\/barcelona-der-kurdischen-fussballmannschaft-dalkurd.html#primaryimage\",\"url\":\"https:\/\/www.xn--krtler-3ya.com\/wp-content\/uploads\/2017\/02\/isvec-ligi-dalkurd-kurt-takimi.jpg\",\"contentUrl\":\"https:\/\/www.xn--krtler-3ya.com\/wp-content\/uploads\/2017\/02\/isvec-ligi-dalkurd-kurt-takimi.jpg\",\"width\":640,\"height\":417},{\"@type\":\"BreadcrumbList\",\"@id\":\"https:\/\/www.xn--krtler-3ya.com\/de\/barcelona-der-kurdischen-fussballmannschaft-dalkurd.html#breadcrumb\",\"itemListElement\":[{\"@type\":\"ListItem\",\"position\":1,\"name\":\"Startseite\",\"item\":\"https:\/\/www.xn--krtler-3ya.com\/de\"},{\"@type\":\"ListItem\",\"position\":2,\"name\":\"Barcelona der kurdischen Fu\u00dfballmannschaft Dalkurd\"}]},{\"@type\":\"WebSite\",\"@id\":\"https:\/\/www.xn--krtler-3ya.com\/de#website\",\"url\":\"https:\/\/www.xn--krtler-3ya.com\/de\",\"name\":\"k\u00fcrtler\",\"description\":\"\",\"potentialAction\":[{\"@type\":\"SearchAction\",\"target\":{\"@type\":\"EntryPoint\",\"urlTemplate\":\"https:\/\/www.xn--krtler-3ya.com\/de?s={search_term_string}\"},\"query-input\":{\"@type\":\"PropertyValueSpecification\",\"valueRequired\":true,\"valueName\":\"search_term_string\"}}],\"inLanguage\":\"de\"},{\"@type\":\"Person\",\"@id\":\"https:\/\/www.xn--krtler-3ya.com\/de#\/schema\/person\/6bcd5bbe2e1493cacc77180c1bd84881\",\"name\":\"admin\",\"image\":{\"@type\":\"ImageObject\",\"inLanguage\":\"de\",\"@id\":\"https:\/\/www.xn--krtler-3ya.com\/de#\/schema\/person\/image\/\",\"url\":\"https:\/\/www.xn--krtler-3ya.com\/wp-content\/litespeed\/avatar\/de8faab9da60e77876a3fba9edd82f20.jpg?ver=1777431259\",\"contentUrl\":\"https:\/\/www.xn--krtler-3ya.com\/wp-content\/litespeed\/avatar\/de8faab9da60e77876a3fba9edd82f20.jpg?ver=1777431259\",\"caption\":\"admin\"},\"sameAs\":[\"https:\/\/kora24.de\"],\"url\":\"https:\/\/www.xn--krtler-3ya.com\/de\/author\/youssef\"}]}<\/script>\n<!-- \/ Yoast SEO plugin. -->","yoast_head_json":{"title":"Barcelona der kurdischen Fu\u00dfballmannschaft Dalkurd - Mit Liebe gebastelt","robots":{"index":"index","follow":"follow","max-snippet":"max-snippet:-1","max-image-preview":"max-image-preview:large","max-video-preview":"max-video-preview:-1"},"canonical":"https:\/\/www.xn--krtler-3ya.com\/de\/barcelona-der-kurdischen-fussballmannschaft-dalkurd.html","og_locale":"de_DE","og_type":"article","og_title":"Barcelona der kurdischen Fu\u00dfballmannschaft Dalkurd - Mit Liebe gebastelt","og_description":"Dalkurd , offiziell bekannt als Dalkurd FF, ist ein professionelles Fu\u00dfballteam, das 2004 von Kurden in Schweden gegr\u00fcndet wurde. Dalkurd, das in kurzer Zeit in die obersten Ligen aufgestiegen ist, ist vor allem f\u00fcr die Kurden in Europa zum Mittelpunkt des Interesses geworden. Seit 2017 spielt das Team in der zweiten Liga und hat bereits &hellip;","og_url":"https:\/\/www.xn--krtler-3ya.com\/de\/barcelona-der-kurdischen-fussballmannschaft-dalkurd.html","og_site_name":"Mit Liebe gebastelt","article_published_time":"2017-02-23T15:57:00+00:00","og_image":[{"width":640,"height":417,"url":"https:\/\/www.xn--krtler-3ya.com\/wp-content\/uploads\/2017\/02\/isvec-ligi-dalkurd-kurt-takimi.jpg","type":"image\/jpeg"}],"author":"admin","twitter_card":"summary_large_image","twitter_misc":{"Verfasst von":"admin","Gesch\u00e4tzte Lesezeit":"3\u00a0Minuten"},"schema":{"@context":"https:\/\/schema.org","@graph":[{"@type":"WebPage","@id":"https:\/\/www.xn--krtler-3ya.com\/de\/barcelona-der-kurdischen-fussballmannschaft-dalkurd.html","url":"https:\/\/www.xn--krtler-3ya.com\/de\/barcelona-der-kurdischen-fussballmannschaft-dalkurd.html","name":"Barcelona der kurdischen Fu\u00dfballmannschaft Dalkurd - Mit Liebe gebastelt","isPartOf":{"@id":"https:\/\/www.xn--krtler-3ya.com\/de#website"},"primaryImageOfPage":{"@id":"https:\/\/www.xn--krtler-3ya.com\/de\/barcelona-der-kurdischen-fussballmannschaft-dalkurd.html#primaryimage"},"image":{"@id":"https:\/\/www.xn--krtler-3ya.com\/de\/barcelona-der-kurdischen-fussballmannschaft-dalkurd.html#primaryimage"},"thumbnailUrl":"https:\/\/www.xn--krtler-3ya.com\/wp-content\/uploads\/2017\/02\/isvec-ligi-dalkurd-kurt-takimi.jpg","datePublished":"2017-02-23T15:57:00+00:00","dateModified":"2017-02-23T15:57:00+00:00","author":{"@id":"https:\/\/www.xn--krtler-3ya.com\/de#\/schema\/person\/6bcd5bbe2e1493cacc77180c1bd84881"},"breadcrumb":{"@id":"https:\/\/www.xn--krtler-3ya.com\/de\/barcelona-der-kurdischen-fussballmannschaft-dalkurd.html#breadcrumb"},"inLanguage":"de","potentialAction":[{"@type":"ReadAction","target":["https:\/\/www.xn--krtler-3ya.com\/de\/barcelona-der-kurdischen-fussballmannschaft-dalkurd.html"]}]},{"@type":"ImageObject","inLanguage":"de","@id":"https:\/\/www.xn--krtler-3ya.com\/de\/barcelona-der-kurdischen-fussballmannschaft-dalkurd.html#primaryimage","url":"https:\/\/www.xn--krtler-3ya.com\/wp-content\/uploads\/2017\/02\/isvec-ligi-dalkurd-kurt-takimi.jpg","contentUrl":"https:\/\/www.xn--krtler-3ya.com\/wp-content\/uploads\/2017\/02\/isvec-ligi-dalkurd-kurt-takimi.jpg","width":640,"height":417},{"@type":"BreadcrumbList","@id":"https:\/\/www.xn--krtler-3ya.com\/de\/barcelona-der-kurdischen-fussballmannschaft-dalkurd.html#breadcrumb","itemListElement":[{"@type":"ListItem","position":1,"name":"Startseite","item":"https:\/\/www.xn--krtler-3ya.com\/de"},{"@type":"ListItem","position":2,"name":"Barcelona der kurdischen Fu\u00dfballmannschaft Dalkurd"}]},{"@type":"WebSite","@id":"https:\/\/www.xn--krtler-3ya.com\/de#website","url":"https:\/\/www.xn--krtler-3ya.com\/de","name":"k\u00fcrtler","description":"","potentialAction":[{"@type":"SearchAction","target":{"@type":"EntryPoint","urlTemplate":"https:\/\/www.xn--krtler-3ya.com\/de?s={search_term_string}"},"query-input":{"@type":"PropertyValueSpecification","valueRequired":true,"valueName":"search_term_string"}}],"inLanguage":"de"},{"@type":"Person","@id":"https:\/\/www.xn--krtler-3ya.com\/de#\/schema\/person\/6bcd5bbe2e1493cacc77180c1bd84881","name":"admin","image":{"@type":"ImageObject","inLanguage":"de","@id":"https:\/\/www.xn--krtler-3ya.com\/de#\/schema\/person\/image\/","url":"https:\/\/www.xn--krtler-3ya.com\/wp-content\/litespeed\/avatar\/de8faab9da60e77876a3fba9edd82f20.jpg?ver=1777431259","contentUrl":"https:\/\/www.xn--krtler-3ya.com\/wp-content\/litespeed\/avatar\/de8faab9da60e77876a3fba9edd82f20.jpg?ver=1777431259","caption":"admin"},"sameAs":["https:\/\/kora24.de"],"url":"https:\/\/www.xn--krtler-3ya.com\/de\/author\/youssef"}]}},"amp_enabled":true,"_links":{"self":[{"href":"https:\/\/www.xn--krtler-3ya.com\/de\/wp-json\/wp\/v2\/posts\/29189","targetHints":{"allow":["GET"]}}],"collection":[{"href":"https:\/\/www.xn--krtler-3ya.com\/de\/wp-json\/wp\/v2\/posts"}],"about":[{"href":"https:\/\/www.xn--krtler-3ya.com\/de\/wp-json\/wp\/v2\/types\/post"}],"author":[{"embeddable":true,"href":"https:\/\/www.xn--krtler-3ya.com\/de\/wp-json\/wp\/v2\/users\/1"}],"replies":[{"embeddable":true,"href":"https:\/\/www.xn--krtler-3ya.com\/de\/wp-json\/wp\/v2\/comments?post=29189"}],"version-history":[{"count":0,"href":"https:\/\/www.xn--krtler-3ya.com\/de\/wp-json\/wp\/v2\/posts\/29189\/revisions"}],"wp:featuredmedia":[{"embeddable":true,"href":"https:\/\/www.xn--krtler-3ya.com\/de\/wp-json\/wp\/v2\/media\/27026"}],"wp:attachment":[{"href":"https:\/\/www.xn--krtler-3ya.com\/de\/wp-json\/wp\/v2\/media?parent=29189"}],"wp:term":[{"taxonomy":"category","embeddable":true,"href":"https:\/\/www.xn--krtler-3ya.com\/de\/wp-json\/wp\/v2\/categories?post=29189"},{"taxonomy":"post_tag","embeddable":true,"href":"https:\/\/www.xn--krtler-3ya.com\/de\/wp-json\/wp\/v2\/tags?post=29189"}],"curies":[{"name":"wp","href":"https:\/\/api.w.org\/{rel}","templated":true}]}}