{"id":29211,"date":"2015-12-15T15:49:00","date_gmt":"2015-12-15T15:49:00","guid":{"rendered":"https:\/\/www.xn--krtler-3ya.com\/was-ist-die-kurdische-frage-wann-ist-sie-entstanden-und-wie-kann-sie-geloest-werden.html"},"modified":"2015-12-15T15:49:00","modified_gmt":"2015-12-15T15:49:00","slug":"was-ist-die-kurdische-frage-wann-ist-sie-entstanden-und-wie-kann-sie-geloest-werden","status":"publish","type":"post","link":"https:\/\/www.xn--krtler-3ya.com\/de\/was-ist-die-kurdische-frage-wann-ist-sie-entstanden-und-wie-kann-sie-geloest-werden.html","title":{"rendered":"Was ist die kurdische Frage, wann ist sie entstanden und wie kann sie gel\u00f6st werden?"},"content":{"rendered":"<p>Zun\u00e4chst einmal gibt es diejenigen, die das, was wir <b>die kurdische Frage<\/b> nennen, auf unterschiedliche Weise angehen. Es wird auch<b>&#8222;die Frage der Rechte und Freiheiten<\/b> oder die <b>Frage des Terrorismus<\/b>&#8220; genannt.<b>Was ist also die kurdische Frage wirklich? Die kurdische Frage ist ein &#8220; &#8222;Terrorismusproblem&#8220; oder &#8222;Problem der Rechte und Freiheiten <\/b>  ?<\/p>\n<h2 style=\"text-align: left;\"><strong><span style=\"color: #ff0000;\">Was ist die kurdische Frage?<\/span><\/strong><\/h2>\n<p>Was wir als <b>Kurdenfrage<\/b> bezeichnen, ist im Grunde ein Ph\u00e4nomen<b>, das nach der Gr\u00fcndung der Republik entstanden ist<\/b> und das mit der <b>Leugnung der kurdischen Identit\u00e4t, der Einschr\u00e4nkung von Rechten und Freiheiten im grundlegenden Kontext, der Einschr\u00e4nkung von Rechten und Freiheiten im grundlegenden Kontext, dem kulturellen Verbot der kurdischen Sprache, das sogar so weit geht, dass es keine Ethnie namens Kurde gibt, und als Folge der gewaltsamen Unterdr\u00fcckung der Kurden, die sich dieser Politik widersetzen, durch den Staat, haben die Kurden zur Gewalt gegriffen und sich bewaffnet, und es<\/b> ist ein <b>Ph\u00e4nomen <\/b>, das bis heute andauert und viele Faktoren beinhaltet.<\/p>\n<h2 style=\"text-align: left;\"><span style=\"color: #ff0000;\"><b>Wann ist die kurdische Frage aufgetaucht?<\/b><\/span><\/h2>\n<p>Wie wir bereits erw\u00e4hnt haben <b>, nahm die Kurdenfrage ihren Anfang in den fr\u00fchen Jahren der Republik.<\/b> W\u00e4hrend der <b>osmanischen<\/b> Zeit<b> lebten die Kurden in Kurdistan unter dem Osmanischen Reich<\/b>. <b>In Kurdistan lebten die Kurden<\/b> in einer Struktur, die wir als autonom bezeichnen k\u00f6nnen. <b>Die Kurden waren dem Osmanischen Reich unterworfen und zahlten Milit\u00e4rdienst und Steuern, aber <\/b>sie hatten eine <b>freie <\/b>Position <b>in ihrem Inneren <\/b>. <b>Im Gegensatz zur heutigen T\u00fcrkei war das Osmanische Reich in Bezug auf Rechte und Freiheiten weit voraus<\/b>. <b>Das Osmanische<\/b> Reich <b>verbot weder die Sprache und Kultur<\/b> der <b>Kurden<\/b> <b>, noch verleugnete es sie<\/b>. Der konkreteste Beweis daf\u00fcr ist die Tatsache, dass <b>S\u00fcleyman der Pr\u00e4chtige<\/b>in <b>seinem Brief an K\u00f6nig Franz von Frankreich<\/b> <b>Kurdistan<\/b> erw\u00e4hnte, als er die Namen der Regionen auflistete. Wenn man heute leugnet, dass<b>&#8222;Kurdistan nicht existierte<\/b>&#8222;, dann leugnet man sowohl<b> Kanuni als auch die Osmanen<\/b>. Kurz gesagt, <b>die osmanische Gesellschaft basierte auf dem Islam und<\/b> nicht auf einer Ethnie.Aber da die <b>t\u00fcrkische Republik<\/b>, die nach dem Osmanischen Reich gegr\u00fcndet wurde, <b>auf ethnisch-rassischen Grundlagen beruhte, mit anderen Worten, da sie<\/b> von einem islamischen M\u00f6rtel in einen rassischen M\u00f6rtel verwandelt wurde, waren die <b>Kurden<\/b> nat\u00fcrlich dagegen.    <b>Die Ader des kurdischen Nationalismus hat begonnen.<\/b><br \/>\n<b>Genau danach begann die kurdische Frage.<\/b><\/p>\n<p>D<b>ie Kurden wollen Kurden bleiben.<\/b> Antworten Sie denen, die S\u00e4tze sagen wie<b>&#8222;Das ist die T\u00fcrkei, die Kurden sollten in den Irak gehen<\/b> <b>Die Kurden leben seit Tausenden von Jahren in Mesopotamien und sind bereits in ihrem eigenen Land. Au\u00dferdem wurde dieses Land von Kurden und T\u00fcrken gerettet, es ist also nicht das Land von irgendjemandes Vater.<\/b><\/p>\n<h2 style=\"text-align: left;\"><strong><span style=\"color: #ff0000;\">Wo ist die Pkk in der kurdischen Frage?<\/span><\/strong><\/h2>\n<p><b>Die Verfolgung der Kurden erreichte nach 1980 ihren H\u00f6hepunkt<\/b> und die <b>Pkk<\/b>, die unter der F\u00fchrung von <b>Abdullah \u00d6calan<\/b> gegr\u00fcndet wurde <b>, fand einen Platz in der kurdischen Basis<\/b><b>und die Kurden, die der Verfolgung durch den Staat \u00fcberdr\u00fcssig waren, fanden in der Pkk ihren Atem.Die kurdische Jugend geht seit Jahren wegen der Massaker und Verfolgungen der Kurden in die Berge<\/b> und die Beteiligung an der Organisation h\u00e4lt bis heute an<b>.Die Pkk und die kurdische Frage sind also zwei miteinander verflochtene Probleme.Das heutige Staatsverst\u00e4ndnis akzeptiert dies auch.Wie Sie wissen, wurden mit der Pkk Verhandlungen gef\u00fchrt, um die kurdische Frage zu l\u00f6sen.<\/b> <b>Die Pkk steht in Dutzenden von L\u00e4ndern, darunter die T\u00fcrkei, Amerika und europ\u00e4ische L\u00e4nder, auf der Liste der terroristischen Organisationen<\/b>.<\/p>\n<h2 style=\"text-align: left;\"><strong><span style=\"color: #ff0000;\">Haben ausl\u00e4ndische M\u00e4chte das kurdische Problem geschaffen?<\/span><\/strong><\/h2>\n<p>In der <b>T\u00fcrkei<\/b> gibt es <b>eine Psychologie der<\/b> st\u00e4ndigen <b>Schuldzuweisung an andere<\/b> mit Worten wie<b>&#8222;ausl\u00e4ndische M\u00e4chte wollen unser Land spalten, sie wollen uns spalten, ausl\u00e4ndische M\u00e4chte wollen uns spalten, das Spiel ausl\u00e4ndischer M\u00e4chte, das Spiel Amerikas und Israels<\/b>&#8222;.Ja, ausl\u00e4ndische M\u00e4chte hatten Pl\u00e4ne mit der T\u00fcrkei, aber<b> es ist auch unlogisch,<\/b> jedes<b> Thema und jedes Problem ausl\u00e4ndischen M\u00e4chten zuzuschieben<\/b>. Die <b>kurdische Frage ist auch unser Problem und nicht das Spiel ausl\u00e4ndischer M\u00e4chte<\/b>, denn es <b>waren nicht ausl\u00e4ndische M\u00e4chte, die die Kurden massakrierten und verfolgten, es war der damalige Staat, der die kurdische Sprache verbot. Es waren nicht Amerika oder Israel, die gesagt haben, dass es so etwas wie Kurden nicht gibt, es war der damalige Staat, der diese Gr\u00e4ueltaten begangen hat<\/b>. Daher ist das Klischee<b>&#8222;Wow Sir, es gibt kein Kurdenproblem, Amerika und Israel machen das, sie wollen uns spalten<\/b>&#8220; nur eine Spitzfindigkeit und eine einfache schwarze Propaganda.<\/p>\n<h2 style=\"text-align: left;\"><strong><span style=\"color: #ff0000;\">Wie die kurdische Frage gel\u00f6st werden kann<\/span><\/strong><\/h2>\n<p><b>Wie soll die kurdische Frage gel\u00f6st werden<\/b>? <b>Wir haben die bittere Erfahrung gemacht, dass die kurdische Frage nicht mit Waffen und Gewalt gel\u00f6st werden kann<\/b>. Sie ist seit 30 Jahren nicht mit Waffen und Gewalt gel\u00f6st worden, und sie wird auch nicht gel\u00f6st werden, wenn es noch 300 Jahre dauert. Warum sollten wir dieses Problem nicht l\u00f6sen, bei dem so viele Menschen und Ressourcen verschwendet werden? <b><br \/>\n Warum sollten wir unser Leben und unser Geld verschwenden? Diejenigen, die sagen<\/b> <b> <b>: &#8222;Wir werden sie ausrotten, lasst uns Atombomben abwerfen, lasst uns Diyarbakir und Sirnak von der Landkarte tilgen<\/b>&#8222;, sind diejenigen, die nicht den Schmerz eines Kindes erlitten haben, das Geld f\u00fcr einen bezahlten Milit\u00e4rdienst hat.<\/b> <\/p>\n<h2 style=\"text-align: left;\"><strong><span style=\"color: #ff0000;\">Wie kann man das Problem also l\u00f6sen?<\/span><\/strong><\/h2>\n<p>Das Problem<b>wird mit usurpierten Rechten und Freiheiten gel\u00f6st<\/b>. Die Kurden haben berechtigte Erwartungen. Sie haben Forderungen wie <b>Unterricht in der Muttersprache, die Erm\u00e4chtigung lokaler Regierungen, das Konzept der gleichen Staatsb\u00fcrgerschaft in der Verfassung <\/b> usw. Diese Forderungen zielen nicht auf die Gew\u00e4hrung von Rechten ab, sondern auf die R\u00fcckgabe von Rechten, die bereits Rechte sind, aber usurpiert wurden. <b>Was ein T\u00fcrke f\u00fcr sich selbst will, sollte er auch f\u00fcr einen Kurden wollen, den er als seinen religi\u00f6sen Bruder bezeichnet.<\/b> <b>Wenn diese Schritte unternommen werden, ist die Angst, dass wir gespalten werden, unbegr\u00fcndet. Wenn diese Schritte unternommen werden, wird das Zusammengeh\u00f6rigkeitsgef\u00fchl der Kurden gest\u00e4rkt. Die wirkliche Spaltung wird stattfinden, wenn wir uns weiterhin gegenseitig umbringen.<\/b> <\/p>\n<h2 style=\"text-align: left;\"><span style=\"color: #ff0000;\">Die Bem\u00fchungen der Ak Parti zur L\u00f6sung der kurdischen Frage<\/span><\/h2>\n<p><b>Die Ak Parti hat zweifelsohne den realistischsten Ansatz und die meisten Schritte zur L\u00f6sung der kurdischen Frage unternommen<\/b>. Der<b> L\u00f6sungsprozess<\/b> (auch bekannt als Demokratische Initiative, Kurdische Initiative, Projekt der Nationalen Einheit und der Br\u00fcderlichkeit), der zum ersten Mal im Jahr 2009 initiiert wurde, wurde versucht zu realisieren.<\/p>\n<p>Ab 2009 und mit Unterbrechungen legte<b>die Pkk<\/b> ihre Waffen nieder und die Regierung <b>er\u00f6ffnete einen kurdischen Fernsehsender<\/b> namens<b>Trt \u015ee\u015f<\/b><b>(Trt Kurdi<\/b>) und unternahm <b>Schritte wie Kurdisch (Kurmandschi) als Wahlfach in Schulen.<\/b> Nach dem Beginn des syrischen B\u00fcrgerkriegs f\u00fchrten Erdo\u011fans Politik gegen die Kurden in Syrien und der Vorwurf, ISIS zu unterst\u00fctzen, dazu, dass der Resolutionsprozess ins Stocken geriet. Erdo\u011fans Aussage<b>&#8222;Wir werden keinen kurdischen Staat in Syrien zulassen, egal was es kostet<\/b>&#8222;. Mit seinen antikurdischen \u00c4u\u00dferungen wie<b>&#8222;Sie sind Terroristen<\/b>&#8220; f\u00fcr die kurdische Verwaltung in Syrien, <b>wurde ein Umfeld des Misstrauens sowohl zwischen den Kurden und der Ak Parti als auch im L\u00f6sungsprozess geschaffen.<\/b> W\u00e4hrend des ISIS-Angriffs auf Kobani sagte Erdogan<b>&#8222;Kobani ist gefallen und wird fallen<\/b>&#8222;, als ob ihm die Freude \u00fcber den Angriff egal w\u00e4re. Die <b>antikurdische Politik<\/b> wie<b>&#8222;Sie sind Terroristen<\/b>&#8220; und der <b>Wunsch, Kobani schutzlos zu lassen, indem er sich dagegen wehrte, dass Amerika Waffen an die YPG schickt<\/b> <b>, hat die Grenze erreicht und die Kobani-Zwischenf\u00e4lle (6.\/7. Oktober-Zwischenf\u00e4lle) brachen in der ganzen T\u00fcrkei aus. Dutzende von Menschen verloren bei den Zwischenf\u00e4llen ihr Leben.<\/b> <b>Erdogans<\/b> Spiel mit der nationalistischen Basis mit dem R\u00fcckgang seiner Stimmen, indem er sagte &#8222;was f\u00fcr ein<b> Kurdenproblem <\/b>&#8222;, <b>ignorierte das Dolmabah\u00e7e-Memorandum, das zwischen der Regierung und der Hdp unterzeichnet wurde, und beendete tats\u00e4chlich den L\u00f6sungsprozess.<\/b><\/p>\n<p><b><br \/>\n<\/b> <b>Als ISIS-K\u00e4mpfer<\/b> am 20. Juli 2015 <b>w\u00e4hrend der Reden der SDGH-Jugend, die Spielzeug in die kurdische Stadt Kobani in Rojava brachte, ein Selbstmordattentat ver\u00fcbten, nachdem die Pkk den Waffenstillstand beendete und die t\u00fcrkischen Jets Luftangriffe auf Qandil flogen,<\/b> <b>waren die Seile zerrissen<\/b> <b>und auch der L\u00f6sungsprozess war beendet<\/b>. <b>Erdo\u011fan<\/b>&#8217;s&#8220; <b>Der L\u00f6sungsprozess wurde<\/b> mit den Worten <b>&#8222;Der L\u00f6sungsprozess ist im K\u00fchlschrank<\/b>&#8220; <b>ad acta gelegt.<\/b> <b>Zwischen der Herangehensweise<\/b> der <b>Ak-Partei<\/b> <b>an den L\u00f6sungsprozess im Jahr 2009 und der heutigen Herangehensweise klaffen Berge von L\u00fccken.<\/b> <b>Wir hoffen, dass der L\u00f6sungsprozess aus dem K\u00fchlschrank geholt wird<\/b>, aber nicht, um ihn aufzuw\u00e4rmen und ihn wieder vor uns zu stellen, nicht mit dem Verst\u00e4ndnis von Stimmenkalk\u00fcl, Machtkalk\u00fcl, sondern wirklich f\u00fcr die L\u00f6sung, und dass die <strong>kurdische<\/strong> <strong>Frage<\/strong> friedlich gel\u00f6st wird und alle gleich und ehrenhaft leben.<\/p>\n","protected":false},"excerpt":{"rendered":"<p>Zun\u00e4chst einmal gibt es diejenigen, die das, was wir die kurdische Frage nennen, auf unterschiedliche Weise angehen. Es wird auch&#8222;die Frage der Rechte und Freiheiten oder die Frage des Terrorismus&#8220; genannt.Was ist also die kurdische Frage wirklich? Die kurdische Frage ist ein &#8220; &#8222;Terrorismusproblem&#8220; oder &#8222;Problem der Rechte und Freiheiten ? Was ist die kurdische &hellip;<\/p>\n","protected":false},"author":1,"featured_media":26546,"comment_status":"open","ping_status":"closed","sticky":false,"template":"","format":"standard","meta":{"footnotes":""},"categories":[6116],"tags":[6163,6167,6025,6165,6162,6164],"class_list":["post-29211","post","type-post","status-publish","format-standard","has-post-thumbnail","hentry","category-analyse","tag-die-kurdische-frage-auslandische-machte","tag-gibt-es-ein-kurdisches-problem","tag-kurden-de","tag-was-ist-das-kurdische-problem","tag-was-ist-der-losungsprozess","tag-wie-das-kurdenproblem-gelost-werden-kann"],"yoast_head":"<!-- This site is optimized with the Yoast SEO plugin v23.7 - https:\/\/yoast.com\/wordpress\/plugins\/seo\/ -->\n<title>Was ist die kurdische Frage, wann ist sie entstanden und wie kann sie gel\u00f6st werden? - Mit Liebe gebastelt<\/title>\n<meta name=\"robots\" content=\"index, follow, max-snippet:-1, max-image-preview:large, max-video-preview:-1\" \/>\n<link rel=\"canonical\" href=\"https:\/\/www.xn--krtler-3ya.com\/de\/was-ist-die-kurdische-frage-wann-ist-sie-entstanden-und-wie-kann-sie-geloest-werden.html\" \/>\n<meta property=\"og:locale\" content=\"de_DE\" \/>\n<meta property=\"og:type\" content=\"article\" \/>\n<meta property=\"og:title\" content=\"Was ist die kurdische Frage, wann ist sie entstanden und wie kann sie gel\u00f6st werden? - Mit Liebe gebastelt\" \/>\n<meta property=\"og:description\" content=\"Zun\u00e4chst einmal gibt es diejenigen, die das, was wir die kurdische Frage nennen, auf unterschiedliche Weise angehen. Es wird auch&#8222;die Frage der Rechte und Freiheiten oder die Frage des Terrorismus&#8220; genannt.Was ist also die kurdische Frage wirklich? Die kurdische Frage ist ein &#8220; &#8222;Terrorismusproblem&#8220; oder &#8222;Problem der Rechte und Freiheiten ? Was ist die kurdische &hellip;\" \/>\n<meta property=\"og:url\" content=\"https:\/\/www.xn--krtler-3ya.com\/de\/was-ist-die-kurdische-frage-wann-ist-sie-entstanden-und-wie-kann-sie-geloest-werden.html\" \/>\n<meta property=\"og:site_name\" content=\"Mit Liebe gebastelt\" \/>\n<meta property=\"article:published_time\" content=\"2015-12-15T15:49:00+00:00\" \/>\n<meta property=\"og:image\" content=\"https:\/\/www.xn--krtler-3ya.com\/wp-content\/uploads\/2015\/12\/kurt-sorunu-nedir-nasil-cozulur.jpg\" \/>\n\t<meta property=\"og:image:width\" content=\"590\" \/>\n\t<meta property=\"og:image:height\" content=\"392\" \/>\n\t<meta property=\"og:image:type\" content=\"image\/jpeg\" \/>\n<meta name=\"author\" content=\"admin\" \/>\n<meta name=\"twitter:card\" content=\"summary_large_image\" \/>\n<meta name=\"twitter:label1\" content=\"Verfasst von\" \/>\n\t<meta name=\"twitter:data1\" content=\"admin\" \/>\n\t<meta name=\"twitter:label2\" content=\"Gesch\u00e4tzte Lesezeit\" \/>\n\t<meta name=\"twitter:data2\" content=\"7\u00a0Minuten\" \/>\n<script type=\"application\/ld+json\" class=\"yoast-schema-graph\">{\"@context\":\"https:\/\/schema.org\",\"@graph\":[{\"@type\":\"WebPage\",\"@id\":\"https:\/\/www.xn--krtler-3ya.com\/de\/was-ist-die-kurdische-frage-wann-ist-sie-entstanden-und-wie-kann-sie-geloest-werden.html\",\"url\":\"https:\/\/www.xn--krtler-3ya.com\/de\/was-ist-die-kurdische-frage-wann-ist-sie-entstanden-und-wie-kann-sie-geloest-werden.html\",\"name\":\"Was ist die kurdische Frage, wann ist sie entstanden und wie kann sie gel\u00f6st werden? - Mit Liebe gebastelt\",\"isPartOf\":{\"@id\":\"https:\/\/www.xn--krtler-3ya.com\/de#website\"},\"primaryImageOfPage\":{\"@id\":\"https:\/\/www.xn--krtler-3ya.com\/de\/was-ist-die-kurdische-frage-wann-ist-sie-entstanden-und-wie-kann-sie-geloest-werden.html#primaryimage\"},\"image\":{\"@id\":\"https:\/\/www.xn--krtler-3ya.com\/de\/was-ist-die-kurdische-frage-wann-ist-sie-entstanden-und-wie-kann-sie-geloest-werden.html#primaryimage\"},\"thumbnailUrl\":\"https:\/\/www.xn--krtler-3ya.com\/wp-content\/uploads\/2015\/12\/kurt-sorunu-nedir-nasil-cozulur.jpg\",\"datePublished\":\"2015-12-15T15:49:00+00:00\",\"dateModified\":\"2015-12-15T15:49:00+00:00\",\"author\":{\"@id\":\"https:\/\/www.xn--krtler-3ya.com\/de#\/schema\/person\/6bcd5bbe2e1493cacc77180c1bd84881\"},\"breadcrumb\":{\"@id\":\"https:\/\/www.xn--krtler-3ya.com\/de\/was-ist-die-kurdische-frage-wann-ist-sie-entstanden-und-wie-kann-sie-geloest-werden.html#breadcrumb\"},\"inLanguage\":\"de\",\"potentialAction\":[{\"@type\":\"ReadAction\",\"target\":[\"https:\/\/www.xn--krtler-3ya.com\/de\/was-ist-die-kurdische-frage-wann-ist-sie-entstanden-und-wie-kann-sie-geloest-werden.html\"]}]},{\"@type\":\"ImageObject\",\"inLanguage\":\"de\",\"@id\":\"https:\/\/www.xn--krtler-3ya.com\/de\/was-ist-die-kurdische-frage-wann-ist-sie-entstanden-und-wie-kann-sie-geloest-werden.html#primaryimage\",\"url\":\"https:\/\/www.xn--krtler-3ya.com\/wp-content\/uploads\/2015\/12\/kurt-sorunu-nedir-nasil-cozulur.jpg\",\"contentUrl\":\"https:\/\/www.xn--krtler-3ya.com\/wp-content\/uploads\/2015\/12\/kurt-sorunu-nedir-nasil-cozulur.jpg\",\"width\":590,\"height\":392},{\"@type\":\"BreadcrumbList\",\"@id\":\"https:\/\/www.xn--krtler-3ya.com\/de\/was-ist-die-kurdische-frage-wann-ist-sie-entstanden-und-wie-kann-sie-geloest-werden.html#breadcrumb\",\"itemListElement\":[{\"@type\":\"ListItem\",\"position\":1,\"name\":\"Startseite\",\"item\":\"https:\/\/www.xn--krtler-3ya.com\/de\"},{\"@type\":\"ListItem\",\"position\":2,\"name\":\"Was ist die kurdische Frage, wann ist sie entstanden und wie kann sie gel\u00f6st werden?\"}]},{\"@type\":\"WebSite\",\"@id\":\"https:\/\/www.xn--krtler-3ya.com\/de#website\",\"url\":\"https:\/\/www.xn--krtler-3ya.com\/de\",\"name\":\"k\u00fcrtler\",\"description\":\"\",\"potentialAction\":[{\"@type\":\"SearchAction\",\"target\":{\"@type\":\"EntryPoint\",\"urlTemplate\":\"https:\/\/www.xn--krtler-3ya.com\/de?s={search_term_string}\"},\"query-input\":{\"@type\":\"PropertyValueSpecification\",\"valueRequired\":true,\"valueName\":\"search_term_string\"}}],\"inLanguage\":\"de\"},{\"@type\":\"Person\",\"@id\":\"https:\/\/www.xn--krtler-3ya.com\/de#\/schema\/person\/6bcd5bbe2e1493cacc77180c1bd84881\",\"name\":\"admin\",\"image\":{\"@type\":\"ImageObject\",\"inLanguage\":\"de\",\"@id\":\"https:\/\/www.xn--krtler-3ya.com\/de#\/schema\/person\/image\/\",\"url\":\"https:\/\/www.xn--krtler-3ya.com\/wp-content\/litespeed\/avatar\/de8faab9da60e77876a3fba9edd82f20.jpg?ver=1777431259\",\"contentUrl\":\"https:\/\/www.xn--krtler-3ya.com\/wp-content\/litespeed\/avatar\/de8faab9da60e77876a3fba9edd82f20.jpg?ver=1777431259\",\"caption\":\"admin\"},\"sameAs\":[\"https:\/\/kora24.de\"],\"url\":\"https:\/\/www.xn--krtler-3ya.com\/de\/author\/youssef\"}]}<\/script>\n<!-- \/ Yoast SEO plugin. -->","yoast_head_json":{"title":"Was ist die kurdische Frage, wann ist sie entstanden und wie kann sie gel\u00f6st werden? - Mit Liebe gebastelt","robots":{"index":"index","follow":"follow","max-snippet":"max-snippet:-1","max-image-preview":"max-image-preview:large","max-video-preview":"max-video-preview:-1"},"canonical":"https:\/\/www.xn--krtler-3ya.com\/de\/was-ist-die-kurdische-frage-wann-ist-sie-entstanden-und-wie-kann-sie-geloest-werden.html","og_locale":"de_DE","og_type":"article","og_title":"Was ist die kurdische Frage, wann ist sie entstanden und wie kann sie gel\u00f6st werden? - Mit Liebe gebastelt","og_description":"Zun\u00e4chst einmal gibt es diejenigen, die das, was wir die kurdische Frage nennen, auf unterschiedliche Weise angehen. Es wird auch&#8222;die Frage der Rechte und Freiheiten oder die Frage des Terrorismus&#8220; genannt.Was ist also die kurdische Frage wirklich? Die kurdische Frage ist ein &#8220; &#8222;Terrorismusproblem&#8220; oder &#8222;Problem der Rechte und Freiheiten ? Was ist die kurdische &hellip;","og_url":"https:\/\/www.xn--krtler-3ya.com\/de\/was-ist-die-kurdische-frage-wann-ist-sie-entstanden-und-wie-kann-sie-geloest-werden.html","og_site_name":"Mit Liebe gebastelt","article_published_time":"2015-12-15T15:49:00+00:00","og_image":[{"width":590,"height":392,"url":"https:\/\/www.xn--krtler-3ya.com\/wp-content\/uploads\/2015\/12\/kurt-sorunu-nedir-nasil-cozulur.jpg","type":"image\/jpeg"}],"author":"admin","twitter_card":"summary_large_image","twitter_misc":{"Verfasst von":"admin","Gesch\u00e4tzte Lesezeit":"7\u00a0Minuten"},"schema":{"@context":"https:\/\/schema.org","@graph":[{"@type":"WebPage","@id":"https:\/\/www.xn--krtler-3ya.com\/de\/was-ist-die-kurdische-frage-wann-ist-sie-entstanden-und-wie-kann-sie-geloest-werden.html","url":"https:\/\/www.xn--krtler-3ya.com\/de\/was-ist-die-kurdische-frage-wann-ist-sie-entstanden-und-wie-kann-sie-geloest-werden.html","name":"Was ist die kurdische Frage, wann ist sie entstanden und wie kann sie gel\u00f6st werden? - Mit Liebe gebastelt","isPartOf":{"@id":"https:\/\/www.xn--krtler-3ya.com\/de#website"},"primaryImageOfPage":{"@id":"https:\/\/www.xn--krtler-3ya.com\/de\/was-ist-die-kurdische-frage-wann-ist-sie-entstanden-und-wie-kann-sie-geloest-werden.html#primaryimage"},"image":{"@id":"https:\/\/www.xn--krtler-3ya.com\/de\/was-ist-die-kurdische-frage-wann-ist-sie-entstanden-und-wie-kann-sie-geloest-werden.html#primaryimage"},"thumbnailUrl":"https:\/\/www.xn--krtler-3ya.com\/wp-content\/uploads\/2015\/12\/kurt-sorunu-nedir-nasil-cozulur.jpg","datePublished":"2015-12-15T15:49:00+00:00","dateModified":"2015-12-15T15:49:00+00:00","author":{"@id":"https:\/\/www.xn--krtler-3ya.com\/de#\/schema\/person\/6bcd5bbe2e1493cacc77180c1bd84881"},"breadcrumb":{"@id":"https:\/\/www.xn--krtler-3ya.com\/de\/was-ist-die-kurdische-frage-wann-ist-sie-entstanden-und-wie-kann-sie-geloest-werden.html#breadcrumb"},"inLanguage":"de","potentialAction":[{"@type":"ReadAction","target":["https:\/\/www.xn--krtler-3ya.com\/de\/was-ist-die-kurdische-frage-wann-ist-sie-entstanden-und-wie-kann-sie-geloest-werden.html"]}]},{"@type":"ImageObject","inLanguage":"de","@id":"https:\/\/www.xn--krtler-3ya.com\/de\/was-ist-die-kurdische-frage-wann-ist-sie-entstanden-und-wie-kann-sie-geloest-werden.html#primaryimage","url":"https:\/\/www.xn--krtler-3ya.com\/wp-content\/uploads\/2015\/12\/kurt-sorunu-nedir-nasil-cozulur.jpg","contentUrl":"https:\/\/www.xn--krtler-3ya.com\/wp-content\/uploads\/2015\/12\/kurt-sorunu-nedir-nasil-cozulur.jpg","width":590,"height":392},{"@type":"BreadcrumbList","@id":"https:\/\/www.xn--krtler-3ya.com\/de\/was-ist-die-kurdische-frage-wann-ist-sie-entstanden-und-wie-kann-sie-geloest-werden.html#breadcrumb","itemListElement":[{"@type":"ListItem","position":1,"name":"Startseite","item":"https:\/\/www.xn--krtler-3ya.com\/de"},{"@type":"ListItem","position":2,"name":"Was ist die kurdische Frage, wann ist sie entstanden und wie kann sie gel\u00f6st werden?"}]},{"@type":"WebSite","@id":"https:\/\/www.xn--krtler-3ya.com\/de#website","url":"https:\/\/www.xn--krtler-3ya.com\/de","name":"k\u00fcrtler","description":"","potentialAction":[{"@type":"SearchAction","target":{"@type":"EntryPoint","urlTemplate":"https:\/\/www.xn--krtler-3ya.com\/de?s={search_term_string}"},"query-input":{"@type":"PropertyValueSpecification","valueRequired":true,"valueName":"search_term_string"}}],"inLanguage":"de"},{"@type":"Person","@id":"https:\/\/www.xn--krtler-3ya.com\/de#\/schema\/person\/6bcd5bbe2e1493cacc77180c1bd84881","name":"admin","image":{"@type":"ImageObject","inLanguage":"de","@id":"https:\/\/www.xn--krtler-3ya.com\/de#\/schema\/person\/image\/","url":"https:\/\/www.xn--krtler-3ya.com\/wp-content\/litespeed\/avatar\/de8faab9da60e77876a3fba9edd82f20.jpg?ver=1777431259","contentUrl":"https:\/\/www.xn--krtler-3ya.com\/wp-content\/litespeed\/avatar\/de8faab9da60e77876a3fba9edd82f20.jpg?ver=1777431259","caption":"admin"},"sameAs":["https:\/\/kora24.de"],"url":"https:\/\/www.xn--krtler-3ya.com\/de\/author\/youssef"}]}},"amp_enabled":true,"_links":{"self":[{"href":"https:\/\/www.xn--krtler-3ya.com\/de\/wp-json\/wp\/v2\/posts\/29211","targetHints":{"allow":["GET"]}}],"collection":[{"href":"https:\/\/www.xn--krtler-3ya.com\/de\/wp-json\/wp\/v2\/posts"}],"about":[{"href":"https:\/\/www.xn--krtler-3ya.com\/de\/wp-json\/wp\/v2\/types\/post"}],"author":[{"embeddable":true,"href":"https:\/\/www.xn--krtler-3ya.com\/de\/wp-json\/wp\/v2\/users\/1"}],"replies":[{"embeddable":true,"href":"https:\/\/www.xn--krtler-3ya.com\/de\/wp-json\/wp\/v2\/comments?post=29211"}],"version-history":[{"count":0,"href":"https:\/\/www.xn--krtler-3ya.com\/de\/wp-json\/wp\/v2\/posts\/29211\/revisions"}],"wp:featuredmedia":[{"embeddable":true,"href":"https:\/\/www.xn--krtler-3ya.com\/de\/wp-json\/wp\/v2\/media\/26546"}],"wp:attachment":[{"href":"https:\/\/www.xn--krtler-3ya.com\/de\/wp-json\/wp\/v2\/media?parent=29211"}],"wp:term":[{"taxonomy":"category","embeddable":true,"href":"https:\/\/www.xn--krtler-3ya.com\/de\/wp-json\/wp\/v2\/categories?post=29211"},{"taxonomy":"post_tag","embeddable":true,"href":"https:\/\/www.xn--krtler-3ya.com\/de\/wp-json\/wp\/v2\/tags?post=29211"}],"curies":[{"name":"wp","href":"https:\/\/api.w.org\/{rel}","templated":true}]}}