{"id":29215,"date":"2015-12-13T20:28:00","date_gmt":"2015-12-13T20:28:00","guid":{"rendered":"https:\/\/www.xn--krtler-3ya.com\/was-hat-die-kurdenphobie-jahrelang-aufgeschoben.html"},"modified":"2015-12-13T20:28:00","modified_gmt":"2015-12-13T20:28:00","slug":"was-hat-die-kurdenphobie-jahrelang-aufgeschoben","status":"publish","type":"post","link":"https:\/\/www.xn--krtler-3ya.com\/de\/was-hat-die-kurdenphobie-jahrelang-aufgeschoben.html","title":{"rendered":"Was hat die &#8222;Kurdenphobie&#8220; jahrelang aufgeschoben?"},"content":{"rendered":"<p>Ein Artikel, den Sie unbedingt lesen sollten. <strong>Empathie<\/strong> ist ein Artikel voller Informationen<\/p>\n<p><strong><span style=\"color: #ff0000;\">Was hat die &#8222;Kurdenphobie&#8220; jahrelang aufgeschoben? <\/span><\/strong><\/p>\n<p>Die <b>Kurden<\/b>, mit denen im Laufe der Geschichte Schulter an Schulter Siege errungen wurden, sind <b>von den T\u00fcrken<\/b> leider <b>nie als Verwandte oder Kameraden anerkannt worden.<\/b> <b>Der wahre Grund f\u00fcr das Ignorieren der Tatsache, dass Kurden schon vor den T\u00fcrken in Anatolien lebten, wie es von t\u00fcrkischen Historikern akzeptiert wird, ist in Wirklichkeit die &#8218;Kurdenphobie&#8216; in der t\u00fcrkischen Staatstradition<\/b>.<\/p>\n<p><b>Aus diesem Grund waren die T\u00fcrken, die Aserbaidschaner, T\u00fcrken und Bosnier als &#8218;Verwandte&#8216; mit ruhigem Gewissen akzeptieren k\u00f6nnen, zu keiner Zeit in der Geschichte in der Lage, die Kurden als &#8218;Verwandte&#8216; zu akzeptieren und haben ihre Beziehungen zu den Kurden immer mit einer seltsamen Verwandtschaft wie &#8218;das ungezogene Kind des Hauses&#8216; beschrieben, was auf eine Weise als beleidigend und auf eine andere als niedlich angesehen werden kann.<\/b><\/p>\n<p>Im Laufe der Geschichte hat <b>der Vater Staat<\/b> <b>das kurdische Volk<\/b> sowohl gestreichelt als auch unter den Scheffel gestellt. <b>Wenn der Vater Staat es wollte<\/b>,<b>sagte<\/b> er<b>&#8211; Mein kurdischer Bruder, mit dem wir<\/b> Schulter<b>an Schulter dieses Heimatland gerettet haben -, aber sobald er das geringste kurdische Gejammer sah,<\/b><b>charakterisierte er den Kurden als Verr\u00e4ter, Terrorist, Ignorant und sogar als Hinterw\u00e4ldler &#8211;<\/b><b>als Ausdruck seiner bekannten Kurdenphobie<\/b>.<b>W\u00e4hrend<\/b> <b>der Vater Staat<\/b><b>die V\u00f6lker der so genannten &#8222;T\u00fcrkischen Republiken&#8220;, die nichts gemeinsam haben (au\u00dfer dem Wort &#8222;T\u00fcrke&#8220;), umarmt hat, wurde das kurdische Volk oder die kurdischen F\u00fcrstent\u00fcmer, mit denen er als sein eigener B\u00fcrger, als erster Besitzer dieser L\u00e4ndereien und als Hauptarchitekt der Heimat der T\u00fcrken in Anatolien schicksalhaft zusammenarbeitet, immer als Gefahr, als Rebell und als Stiefkind betrachtet<\/b>. Ich k\u00f6nnte in dieser Kolumne viele Dinge aufz\u00e4hlen, die diese Argumente untermauern, wie z.B. die Revolution von 1980 und die <b>unmenschlichen Massaker und Assimilierungen von Kurden und Aleviten <\/b>danach, aber das ist nicht n\u00f6tig, ich werde einfach versuchen, die letzten Jahre auf meine Weise zusammenzufassen. Wenn wir jemanden als Verwandten oder Kameraden bezeichnen m\u00fcssen, dann <b>sind die Kurden die Kameraden, auf die diese Beschreibung noch vor den Aseris oder Bosniern<\/b> zutrifft. Wenn es darum geht, jemandem logistische und alle Arten von Unterst\u00fctzung zu geben, um die Vorherrschaft in den L\u00e4ndern zu erlangen, in denen er sich befindet, sind die Kurden die ersten, die unterst\u00fctzt werden. Wenn unser Land von einem fremden Land angegriffen wird, sind die Kurden die Ersten, die dieses Land mit uns verteidigen. (Wie viele Aserbaidschaner, Bosnier oder T\u00fcrken haben damals Seite an Seite mit uns gek\u00e4mpft? Verwandtschaft ist nicht in Worten zu fassen, Herr! ) Der Vater Staat muss nun die Tatsache akzeptieren und verdauen, dass die Kurden zusammen mit den T\u00fcrken die urspr\u00fcnglichen Eigent\u00fcmer dieser L\u00e4nder sind und eine entsprechende Politik festlegen. Kurden sind keine &#8222;ungezogenen Kinder dieses Hauses&#8220;, sie sind die urspr\u00fcnglichen und unver\u00e4nderlichen Besitzer dieses Landes, genau wie die T\u00fcrken! Wenn Sie sich erinnern, hat die T\u00fcrkei vor einiger Zeit eine Entspannungspolitik mit Armenien beschlossen und der damalige Pr\u00e4sident Abdullah G\u00dcL reiste nach Armenien und der Wind der herzlichen Nachbarschaft begann zu wehen. Und die erste gro\u00dfe Reaktion darauf kam sofort aus Aserbaidschan, das wir als verwandt bezeichnen. Aserbaidschan hat am selben Tag Folgendes getan: 1. t\u00fcrkische Flaggen wurden in vielen Teilen des Landes abgeh\u00e4ngt und t\u00fcrkische Flaggen wurden in mehreren Teilen Aserbaidschans verbrannt, 2. die aserbaidschanische Regierung stoppte sofort den Fluss von Erdgas in die T\u00fcrkei unter einigen Vorw\u00e4nden, verlangte eine Erh\u00f6hung, und am selben Tag kam der russische F\u00fchrer Putin zusammen und unterzeichnete einige Abkommen, die die T\u00fcrkei als Vergeltung immer abgelehnt hat. Mit anderen Worten, in einem kleinen Interessenkonflikt haben uns die Aseris, die man Landsleute nennt, sozusagen sofort verraten und wir haben das Klima des Friedens, das sich mit Armenien bilden k\u00f6nnte, verdr\u00e4ngt, nur damit die Aseris nicht beleidigt sind, den Gasfluss nicht mit Drohungen stoppen und nicht weiterhin unsere Flagge verbrennen. Ich habe Sie nicht daran erinnert, um die Aseris zu verunglimpfen. Worauf ich hinaus will, ist Folgendes: Wenn Sie den Riegel der Au\u00dfent\u00fcr als Cognate bezeichnen, jahrelang unbegrenzte Unterst\u00fctzung in Form von Waffen, Logistik und in vielen Bereichen gew\u00e4hren und auf der anderen Seite die Kurden, die die urspr\u00fcnglichen Partner der Heimat sind, als Terroristen, Rebellen, potentielle Kriminelle, als Staat behandeln, beginnt das kurdische Volk, Ihre Aufrichtigkeit in Frage zu stellen und Ihre Gerechtigkeit und Demokratie als unzureichend zu betrachten. Sie werden nicht l\u00e4nger zulassen, dass Sie sich als eine \u00fcberlegene Ethnie betrachten und ihre Ehre dem\u00fctigen, verachten, t\u00f6ten und verletzen!<\/p>\n<p>Aus diesem Grund gab es im Laufe der Geschichte viele gro\u00dfe und kleine kurdische Revolten, und die PKK ist als Manifestation der Revolte gegen diese dem\u00fctigende, qu\u00e4lende und assimilierende Staatstradition entstanden. Seit 35 Jahren w\u00e4chst diese Organisation Tag f\u00fcr Tag, und mit ihrem Wachstum ist auch die Zahl der Menschen, die an sie glauben und sie unterst\u00fctzen, von Hunderttausenden auf Millionen gestiegen. Kurden und sogar T\u00fcrken, die diese Organisation zuvor als terroristische Organisation wahrgenommen und akzeptiert hatten, begannen allm\u00e4hlich ihre Urteile \u00fcber die PKK zugunsten der Organisation zu \u00e4ndern, als sie von den ungekl\u00e4rten Morden und Massakern des Staates erfuhren und die Fakten sahen. Als dann im <strong>Jahr 2002<\/strong> Tayyip Erdo\u011fan und sein Stab, der mit seinen Reden gro\u00dfe Unterst\u00fctzung aus allen Segmenten erhielt, an die Macht kamen, keimte im ganzen Land die Hoffnung auf, dass dieser Bruderkrieg beendet und die T\u00fcren f\u00fcr einen demokratischen Wandel weit aufgesto\u00dfen werden w\u00fcrden. In seinen ersten 5 Jahren an der Macht waren Tayyip Erdo\u011fan und die AKP-Regierung diejenigen, die einen Wandel und demokratische Schritte herbeif\u00fchrten, die keine Regierung oder kein F\u00fchrer zu tun oder auch nur zu sagen gewagt hatte. Doch Tayyip Bey und die AKP-Regierung, die mit ihren Aktionen und demokratischen Schritten von gro\u00dfen Massen unterst\u00fctzt wurde, verlangsamten und verw\u00e4sserten allm\u00e4hlich die Demokratisierungsbewegung, die als &#8222;L\u00f6sungsprozess&#8220; bezeichnet wird, ein wenig aus Angst, die Stimmen der nationalistischen Basis zu verlieren. Als die AKP, die alle staatlichen Institutionen, insbesondere den Nationalen Geheimdienst (MIT) und die t\u00fcrkischen Streitkr\u00e4fte (TSK), in den Hinterhof einer politischen Partei verwandelte, st\u00e4rker wurde, ignorierte sie den Friedensprozess und wurde und wird als Ausl\u00f6ser einiger tiefer und ungel\u00f6ster Todesf\u00e4lle wahrgenommen, die bei den Kurden von Zeit zu Zeit schmerzhafte Spuren hinterlassen, wie das &#8222;Roboski-Massaker und die blutigen Proteste vom 7. und 8. Oktober&#8220;. Wieder einmal wurde die &#8222;Kurdenphobie&#8220;, die seit 100 Jahren nicht vergangen oder beendet ist, wiederbelebt, und das, obwohl das Land dem Frieden und der Br\u00fcderlichkeit so nahe war. W\u00e4hrend der Frieden in greifbarer N\u00e4he war, hatte sich wieder jemand abgewandt, aber diesmal war es definitiv nicht das kurdische Volk oder \u00d6CALAN oder die PKK, es war wieder unser &#8222;STAATSVATER&#8220;, der unterdr\u00fcckt, verachtet, schl\u00e4gt und t\u00f6tet&#8230;! W\u00e4hrend auf der einen Seite Friedensgespr\u00e4che mit der PKK und \u00d6calan gef\u00fchrt werden, werden auf der anderen Seite in Orten wie Cizre und Silopi ein oder mehrere kurdische Kinder get\u00f6tet, manchmal sogar t\u00e4glich, und aus irgendeinem Grund ist es dem Staatsvater noch immer nicht gelungen, die M\u00f6rder zu finden, die den Abzug bet\u00e4tigt haben, obwohl sich herausgestellt hat, dass die bei diesen Morden verwendeten Waffen in der Bilanz des Staates registriert sind! Und vor kurzem haben sich die kurdische Bewegung und ihre Komponenten aufgrund der Parlamentswahlen unter dem Dach der HDP zusammengeschlossen, ohne einen einzigen Cent Unterst\u00fctzung vom Staatsvater zu erhalten, obwohl sie w\u00e4hrend der Wahlkampagnen zahlreichen Angriffen und Bombenanschl\u00e4gen ausgesetzt waren, ohne sich all den Beleidigungen, Verleumdungen und Verschw\u00f6rungen der AKP und Tayyip Erdo\u011fan zu beugen, trotz schwerer Kosten wie der A\u011fr\u0131 Diyadin-Provokation, ist es der HDP gelungen, der gr\u00f6\u00dfte Held der Parlamentswahlen vom 7. Juni zu werden. Mit dem \u00dcberwinden der 10-Prozent-H\u00fcrde hat die HDP nicht nur die Kurden, sondern die gesamte T\u00fcrkei vor dem Abgrund bewahrt und sich in unserer politischen Geschichte als eine Partei verewigt, die zum ersten Mal Menschen vieler Religionen und Ethnien, von den Armeniern bis zu den Yeziden, in der Gro\u00dfen Nationalversammlung der T\u00fcrkei vertreten hat. Zum ersten Mal freuten sich sogar die T\u00fcrken, dass eine kurdische Partei die Schwelle \u00fcberschritten hatte, obwohl die &#8222;Kurdenphobie&#8220; in ihren K\u00f6pfen immer noch vorhanden war! W\u00e4hrend all diese Entwicklungen stattfanden, kam hinter dem Vorhang etwas von dem Schmutz eines blutigen Spiels zum Vorschein, das seit einigen Jahren gespielt wird. Der Verdacht, dass zwischen der <b>AKP <\/b>und dem Blutvampir namens <b>ISIS<\/b> etwas geplant ist, verwandelt sich allm\u00e4hlich in konkrete Daten.<\/p>\n<p><b>Angesichts der Gest\u00e4ndnisse von ISIS-Mitgliedern<\/b>, die von der <b>PYD<\/b> gefangen genommen wurden <b>, und der t\u00fcrkischen P\u00e4sse, die bei ihnen gefunden wurden, sowie der Tatsache, dass die 3 ISIS-Mitglieder, die vor 2 Wochen in Izmir gefangen genommen wurden, Mitglieder der AKP-Organisation in Izmir waren, sollte es f\u00fcr uns ganz normal sein, auf die Idee zu kommen, dass Tayyip Bey und seine Untergebenen ISIS unterst\u00fctzen, nur um die PKK und die Kurden zu t\u00f6ten<\/b>. Denn vor allem als <b>ISIS<\/b> st\u00e4rker wurde, begannen <b>Tayyip Bey<\/b> und seine Regierung immer h\u00e4ufiger und lauter Erkl\u00e4rungen abzugeben wie<b>&#8222;Die PKK sollte ihre Waffen sofort niederlegen<\/b>&#8222;. Aber was steckte hinter diesem<b>&#8222;Die PKK sollte ihre Waffen sofort niederlegen<\/b>&#8222;, wenn <b>die PKK<\/b> seit zwei Jahren keine bewaffneten oder t\u00f6dlichen Aktionen in der T\u00fcrkei unternommen hat? Wenn <b>die PKK<\/b> ihre Waffen niedergelegt h\u00e4tte, h\u00e4tten <b>ISIS<\/b> auf der einen Seite und die<b> t\u00fcrkischen Streit<\/b> kr\u00e4fte auf der anderen Seite <b>in kurzer Zeit und nach Belieben sowohl die PKK-Guerilla als auch andere unschuldige Menschen in der Region massakriert<\/b>. <b>Nat\u00fcrlich h\u00e4tten sich Erdo\u011fan und die AKP in der Zwischenzeit die nationalistischen Stimmen im Land gesichert, und ich denke, sie h\u00e4tten dieses Buch mit unaufrichtigen Erkl\u00e4rungen wie &#8218;wir haben alles f\u00fcr den Frieden getan, aber die ISIS hat die PKK-Mitglieder massakriert&#8216; gegen\u00fcber dem kurdischen Volk geschlossen<\/b>. Vielleicht w\u00fcrden sie nach einer Weile 4 Fliegen mit einer Klappe schlagen, indem sie <b>\u00d6calan\u0131<\/b> unter Auflagen freilassen, nur um <b>die Kurden<\/b>zu t\u00e4uschen.<\/p>\n<p>All dies sind die Schlussfolgerungen, zu denen ich gekommen bin, nachdem ich den allgemeinen Charakter von <b>Erdo\u011fan<\/b> und der <b>AKP<\/b>analysiert habe, ohne ihre Sympathien f\u00fcr <b>ISIS<\/b>zu ignorieren, und die Puzzleteile eins nach dem anderen an ihren Platz gesetzt habe. Und ich behaupte!!.. H\u00e4tte die <b>HDP <\/b>die Wahlh\u00fcrde nicht genommen, w\u00e4re die T\u00fcrkei heute ein Spielball f\u00fcr schmutzige Spiele, bei denen der pers\u00f6nliche Ehrgeiz und das Sitz-Ego einiger Leute einen sehr hohen Preis zahlen w\u00fcrden&#8230; W\u00e4re die <b>HDP<\/b> nicht im Parlament, g\u00e4be es kein Hindernis f\u00fcr die Bildung einer neuen Regierung oder einer Koalition im Fahrwasser dieser korrupten Parteien des Systems. Die Wahlergebnisse und die Realit\u00e4t der <b>HDP<\/b> sind noch nicht ganz verdaut, weshalb die Mitarbeiter der<b> MHP<\/b> und der <b>AKP <\/b>immer lauter rufen <b>: &#8222;Lasst uns zu vorgezogenen Wahlen gehen<\/b>&#8222;. Irgendwie erwarte ich in den kommenden Tagen neue \u00dcberraschungen, insbesondere im Zusammenhang mit der <b>T\u00fcrkei-ISIS <\/b>und dem <b>MIT<\/b>.<\/p>\n<p><b>Lassen Sie mich diese Kolumne mit einem Versuch der Empathie beenden<\/b>. Lassen Sie uns alle die Augen schlie\u00dfen und versuchen, die Kurden f\u00fcr einen Moment zu verstehen. 1. <b>Nehmen wir zum Beispiel an, dass die Kurden den Namen der T\u00fcrkei in &#8222;Kurdistan&#8220; ge\u00e4ndert haben.<\/b> 2. <b>Nehmen wir an, dass sie statt unserer Flagge mit dem Mondstern die Fahnen (kesk&#8217;u sor&#8217;u zer) gehisst haben, an die sie seit der anatolischen Seldschukenzeit glauben,<\/b> 3.<b> Und nehmen wir an, dass sie \u00fcberall auf Berge und Steine &#8222;HAPLU K\u00dcRD\u00dcM D\u0130YENE&#8220; geschrieben haben,<\/b> 4.<b> Und nehmen wir an, dass sie uns sagen, dass &#8222;unsere Amtssprache Kurdisch ist&#8220; und unsere Muttersprachen nicht als Menschen behandeln,<\/b><\/p>\n<p><b><br \/>\n<\/b><br \/>\n<b>Ich glaube, die meisten von Ihnen haben im 1. Artikel unseres Empathie-Essays aufgegeben, Sie konnten es nicht einmal annehmen!<\/b><\/p>\n<p><b>Ich versuche nicht, zwischen Kurden oder T\u00fcrken zu diskriminieren, aber<\/b> ich kann nicht ignorieren, dass es ein Problem gibt, das gel\u00f6st werden muss und seit Jahren nicht gel\u00f6st worden ist.<br \/>\n&#8222;Wir werden nur unsere W\u00fcrde mit ins Grab nehmen, wir werden alles andere auf der Welt zur\u00fccklassen und sanft sterben&#8230;!&#8220;<\/p>\n<p><b><a href=\"http:\/\/www.siirtnews.com\/yazar-282-_kurt_fobisi__yillarca_neleri_erteletti_.html\" target=\"_blank\" rel=\"noopener noreferrer\">Ferit Yuksek Siirtnews.com<\/a><\/b><\/p>\n","protected":false},"excerpt":{"rendered":"<p>Ein Artikel, den Sie unbedingt lesen sollten. Empathie ist ein Artikel voller Informationen Was hat die &#8222;Kurdenphobie&#8220; jahrelang aufgeschoben? Die Kurden, mit denen im Laufe der Geschichte Schulter an Schulter Siege errungen wurden, sind von den T\u00fcrken leider nie als Verwandte oder Kameraden anerkannt worden. Der wahre Grund f\u00fcr das Ignorieren der Tatsache, dass Kurden &hellip;<\/p>\n","protected":false},"author":1,"featured_media":26539,"comment_status":"open","ping_status":"closed","sticky":false,"template":"","format":"standard","meta":{"footnotes":""},"categories":[6127,6116],"tags":[6120,6179,6025,6178,6177],"class_list":["post-29215","post","type-post","status-publish","format-standard","has-post-thumbnail","hentry","category-aktuell","category-analyse","tag-burschenschaft","tag-kurden-und-turken","tag-kurden-de","tag-sind-die-kurden-separatisten","tag-was-ist-kurdenphobie"],"yoast_head":"<!-- This site is optimized with the Yoast SEO plugin v23.7 - https:\/\/yoast.com\/wordpress\/plugins\/seo\/ -->\n<title>Was hat die &quot;Kurdenphobie&quot; jahrelang aufgeschoben? - Mit Liebe gebastelt<\/title>\n<meta name=\"robots\" content=\"index, follow, max-snippet:-1, max-image-preview:large, max-video-preview:-1\" \/>\n<link rel=\"canonical\" href=\"https:\/\/www.xn--krtler-3ya.com\/de\/was-hat-die-kurdenphobie-jahrelang-aufgeschoben.html\" \/>\n<meta property=\"og:locale\" content=\"de_DE\" \/>\n<meta property=\"og:type\" content=\"article\" \/>\n<meta property=\"og:title\" content=\"Was hat die &quot;Kurdenphobie&quot; jahrelang aufgeschoben? - Mit Liebe gebastelt\" \/>\n<meta property=\"og:description\" content=\"Ein Artikel, den Sie unbedingt lesen sollten. Empathie ist ein Artikel voller Informationen Was hat die &#8222;Kurdenphobie&#8220; jahrelang aufgeschoben? Die Kurden, mit denen im Laufe der Geschichte Schulter an Schulter Siege errungen wurden, sind von den T\u00fcrken leider nie als Verwandte oder Kameraden anerkannt worden. Der wahre Grund f\u00fcr das Ignorieren der Tatsache, dass Kurden &hellip;\" \/>\n<meta property=\"og:url\" content=\"https:\/\/www.xn--krtler-3ya.com\/de\/was-hat-die-kurdenphobie-jahrelang-aufgeschoben.html\" \/>\n<meta property=\"og:site_name\" content=\"Mit Liebe gebastelt\" \/>\n<meta property=\"article:published_time\" content=\"2015-12-13T20:28:00+00:00\" \/>\n<meta name=\"author\" content=\"admin\" \/>\n<meta name=\"twitter:card\" content=\"summary_large_image\" \/>\n<meta name=\"twitter:label1\" content=\"Verfasst von\" \/>\n\t<meta name=\"twitter:data1\" content=\"admin\" \/>\n\t<meta name=\"twitter:label2\" content=\"Gesch\u00e4tzte Lesezeit\" \/>\n\t<meta name=\"twitter:data2\" content=\"10\u00a0Minuten\" \/>\n<script type=\"application\/ld+json\" class=\"yoast-schema-graph\">{\"@context\":\"https:\/\/schema.org\",\"@graph\":[{\"@type\":\"WebPage\",\"@id\":\"https:\/\/www.xn--krtler-3ya.com\/de\/was-hat-die-kurdenphobie-jahrelang-aufgeschoben.html\",\"url\":\"https:\/\/www.xn--krtler-3ya.com\/de\/was-hat-die-kurdenphobie-jahrelang-aufgeschoben.html\",\"name\":\"Was hat die \\\"Kurdenphobie\\\" jahrelang aufgeschoben? - Mit Liebe gebastelt\",\"isPartOf\":{\"@id\":\"https:\/\/www.xn--krtler-3ya.com\/de#website\"},\"primaryImageOfPage\":{\"@id\":\"https:\/\/www.xn--krtler-3ya.com\/de\/was-hat-die-kurdenphobie-jahrelang-aufgeschoben.html#primaryimage\"},\"image\":{\"@id\":\"https:\/\/www.xn--krtler-3ya.com\/de\/was-hat-die-kurdenphobie-jahrelang-aufgeschoben.html#primaryimage\"},\"thumbnailUrl\":\"https:\/\/www.xn--krtler-3ya.com\/wp-content\/uploads\/2015\/12\/kurt-fobisi-neler-kaybettirdi.jpg\",\"datePublished\":\"2015-12-13T20:28:00+00:00\",\"dateModified\":\"2015-12-13T20:28:00+00:00\",\"author\":{\"@id\":\"https:\/\/www.xn--krtler-3ya.com\/de#\/schema\/person\/6bcd5bbe2e1493cacc77180c1bd84881\"},\"breadcrumb\":{\"@id\":\"https:\/\/www.xn--krtler-3ya.com\/de\/was-hat-die-kurdenphobie-jahrelang-aufgeschoben.html#breadcrumb\"},\"inLanguage\":\"de\",\"potentialAction\":[{\"@type\":\"ReadAction\",\"target\":[\"https:\/\/www.xn--krtler-3ya.com\/de\/was-hat-die-kurdenphobie-jahrelang-aufgeschoben.html\"]}]},{\"@type\":\"ImageObject\",\"inLanguage\":\"de\",\"@id\":\"https:\/\/www.xn--krtler-3ya.com\/de\/was-hat-die-kurdenphobie-jahrelang-aufgeschoben.html#primaryimage\",\"url\":\"https:\/\/www.xn--krtler-3ya.com\/wp-content\/uploads\/2015\/12\/kurt-fobisi-neler-kaybettirdi.jpg\",\"contentUrl\":\"https:\/\/www.xn--krtler-3ya.com\/wp-content\/uploads\/2015\/12\/kurt-fobisi-neler-kaybettirdi.jpg\",\"width\":660,\"height\":320},{\"@type\":\"BreadcrumbList\",\"@id\":\"https:\/\/www.xn--krtler-3ya.com\/de\/was-hat-die-kurdenphobie-jahrelang-aufgeschoben.html#breadcrumb\",\"itemListElement\":[{\"@type\":\"ListItem\",\"position\":1,\"name\":\"Startseite\",\"item\":\"https:\/\/www.xn--krtler-3ya.com\/de\"},{\"@type\":\"ListItem\",\"position\":2,\"name\":\"Was hat die &#8222;Kurdenphobie&#8220; jahrelang aufgeschoben?\"}]},{\"@type\":\"WebSite\",\"@id\":\"https:\/\/www.xn--krtler-3ya.com\/de#website\",\"url\":\"https:\/\/www.xn--krtler-3ya.com\/de\",\"name\":\"k\u00fcrtler\",\"description\":\"\",\"potentialAction\":[{\"@type\":\"SearchAction\",\"target\":{\"@type\":\"EntryPoint\",\"urlTemplate\":\"https:\/\/www.xn--krtler-3ya.com\/de?s={search_term_string}\"},\"query-input\":{\"@type\":\"PropertyValueSpecification\",\"valueRequired\":true,\"valueName\":\"search_term_string\"}}],\"inLanguage\":\"de\"},{\"@type\":\"Person\",\"@id\":\"https:\/\/www.xn--krtler-3ya.com\/de#\/schema\/person\/6bcd5bbe2e1493cacc77180c1bd84881\",\"name\":\"admin\",\"image\":{\"@type\":\"ImageObject\",\"inLanguage\":\"de\",\"@id\":\"https:\/\/www.xn--krtler-3ya.com\/de#\/schema\/person\/image\/\",\"url\":\"https:\/\/www.xn--krtler-3ya.com\/wp-content\/litespeed\/avatar\/de8faab9da60e77876a3fba9edd82f20.jpg?ver=1777431259\",\"contentUrl\":\"https:\/\/www.xn--krtler-3ya.com\/wp-content\/litespeed\/avatar\/de8faab9da60e77876a3fba9edd82f20.jpg?ver=1777431259\",\"caption\":\"admin\"},\"sameAs\":[\"https:\/\/kora24.de\"],\"url\":\"https:\/\/www.xn--krtler-3ya.com\/de\/author\/youssef\"}]}<\/script>\n<!-- \/ Yoast SEO plugin. -->","yoast_head_json":{"title":"Was hat die \"Kurdenphobie\" jahrelang aufgeschoben? - Mit Liebe gebastelt","robots":{"index":"index","follow":"follow","max-snippet":"max-snippet:-1","max-image-preview":"max-image-preview:large","max-video-preview":"max-video-preview:-1"},"canonical":"https:\/\/www.xn--krtler-3ya.com\/de\/was-hat-die-kurdenphobie-jahrelang-aufgeschoben.html","og_locale":"de_DE","og_type":"article","og_title":"Was hat die \"Kurdenphobie\" jahrelang aufgeschoben? - Mit Liebe gebastelt","og_description":"Ein Artikel, den Sie unbedingt lesen sollten. Empathie ist ein Artikel voller Informationen Was hat die &#8222;Kurdenphobie&#8220; jahrelang aufgeschoben? Die Kurden, mit denen im Laufe der Geschichte Schulter an Schulter Siege errungen wurden, sind von den T\u00fcrken leider nie als Verwandte oder Kameraden anerkannt worden. Der wahre Grund f\u00fcr das Ignorieren der Tatsache, dass Kurden &hellip;","og_url":"https:\/\/www.xn--krtler-3ya.com\/de\/was-hat-die-kurdenphobie-jahrelang-aufgeschoben.html","og_site_name":"Mit Liebe gebastelt","article_published_time":"2015-12-13T20:28:00+00:00","author":"admin","twitter_card":"summary_large_image","twitter_misc":{"Verfasst von":"admin","Gesch\u00e4tzte Lesezeit":"10\u00a0Minuten"},"schema":{"@context":"https:\/\/schema.org","@graph":[{"@type":"WebPage","@id":"https:\/\/www.xn--krtler-3ya.com\/de\/was-hat-die-kurdenphobie-jahrelang-aufgeschoben.html","url":"https:\/\/www.xn--krtler-3ya.com\/de\/was-hat-die-kurdenphobie-jahrelang-aufgeschoben.html","name":"Was hat die \"Kurdenphobie\" jahrelang aufgeschoben? - Mit Liebe gebastelt","isPartOf":{"@id":"https:\/\/www.xn--krtler-3ya.com\/de#website"},"primaryImageOfPage":{"@id":"https:\/\/www.xn--krtler-3ya.com\/de\/was-hat-die-kurdenphobie-jahrelang-aufgeschoben.html#primaryimage"},"image":{"@id":"https:\/\/www.xn--krtler-3ya.com\/de\/was-hat-die-kurdenphobie-jahrelang-aufgeschoben.html#primaryimage"},"thumbnailUrl":"https:\/\/www.xn--krtler-3ya.com\/wp-content\/uploads\/2015\/12\/kurt-fobisi-neler-kaybettirdi.jpg","datePublished":"2015-12-13T20:28:00+00:00","dateModified":"2015-12-13T20:28:00+00:00","author":{"@id":"https:\/\/www.xn--krtler-3ya.com\/de#\/schema\/person\/6bcd5bbe2e1493cacc77180c1bd84881"},"breadcrumb":{"@id":"https:\/\/www.xn--krtler-3ya.com\/de\/was-hat-die-kurdenphobie-jahrelang-aufgeschoben.html#breadcrumb"},"inLanguage":"de","potentialAction":[{"@type":"ReadAction","target":["https:\/\/www.xn--krtler-3ya.com\/de\/was-hat-die-kurdenphobie-jahrelang-aufgeschoben.html"]}]},{"@type":"ImageObject","inLanguage":"de","@id":"https:\/\/www.xn--krtler-3ya.com\/de\/was-hat-die-kurdenphobie-jahrelang-aufgeschoben.html#primaryimage","url":"https:\/\/www.xn--krtler-3ya.com\/wp-content\/uploads\/2015\/12\/kurt-fobisi-neler-kaybettirdi.jpg","contentUrl":"https:\/\/www.xn--krtler-3ya.com\/wp-content\/uploads\/2015\/12\/kurt-fobisi-neler-kaybettirdi.jpg","width":660,"height":320},{"@type":"BreadcrumbList","@id":"https:\/\/www.xn--krtler-3ya.com\/de\/was-hat-die-kurdenphobie-jahrelang-aufgeschoben.html#breadcrumb","itemListElement":[{"@type":"ListItem","position":1,"name":"Startseite","item":"https:\/\/www.xn--krtler-3ya.com\/de"},{"@type":"ListItem","position":2,"name":"Was hat die &#8222;Kurdenphobie&#8220; jahrelang aufgeschoben?"}]},{"@type":"WebSite","@id":"https:\/\/www.xn--krtler-3ya.com\/de#website","url":"https:\/\/www.xn--krtler-3ya.com\/de","name":"k\u00fcrtler","description":"","potentialAction":[{"@type":"SearchAction","target":{"@type":"EntryPoint","urlTemplate":"https:\/\/www.xn--krtler-3ya.com\/de?s={search_term_string}"},"query-input":{"@type":"PropertyValueSpecification","valueRequired":true,"valueName":"search_term_string"}}],"inLanguage":"de"},{"@type":"Person","@id":"https:\/\/www.xn--krtler-3ya.com\/de#\/schema\/person\/6bcd5bbe2e1493cacc77180c1bd84881","name":"admin","image":{"@type":"ImageObject","inLanguage":"de","@id":"https:\/\/www.xn--krtler-3ya.com\/de#\/schema\/person\/image\/","url":"https:\/\/www.xn--krtler-3ya.com\/wp-content\/litespeed\/avatar\/de8faab9da60e77876a3fba9edd82f20.jpg?ver=1777431259","contentUrl":"https:\/\/www.xn--krtler-3ya.com\/wp-content\/litespeed\/avatar\/de8faab9da60e77876a3fba9edd82f20.jpg?ver=1777431259","caption":"admin"},"sameAs":["https:\/\/kora24.de"],"url":"https:\/\/www.xn--krtler-3ya.com\/de\/author\/youssef"}]}},"amp_enabled":true,"_links":{"self":[{"href":"https:\/\/www.xn--krtler-3ya.com\/de\/wp-json\/wp\/v2\/posts\/29215","targetHints":{"allow":["GET"]}}],"collection":[{"href":"https:\/\/www.xn--krtler-3ya.com\/de\/wp-json\/wp\/v2\/posts"}],"about":[{"href":"https:\/\/www.xn--krtler-3ya.com\/de\/wp-json\/wp\/v2\/types\/post"}],"author":[{"embeddable":true,"href":"https:\/\/www.xn--krtler-3ya.com\/de\/wp-json\/wp\/v2\/users\/1"}],"replies":[{"embeddable":true,"href":"https:\/\/www.xn--krtler-3ya.com\/de\/wp-json\/wp\/v2\/comments?post=29215"}],"version-history":[{"count":0,"href":"https:\/\/www.xn--krtler-3ya.com\/de\/wp-json\/wp\/v2\/posts\/29215\/revisions"}],"wp:featuredmedia":[{"embeddable":true,"href":"https:\/\/www.xn--krtler-3ya.com\/de\/wp-json\/wp\/v2\/media\/26539"}],"wp:attachment":[{"href":"https:\/\/www.xn--krtler-3ya.com\/de\/wp-json\/wp\/v2\/media?parent=29215"}],"wp:term":[{"taxonomy":"category","embeddable":true,"href":"https:\/\/www.xn--krtler-3ya.com\/de\/wp-json\/wp\/v2\/categories?post=29215"},{"taxonomy":"post_tag","embeddable":true,"href":"https:\/\/www.xn--krtler-3ya.com\/de\/wp-json\/wp\/v2\/tags?post=29215"}],"curies":[{"name":"wp","href":"https:\/\/api.w.org\/{rel}","templated":true}]}}