{"id":29250,"date":"2015-11-29T18:31:00","date_gmt":"2015-11-29T18:31:00","guid":{"rendered":"https:\/\/www.xn--krtler-3ya.com\/woher-kommen-die-kurden.html"},"modified":"2015-11-29T18:31:00","modified_gmt":"2015-11-29T18:31:00","slug":"woher-kommen-die-kurden","status":"publish","type":"post","link":"https:\/\/www.xn--krtler-3ya.com\/de\/woher-kommen-die-kurden.html","title":{"rendered":"Woher kommen die Kurden?"},"content":{"rendered":"<p>Eines der meistgesuchten Themen \u00fcber <strong>Kurden<\/strong> bei Google ist &#8222;Kurden&#8220;. Woher kommen die Kurden?&#8220; ist der Titel. Wenn Sie nach<strong>&#8222;Woher kommen die Kurden<\/strong>&#8220; suchen, sto\u00dfen Sie auf &#8222;Artikel, die mit unsinnigen Informationen geschrieben wurden, Erkl\u00e4rungen von sogenannten B\u00fcchern, Kurden sind T\u00fcrken, Kurden kommen aus Zentralasien&#8220;. Als <a href=\"http:\/\/www.xn--krtler-3ya.com\/\" target=\"_blank\" rel=\"noopener noreferrer\">www.k\u00fcrtler.com<\/a> gegen die Informationsverschmutzung im Internet werden wir auch weiterhin die Wahrheit und Fakten ver\u00f6ffentlichen.<\/p>\n<h2><span style=\"color: #ff0000;\"><b>Omer Ozuyilmaz Gurmanj und der Unsinn des Buches \u00fcber den Ursprung der Kurden<\/b><\/span><\/h2>\n<p><b>Jahrelang haben sogenannte t\u00fcrkische Historiker B\u00fccher \u00fcber die Kurden mit l\u00e4cherlichen, unbegr\u00fcndeten und erfundenen Thesen geschrieben und eine unglaubliche Informationsverschmutzung verursacht.<\/b><\/p>\n<p>In <strong>\u00d6mer \u00d6z\u00fcy\u0131lmaz<\/strong>&#8218; Buch<strong>&#8218;Gurmanc <\/strong>und <strong>der Ursprung der Kurden&#8216;<\/strong> hat er <strong>die Kurden<\/strong> als alles andere als <strong>Kurden<\/strong> bezeichnet. Den B\u00fcchern, die von solchen Denkern geschrieben werden, sollte man nicht trauen und die Absichten derjenigen, die eine solche Propaganda betreiben, sollten bekannt sein.<\/p>\n<p>Wie wir schon immer gesagt haben, haben t\u00fcrkische Historiker nach der Gr\u00fcndung der Republik Thesen \u00fcber <strong>die Kurden<\/strong> aufgestellt, die im Osmanischen Reich in der Region<strong>Kurdistan<\/strong> lebten, mit denen sie in den Kriegen, die sie gemeinsam f\u00fchrten, Schulter an Schulter k\u00e4mpften und eine Politik der Verleugnung und Ignorierung der Kurden betrieben.<br \/>\nDiese Leute, die den Begriff <strong>Kurdistan<\/strong>, den Begriff <strong>Kurdistan Mebusu<\/strong>, benutzten, begannen nicht lange nach dem zweiten Parlament, sogar die Kurden zu leugnen, geschweige denn <strong>Kurdistan<\/strong>, und f\u00fchrten die Politik des &#8222;eine Art von T\u00fcrkentum, alle sind T\u00fcrken, der T\u00fcrke ist der Gr\u00f6\u00dfte&#8220; durch. Nat\u00fcrlich wurden die Kurden, die sich ihnen in den Weg stellten, massakriert, und auf der anderen Seite setzten sie mit den fabrizierten Thesen, die sie mit der Feder in B\u00fccher schrieben, die Politik der materiellen und moralischen Zerst\u00f6rung der Kurden in die Tat um.<\/p>\n<h2><strong><span style=\"color: #ff0000;\">Thesen t\u00fcrkischer Historiker \u00fcber Kurden<\/span><\/strong><\/h2>\n<p><b>T\u00fcrkische Historiker haben Kurden nicht als Kurden anerkannt. Wie?<\/b><\/p>\n<p><b>Die Ethnie, die sich Kurden nennt, sind eigentlich T\u00fcrken, es sind Bergt\u00fcrken. Sie werden Kurden genannt, weil sie, wenn sie in den Bergen auf dem Schnee laufen, &#8220;Kart Kurt&#8220;-Laute von sich geben, es gibt also keine Kurden, es sind T\u00fcrken.<\/b><\/p>\n<p>Diese absurde These begann in den 1930er Jahren und hielt bis in die 1980er Jahre an. Erinnern Sie sich an die Worte einer Frau in jener ereignisreichen Nacht, in der <strong>Ahmet Kaya<\/strong> gelyncht werden sollte: &#8222;So etwas wie ein kurdisches Volk gibt es nicht!&#8220; Dieser Unsinn wurde dem t\u00fcrkischen Volk und dem kurdischen Volk jahrelang beigebracht.<\/p>\n<p><span style=\"color: #ff0000;\"><strong>Andere unbegr\u00fcndete Thesen \u00fcber die Kurden;<\/strong><\/span><\/p>\n<p><b><\/b><b>Kurden sind Turanier,<\/b><br \/>\n<b><br \/>\n<\/b><b>Kurden sind Armenier.<\/b><br \/>\n<b><br \/>\n<\/b><b>Kurden sind Juden.<\/b><br \/>\n<b><br \/>\n<\/b><b>Kurden sind ein t\u00fcrkischer Volksstamm.<\/b><br \/>\n<b><br \/>\n<\/b><b>Kurden sind Hunnen<\/b>.<\/p>\n<h2><span style=\"color: #ff0000;\"><strong>Sie haben die Kurden von ihren Werten entfernt!<\/strong><\/span><\/h2>\n<p>Es ist interessant, dass es heute Millionen so genannter Kurden gibt, die <strong>ihre eigene<\/strong>Herkunft verleugnen <strong>, die nicht kurdisch sagen k\u00f6nnen<\/strong>, obwohl sie Kurden sind. Es wurden korrupte Generationen hervorgebracht, die es nicht einmal f\u00fcr n\u00f6tig halten, ihre muttersprachliche Kultur zu hinterfragen. Diese Politik wurde den<strong>Kurden<\/strong> durch die Erziehung eingeimpft und die Kurden wurden einer kulturellen Erosion unterworfen.<\/p>\n<p><strong><span style=\"color: #ff0000;\">Kurden existieren, aber&#8230; Unsinn<\/span><\/strong><\/p>\n<p>Nach der Widerlegung der These<strong>&#8222;Es gibt keine Kurden<\/strong>&#8222;, haben wir diesmal die These &#8222;Es gibt keine<strong>Kurden<\/strong>&#8222;. <strong>Es gibt Kurden, aber&#8230;<\/strong> Sie haben in der Fortsetzung verschiedene neue Thesen hinzugef\u00fcgt. Sie haben begonnen, neuen Unsinn zu produzieren wie &#8222;Es gibt<strong>Kurden<\/strong>, aber sie sind von diesem t\u00fcrkischen Stamm, es gibt Kurden, aber sie sind von dieser Nation&#8220;.<\/p>\n<p><span style=\"color: #3366ff;\"><strong>Und das war noch nicht alles!<\/strong><\/span><\/p>\n<p><b>Eine weitere Methode der t\u00fcrkischen Historiker, die Einheit der Kurden zu st\u00f6ren &#8220; Kurmanen sind keine Kurden&#8220;&#8220;&#8216; &#8222;Zazas sind keine Kurden<\/b><br \/>\n<b><br \/>\n<\/b><b>Die Wahrheit ist jedoch, dass diejenigen, die den Kurmandschi-Dialekt des Kurdischen verwenden, Kurmanc genannt werden und diejenigen, die den Zazaki-Dialekt verwenden, Zaza genannt werden.<\/b><br \/>\n<b><br \/>\n<\/b><b>Der Zweck dieser Anschuldigungen, die vor allem von kurdischen Gegnern wie Yusuf Halla\u00e7o\u011flu von Mhp vorgebracht werden, ist ganz klar: &#8222;Je mehr wir die Kurden spalten, desto mehr neutralisieren wir sie, desto mehr k\u00f6nnen wir sie zum Schweigen bringen&#8220;.<\/b><br \/>\n<b><br \/>\n<\/b><b>Aber in den letzten Jahren sehen wir, dass die Kurden ihre Geschichte wieder aufleben lassen und sich zu ihr bekennen. Bei den letzten Parlamentswahlen zum Beispiel haben sich die Kurden in der Geographie Kurdistans zusammengeschlossen und eine Rekordzahl an Stimmen erreicht, indem sie die Akp besiegten, die hinter der Hdp lag. <\/b><\/p>\n<h2><strong><span style=\"color: #ff0000;\">Woher kommen also diese Kurden?<br \/>\n<\/span><\/strong><\/h2>\n<p><b><\/b><b>Die Kurden leben in der Region, die in der Geographie Kurdistans genannt wird. Sie sind nicht aus fernen L\u00e4ndern von einem anderen Kontinent gekommen, zum Beispiel nicht aus Zentralasien. Sie haben seit Tausenden von Jahren in der Geographie Kurdistans gelebt und ihre Existenz fortgesetzt.<\/b><br \/>\n<b><br \/>\n<\/b><b>Aber heute werden die Kurden in den L\u00e4ndern, in denen sie seit Tausenden von Jahren leben, wie gefangene G\u00e4ste behandelt.<\/b><br \/>\n<b><br \/>\n<\/b><b>Einige t\u00fcrkische Historiker, die sich von der turkistischen Atat\u00fcrk-Hegemonie losgesagt haben, haben in den letzten Jahren echte Informationen \u00fcber die Kurden offengelegt und der \u00d6ffentlichkeit genaue Informationen vermittelt.<\/b><\/p>\n<p>Zum Beispiel; Metin H\u00fclag\u00fc, Pr\u00e4sident der T\u00fcrkischen Historischen Gesellschaft &#8220; <a style=\"font-size: x-large; font-weight: bold;\" href=\"http:\/\/www.xn--krtler-3ya.com\/anadoluda-turklerden-once-kurtler-vardi.html\" target=\"_blank\" rel=\"noopener noreferrer\">Es gab schon vor den T\u00fcrken Kurden in Anatolien<\/a>&#8222;. Andere hilfreiche Artikel;<\/p>\n<p><a style=\"font-size: x-large; font-weight: bold;\" href=\"http:\/\/www.xn--krtler-3ya.com\/kurtler-kimdir-kurtlerin-kokeni_3.html\" target=\"_blank\" rel=\"noopener noreferrer\">Herkunft der Kurden<\/a><\/p>\n<p><a style=\"font-size: x-large; font-weight: bold;\" href=\"http:\/\/www.xn--krtler-3ya.com\/kurtlerin-tarihte-kurdugu-devletler.html\" target=\"_blank\" rel=\"noopener noreferrer\">Kurden in der Schlacht von Malazgirt<\/a><\/p>\n","protected":false},"excerpt":{"rendered":"<p>Eines der meistgesuchten Themen \u00fcber Kurden bei Google ist &#8222;Kurden&#8220;. Woher kommen die Kurden?&#8220; ist der Titel. Wenn Sie nach&#8222;Woher kommen die Kurden&#8220; suchen, sto\u00dfen Sie auf &#8222;Artikel, die mit unsinnigen Informationen geschrieben wurden, Erkl\u00e4rungen von sogenannten B\u00fcchern, Kurden sind T\u00fcrken, Kurden kommen aus Zentralasien&#8220;. Als www.k\u00fcrtler.com gegen die Informationsverschmutzung im Internet werden wir auch &hellip;<\/p>\n","protected":false},"author":1,"featured_media":26359,"comment_status":"open","ping_status":"closed","sticky":false,"template":"","format":"standard","meta":{"footnotes":""},"categories":[6050],"tags":[6303,6025,6129,6205,6301,6302],"class_list":["post-29250","post","type-post","status-publish","format-standard","has-post-thumbnail","hentry","category-kurdische-geschichte","tag-das-heimatland-der-kurden","tag-kurden-de","tag-kurdische-geschichte","tag-wer-sind-die-kurden-de-2","tag-wie-die-kurden-in-die-turkei-kamen","tag-woher-kommen-die-kurden-de"],"yoast_head":"<!-- This site is optimized with the Yoast SEO plugin v23.7 - https:\/\/yoast.com\/wordpress\/plugins\/seo\/ -->\n<title>Woher kommen die Kurden? - Mit Liebe gebastelt<\/title>\n<meta name=\"robots\" content=\"index, follow, max-snippet:-1, max-image-preview:large, max-video-preview:-1\" \/>\n<link rel=\"canonical\" href=\"https:\/\/www.xn--krtler-3ya.com\/de\/woher-kommen-die-kurden.html\" \/>\n<meta property=\"og:locale\" content=\"de_DE\" \/>\n<meta property=\"og:type\" content=\"article\" \/>\n<meta property=\"og:title\" content=\"Woher kommen die Kurden? - Mit Liebe gebastelt\" \/>\n<meta property=\"og:description\" content=\"Eines der meistgesuchten Themen \u00fcber Kurden bei Google ist &#8222;Kurden&#8220;. Woher kommen die Kurden?&#8220; ist der Titel. Wenn Sie nach&#8222;Woher kommen die Kurden&#8220; suchen, sto\u00dfen Sie auf &#8222;Artikel, die mit unsinnigen Informationen geschrieben wurden, Erkl\u00e4rungen von sogenannten B\u00fcchern, Kurden sind T\u00fcrken, Kurden kommen aus Zentralasien&#8220;. Als www.k\u00fcrtler.com gegen die Informationsverschmutzung im Internet werden wir auch &hellip;\" \/>\n<meta property=\"og:url\" content=\"https:\/\/www.xn--krtler-3ya.com\/de\/woher-kommen-die-kurden.html\" \/>\n<meta property=\"og:site_name\" content=\"Mit Liebe gebastelt\" \/>\n<meta property=\"article:published_time\" content=\"2015-11-29T18:31:00+00:00\" \/>\n<meta property=\"og:image\" content=\"https:\/\/www.xn--krtler-3ya.com\/wp-content\/uploads\/2015\/11\/kurtler-nereden-gelmislerdir.png\" \/>\n\t<meta property=\"og:image:width\" content=\"620\" \/>\n\t<meta property=\"og:image:height\" content=\"350\" \/>\n\t<meta property=\"og:image:type\" content=\"image\/png\" \/>\n<meta name=\"author\" content=\"admin\" \/>\n<meta name=\"twitter:card\" content=\"summary_large_image\" \/>\n<meta name=\"twitter:label1\" content=\"Verfasst von\" \/>\n\t<meta name=\"twitter:data1\" content=\"admin\" \/>\n\t<meta name=\"twitter:label2\" content=\"Gesch\u00e4tzte Lesezeit\" \/>\n\t<meta name=\"twitter:data2\" content=\"4\u00a0Minuten\" \/>\n<script type=\"application\/ld+json\" class=\"yoast-schema-graph\">{\"@context\":\"https:\/\/schema.org\",\"@graph\":[{\"@type\":\"WebPage\",\"@id\":\"https:\/\/www.xn--krtler-3ya.com\/de\/woher-kommen-die-kurden.html\",\"url\":\"https:\/\/www.xn--krtler-3ya.com\/de\/woher-kommen-die-kurden.html\",\"name\":\"Woher kommen die Kurden? - Mit Liebe gebastelt\",\"isPartOf\":{\"@id\":\"https:\/\/www.xn--krtler-3ya.com\/de#website\"},\"primaryImageOfPage\":{\"@id\":\"https:\/\/www.xn--krtler-3ya.com\/de\/woher-kommen-die-kurden.html#primaryimage\"},\"image\":{\"@id\":\"https:\/\/www.xn--krtler-3ya.com\/de\/woher-kommen-die-kurden.html#primaryimage\"},\"thumbnailUrl\":\"https:\/\/www.xn--krtler-3ya.com\/wp-content\/uploads\/2015\/11\/kurtler-nereden-gelmislerdir.png\",\"datePublished\":\"2015-11-29T18:31:00+00:00\",\"dateModified\":\"2015-11-29T18:31:00+00:00\",\"author\":{\"@id\":\"https:\/\/www.xn--krtler-3ya.com\/de#\/schema\/person\/6bcd5bbe2e1493cacc77180c1bd84881\"},\"breadcrumb\":{\"@id\":\"https:\/\/www.xn--krtler-3ya.com\/de\/woher-kommen-die-kurden.html#breadcrumb\"},\"inLanguage\":\"de\",\"potentialAction\":[{\"@type\":\"ReadAction\",\"target\":[\"https:\/\/www.xn--krtler-3ya.com\/de\/woher-kommen-die-kurden.html\"]}]},{\"@type\":\"ImageObject\",\"inLanguage\":\"de\",\"@id\":\"https:\/\/www.xn--krtler-3ya.com\/de\/woher-kommen-die-kurden.html#primaryimage\",\"url\":\"https:\/\/www.xn--krtler-3ya.com\/wp-content\/uploads\/2015\/11\/kurtler-nereden-gelmislerdir.png\",\"contentUrl\":\"https:\/\/www.xn--krtler-3ya.com\/wp-content\/uploads\/2015\/11\/kurtler-nereden-gelmislerdir.png\",\"width\":620,\"height\":350},{\"@type\":\"BreadcrumbList\",\"@id\":\"https:\/\/www.xn--krtler-3ya.com\/de\/woher-kommen-die-kurden.html#breadcrumb\",\"itemListElement\":[{\"@type\":\"ListItem\",\"position\":1,\"name\":\"Startseite\",\"item\":\"https:\/\/www.xn--krtler-3ya.com\/de\"},{\"@type\":\"ListItem\",\"position\":2,\"name\":\"Woher kommen die Kurden?\"}]},{\"@type\":\"WebSite\",\"@id\":\"https:\/\/www.xn--krtler-3ya.com\/de#website\",\"url\":\"https:\/\/www.xn--krtler-3ya.com\/de\",\"name\":\"k\u00fcrtler\",\"description\":\"\",\"potentialAction\":[{\"@type\":\"SearchAction\",\"target\":{\"@type\":\"EntryPoint\",\"urlTemplate\":\"https:\/\/www.xn--krtler-3ya.com\/de?s={search_term_string}\"},\"query-input\":{\"@type\":\"PropertyValueSpecification\",\"valueRequired\":true,\"valueName\":\"search_term_string\"}}],\"inLanguage\":\"de\"},{\"@type\":\"Person\",\"@id\":\"https:\/\/www.xn--krtler-3ya.com\/de#\/schema\/person\/6bcd5bbe2e1493cacc77180c1bd84881\",\"name\":\"admin\",\"image\":{\"@type\":\"ImageObject\",\"inLanguage\":\"de\",\"@id\":\"https:\/\/www.xn--krtler-3ya.com\/de#\/schema\/person\/image\/\",\"url\":\"https:\/\/www.xn--krtler-3ya.com\/wp-content\/litespeed\/avatar\/de8faab9da60e77876a3fba9edd82f20.jpg?ver=1777431259\",\"contentUrl\":\"https:\/\/www.xn--krtler-3ya.com\/wp-content\/litespeed\/avatar\/de8faab9da60e77876a3fba9edd82f20.jpg?ver=1777431259\",\"caption\":\"admin\"},\"sameAs\":[\"https:\/\/kora24.de\"],\"url\":\"https:\/\/www.xn--krtler-3ya.com\/de\/author\/youssef\"}]}<\/script>\n<!-- \/ Yoast SEO plugin. -->","yoast_head_json":{"title":"Woher kommen die Kurden? - Mit Liebe gebastelt","robots":{"index":"index","follow":"follow","max-snippet":"max-snippet:-1","max-image-preview":"max-image-preview:large","max-video-preview":"max-video-preview:-1"},"canonical":"https:\/\/www.xn--krtler-3ya.com\/de\/woher-kommen-die-kurden.html","og_locale":"de_DE","og_type":"article","og_title":"Woher kommen die Kurden? - Mit Liebe gebastelt","og_description":"Eines der meistgesuchten Themen \u00fcber Kurden bei Google ist &#8222;Kurden&#8220;. Woher kommen die Kurden?&#8220; ist der Titel. Wenn Sie nach&#8222;Woher kommen die Kurden&#8220; suchen, sto\u00dfen Sie auf &#8222;Artikel, die mit unsinnigen Informationen geschrieben wurden, Erkl\u00e4rungen von sogenannten B\u00fcchern, Kurden sind T\u00fcrken, Kurden kommen aus Zentralasien&#8220;. Als www.k\u00fcrtler.com gegen die Informationsverschmutzung im Internet werden wir auch &hellip;","og_url":"https:\/\/www.xn--krtler-3ya.com\/de\/woher-kommen-die-kurden.html","og_site_name":"Mit Liebe gebastelt","article_published_time":"2015-11-29T18:31:00+00:00","og_image":[{"width":620,"height":350,"url":"https:\/\/www.xn--krtler-3ya.com\/wp-content\/uploads\/2015\/11\/kurtler-nereden-gelmislerdir.png","type":"image\/png"}],"author":"admin","twitter_card":"summary_large_image","twitter_misc":{"Verfasst von":"admin","Gesch\u00e4tzte Lesezeit":"4\u00a0Minuten"},"schema":{"@context":"https:\/\/schema.org","@graph":[{"@type":"WebPage","@id":"https:\/\/www.xn--krtler-3ya.com\/de\/woher-kommen-die-kurden.html","url":"https:\/\/www.xn--krtler-3ya.com\/de\/woher-kommen-die-kurden.html","name":"Woher kommen die Kurden? - Mit Liebe gebastelt","isPartOf":{"@id":"https:\/\/www.xn--krtler-3ya.com\/de#website"},"primaryImageOfPage":{"@id":"https:\/\/www.xn--krtler-3ya.com\/de\/woher-kommen-die-kurden.html#primaryimage"},"image":{"@id":"https:\/\/www.xn--krtler-3ya.com\/de\/woher-kommen-die-kurden.html#primaryimage"},"thumbnailUrl":"https:\/\/www.xn--krtler-3ya.com\/wp-content\/uploads\/2015\/11\/kurtler-nereden-gelmislerdir.png","datePublished":"2015-11-29T18:31:00+00:00","dateModified":"2015-11-29T18:31:00+00:00","author":{"@id":"https:\/\/www.xn--krtler-3ya.com\/de#\/schema\/person\/6bcd5bbe2e1493cacc77180c1bd84881"},"breadcrumb":{"@id":"https:\/\/www.xn--krtler-3ya.com\/de\/woher-kommen-die-kurden.html#breadcrumb"},"inLanguage":"de","potentialAction":[{"@type":"ReadAction","target":["https:\/\/www.xn--krtler-3ya.com\/de\/woher-kommen-die-kurden.html"]}]},{"@type":"ImageObject","inLanguage":"de","@id":"https:\/\/www.xn--krtler-3ya.com\/de\/woher-kommen-die-kurden.html#primaryimage","url":"https:\/\/www.xn--krtler-3ya.com\/wp-content\/uploads\/2015\/11\/kurtler-nereden-gelmislerdir.png","contentUrl":"https:\/\/www.xn--krtler-3ya.com\/wp-content\/uploads\/2015\/11\/kurtler-nereden-gelmislerdir.png","width":620,"height":350},{"@type":"BreadcrumbList","@id":"https:\/\/www.xn--krtler-3ya.com\/de\/woher-kommen-die-kurden.html#breadcrumb","itemListElement":[{"@type":"ListItem","position":1,"name":"Startseite","item":"https:\/\/www.xn--krtler-3ya.com\/de"},{"@type":"ListItem","position":2,"name":"Woher kommen die Kurden?"}]},{"@type":"WebSite","@id":"https:\/\/www.xn--krtler-3ya.com\/de#website","url":"https:\/\/www.xn--krtler-3ya.com\/de","name":"k\u00fcrtler","description":"","potentialAction":[{"@type":"SearchAction","target":{"@type":"EntryPoint","urlTemplate":"https:\/\/www.xn--krtler-3ya.com\/de?s={search_term_string}"},"query-input":{"@type":"PropertyValueSpecification","valueRequired":true,"valueName":"search_term_string"}}],"inLanguage":"de"},{"@type":"Person","@id":"https:\/\/www.xn--krtler-3ya.com\/de#\/schema\/person\/6bcd5bbe2e1493cacc77180c1bd84881","name":"admin","image":{"@type":"ImageObject","inLanguage":"de","@id":"https:\/\/www.xn--krtler-3ya.com\/de#\/schema\/person\/image\/","url":"https:\/\/www.xn--krtler-3ya.com\/wp-content\/litespeed\/avatar\/de8faab9da60e77876a3fba9edd82f20.jpg?ver=1777431259","contentUrl":"https:\/\/www.xn--krtler-3ya.com\/wp-content\/litespeed\/avatar\/de8faab9da60e77876a3fba9edd82f20.jpg?ver=1777431259","caption":"admin"},"sameAs":["https:\/\/kora24.de"],"url":"https:\/\/www.xn--krtler-3ya.com\/de\/author\/youssef"}]}},"amp_enabled":true,"_links":{"self":[{"href":"https:\/\/www.xn--krtler-3ya.com\/de\/wp-json\/wp\/v2\/posts\/29250","targetHints":{"allow":["GET"]}}],"collection":[{"href":"https:\/\/www.xn--krtler-3ya.com\/de\/wp-json\/wp\/v2\/posts"}],"about":[{"href":"https:\/\/www.xn--krtler-3ya.com\/de\/wp-json\/wp\/v2\/types\/post"}],"author":[{"embeddable":true,"href":"https:\/\/www.xn--krtler-3ya.com\/de\/wp-json\/wp\/v2\/users\/1"}],"replies":[{"embeddable":true,"href":"https:\/\/www.xn--krtler-3ya.com\/de\/wp-json\/wp\/v2\/comments?post=29250"}],"version-history":[{"count":0,"href":"https:\/\/www.xn--krtler-3ya.com\/de\/wp-json\/wp\/v2\/posts\/29250\/revisions"}],"wp:featuredmedia":[{"embeddable":true,"href":"https:\/\/www.xn--krtler-3ya.com\/de\/wp-json\/wp\/v2\/media\/26359"}],"wp:attachment":[{"href":"https:\/\/www.xn--krtler-3ya.com\/de\/wp-json\/wp\/v2\/media?parent=29250"}],"wp:term":[{"taxonomy":"category","embeddable":true,"href":"https:\/\/www.xn--krtler-3ya.com\/de\/wp-json\/wp\/v2\/categories?post=29250"},{"taxonomy":"post_tag","embeddable":true,"href":"https:\/\/www.xn--krtler-3ya.com\/de\/wp-json\/wp\/v2\/tags?post=29250"}],"curies":[{"name":"wp","href":"https:\/\/api.w.org\/{rel}","templated":true}]}}