{"id":29260,"date":"2016-04-26T17:41:00","date_gmt":"2016-04-26T17:41:00","guid":{"rendered":"https:\/\/www.xn--krtler-3ya.com\/mehmet-demirkol-erklaerung-zum-angriff-auf-amedspor-wer-spaltet-das-land.html"},"modified":"2016-04-26T17:41:00","modified_gmt":"2016-04-26T17:41:00","slug":"mehmet-demirkol-erklaerung-zum-angriff-auf-amedspor-wer-spaltet-das-land","status":"publish","type":"post","link":"https:\/\/www.xn--krtler-3ya.com\/de\/mehmet-demirkol-erklaerung-zum-angriff-auf-amedspor-wer-spaltet-das-land.html","title":{"rendered":"Mehmet Demirkol Erkl\u00e4rung zum Angriff auf Amedspor &#8220; Wer spaltet das Land?&#8220;"},"content":{"rendered":"<div dir=\"ltr\" style=\"text-align: left;\">Sportkommentator Mehmet Demirkol reagierte auf die rassistischen Angriffe auf AmedsporDie rassistischen Angriffe auf <b>Amedspor<\/b> nehmen kein Ende. Nach dem Sieg im Pokalspiel gegen <b>Bursaspor<\/b> hat die Dosis der rassistischen Angriffe auf <b>Amedspor<\/b> zugenommen <b>. Amedspor<\/b>, das bei den meisten Ausw\u00e4rtsspielen, zu denen sie fuhren,<b> rassistischen Sprechch\u00f6ren<\/b> ausgesetzt war, wurde beim Spiel gegen <b>Ankarag\u00fcc\u00fc<\/b> angegriffen und es wurde ein Lynchversuch gegen die Manager unternommen. Die F\u00fchrungskr\u00e4fte von <b>Amedspor<\/b>, die beim Ausw\u00e4rtsspiel gegen <b>Ankarag\u00fcc\u00fc <\/b> <b>rassistischen Ges\u00e4ngen<\/b> ausgesetzt waren, wurden im Protokollstamm ebenfalls einem Lynchversuch ausgesetzt und 4 F\u00fchrungskr\u00e4fte wurden verletzt.<\/p>\n<p><iframe loading=\"lazy\" src=\"https:\/\/www.youtube.com\/embed\/zcVMOO108bQ\" width=\"560\" height=\"315\" frameborder=\"0\" allowfullscreen=\"allowfullscreen\"><\/iframe><\/p>\n<h2 style=\"text-align: left;\"><span style=\"color: #ff0000;\"><b>Mehmet Demirkol Amedspor Erkl\u00e4rung &#8220; Wer das Land spaltet&#8220;<\/b><\/span><\/h2>\n<p>Der Sportkommentator <b>Mehmet Demirkol<\/b> hat sich in der Sendung <b>Sports Service <\/b>des Senders <b>Ntv Spor<\/b> gegen die rassistischen Angriffe auf <b>Amedspor<\/b> aufgelehnt.<b>Demirkol erkl\u00e4rte, dass diejenigen, die rassistisch sind, diejenigen sind, die das Land spalten,<\/b><\/p>\n<p>&#8220;Sie schlagen die F\u00fchrungskr\u00e4fte, schlagen sie bewusstlos und werfen sie dann \u00fcber das Gel\u00e4nder. Ich habe eine Frage an die Freunde, die diese Dinge getan haben<b>.<\/b> Sie schlagen die F\u00fchrungskr\u00e4fte<b>von Amedspor<\/b>, schlagen sie bewusstlos, werfen sie herunter, <b>wer spaltet das Land<\/b>? Vereinigen Sie das Land, indem Sie diese Dinge tun? Lassen Sie sie sich diese Frage stellen und ihre Antwort geben.&#8220;<\/p>\n<p><iframe loading=\"lazy\" src=\"https:\/\/www.youtube.com\/embed\/O334JHR8p-A\" width=\"560\" height=\"315\" frameborder=\"0\" allowfullscreen=\"allowfullscreen\"><\/iframe><\/p>\n<p><b>Hier sind die Aussagen von Mehmet Demirkol<\/b><\/p>\n<p><b>www.k\u00fcrtler.com<\/b><\/p>\n<\/div>\n","protected":false},"excerpt":{"rendered":"<p>Sportkommentator Mehmet Demirkol reagierte auf die rassistischen Angriffe auf AmedsporDie rassistischen Angriffe auf Amedspor nehmen kein Ende. Nach dem Sieg im Pokalspiel gegen Bursaspor hat die Dosis der rassistischen Angriffe auf Amedspor zugenommen . Amedspor, das bei den meisten Ausw\u00e4rtsspielen, zu denen sie fuhren, rassistischen Sprechch\u00f6ren ausgesetzt war, wurde beim Spiel gegen Ankarag\u00fcc\u00fc angegriffen und &hellip;<\/p>\n","protected":false},"author":1,"featured_media":27002,"comment_status":"open","ping_status":"closed","sticky":false,"template":"","format":"standard","meta":{"footnotes":""},"categories":[6027,6040],"tags":[6025,6032,6042,6334,6336,6335,6337],"class_list":["post-29260","post","type-post","status-publish","format-standard","has-post-thumbnail","hentry","category-kurdische-nachrichten","category-sport","tag-kurden-de","tag-kurdische-nachrichten","tag-kurdischer-sport","tag-mehmet-demirkol-amedspor-de","tag-mehmet-demirkol-pkk-de","tag-mehmet-demirkol-rassismus","tag-mehmet-demirkol-der-das-land-spaltet"],"yoast_head":"<!-- This site is optimized with the Yoast SEO plugin v23.7 - https:\/\/yoast.com\/wordpress\/plugins\/seo\/ -->\n<title>Mehmet Demirkol Erkl\u00e4rung zum Angriff auf Amedspor &#039;&#039; Wer spaltet das Land?&#039;&#039; - Mit Liebe gebastelt<\/title>\n<meta name=\"robots\" content=\"index, follow, max-snippet:-1, max-image-preview:large, max-video-preview:-1\" \/>\n<link rel=\"canonical\" href=\"https:\/\/www.xn--krtler-3ya.com\/de\/mehmet-demirkol-erklaerung-zum-angriff-auf-amedspor-wer-spaltet-das-land.html\" \/>\n<meta property=\"og:locale\" content=\"de_DE\" \/>\n<meta property=\"og:type\" content=\"article\" \/>\n<meta property=\"og:title\" content=\"Mehmet Demirkol Erkl\u00e4rung zum Angriff auf Amedspor &#039;&#039; Wer spaltet das Land?&#039;&#039; - Mit Liebe gebastelt\" \/>\n<meta property=\"og:description\" content=\"Sportkommentator Mehmet Demirkol reagierte auf die rassistischen Angriffe auf AmedsporDie rassistischen Angriffe auf Amedspor nehmen kein Ende. Nach dem Sieg im Pokalspiel gegen Bursaspor hat die Dosis der rassistischen Angriffe auf Amedspor zugenommen . Amedspor, das bei den meisten Ausw\u00e4rtsspielen, zu denen sie fuhren, rassistischen Sprechch\u00f6ren ausgesetzt war, wurde beim Spiel gegen Ankarag\u00fcc\u00fc angegriffen und &hellip;\" \/>\n<meta property=\"og:url\" content=\"https:\/\/www.xn--krtler-3ya.com\/de\/mehmet-demirkol-erklaerung-zum-angriff-auf-amedspor-wer-spaltet-das-land.html\" \/>\n<meta property=\"og:site_name\" content=\"Mit Liebe gebastelt\" \/>\n<meta property=\"article:published_time\" content=\"2016-04-26T17:41:00+00:00\" \/>\n<meta property=\"og:image\" content=\"https:\/\/www.xn--krtler-3ya.com\/wp-content\/uploads\/2016\/04\/mehmet-demirkol-amedspor-aciklama-ulkeyi-kim-boluyor.jpg\" \/>\n\t<meta property=\"og:image:width\" content=\"650\" \/>\n\t<meta property=\"og:image:height\" content=\"340\" \/>\n\t<meta property=\"og:image:type\" content=\"image\/jpeg\" \/>\n<meta name=\"author\" content=\"admin\" \/>\n<meta name=\"twitter:card\" content=\"summary_large_image\" \/>\n<meta name=\"twitter:label1\" content=\"Verfasst von\" \/>\n\t<meta name=\"twitter:data1\" content=\"admin\" \/>\n\t<meta name=\"twitter:label2\" content=\"Gesch\u00e4tzte Lesezeit\" \/>\n\t<meta name=\"twitter:data2\" content=\"1\u00a0Minute\" \/>\n<script type=\"application\/ld+json\" class=\"yoast-schema-graph\">{\"@context\":\"https:\/\/schema.org\",\"@graph\":[{\"@type\":\"WebPage\",\"@id\":\"https:\/\/www.xn--krtler-3ya.com\/de\/mehmet-demirkol-erklaerung-zum-angriff-auf-amedspor-wer-spaltet-das-land.html\",\"url\":\"https:\/\/www.xn--krtler-3ya.com\/de\/mehmet-demirkol-erklaerung-zum-angriff-auf-amedspor-wer-spaltet-das-land.html\",\"name\":\"Mehmet Demirkol Erkl\u00e4rung zum Angriff auf Amedspor '' Wer spaltet das Land?'' - Mit Liebe gebastelt\",\"isPartOf\":{\"@id\":\"https:\/\/www.xn--krtler-3ya.com\/de#website\"},\"primaryImageOfPage\":{\"@id\":\"https:\/\/www.xn--krtler-3ya.com\/de\/mehmet-demirkol-erklaerung-zum-angriff-auf-amedspor-wer-spaltet-das-land.html#primaryimage\"},\"image\":{\"@id\":\"https:\/\/www.xn--krtler-3ya.com\/de\/mehmet-demirkol-erklaerung-zum-angriff-auf-amedspor-wer-spaltet-das-land.html#primaryimage\"},\"thumbnailUrl\":\"https:\/\/www.xn--krtler-3ya.com\/wp-content\/uploads\/2016\/04\/mehmet-demirkol-amedspor-aciklama-ulkeyi-kim-boluyor.jpg\",\"datePublished\":\"2016-04-26T17:41:00+00:00\",\"dateModified\":\"2016-04-26T17:41:00+00:00\",\"author\":{\"@id\":\"https:\/\/www.xn--krtler-3ya.com\/de#\/schema\/person\/6bcd5bbe2e1493cacc77180c1bd84881\"},\"breadcrumb\":{\"@id\":\"https:\/\/www.xn--krtler-3ya.com\/de\/mehmet-demirkol-erklaerung-zum-angriff-auf-amedspor-wer-spaltet-das-land.html#breadcrumb\"},\"inLanguage\":\"de\",\"potentialAction\":[{\"@type\":\"ReadAction\",\"target\":[\"https:\/\/www.xn--krtler-3ya.com\/de\/mehmet-demirkol-erklaerung-zum-angriff-auf-amedspor-wer-spaltet-das-land.html\"]}]},{\"@type\":\"ImageObject\",\"inLanguage\":\"de\",\"@id\":\"https:\/\/www.xn--krtler-3ya.com\/de\/mehmet-demirkol-erklaerung-zum-angriff-auf-amedspor-wer-spaltet-das-land.html#primaryimage\",\"url\":\"https:\/\/www.xn--krtler-3ya.com\/wp-content\/uploads\/2016\/04\/mehmet-demirkol-amedspor-aciklama-ulkeyi-kim-boluyor.jpg\",\"contentUrl\":\"https:\/\/www.xn--krtler-3ya.com\/wp-content\/uploads\/2016\/04\/mehmet-demirkol-amedspor-aciklama-ulkeyi-kim-boluyor.jpg\",\"width\":650,\"height\":340},{\"@type\":\"BreadcrumbList\",\"@id\":\"https:\/\/www.xn--krtler-3ya.com\/de\/mehmet-demirkol-erklaerung-zum-angriff-auf-amedspor-wer-spaltet-das-land.html#breadcrumb\",\"itemListElement\":[{\"@type\":\"ListItem\",\"position\":1,\"name\":\"Startseite\",\"item\":\"https:\/\/www.xn--krtler-3ya.com\/de\"},{\"@type\":\"ListItem\",\"position\":2,\"name\":\"Mehmet Demirkol Erkl\u00e4rung zum Angriff auf Amedspor &#8220; Wer spaltet das Land?&#8220;\"}]},{\"@type\":\"WebSite\",\"@id\":\"https:\/\/www.xn--krtler-3ya.com\/de#website\",\"url\":\"https:\/\/www.xn--krtler-3ya.com\/de\",\"name\":\"k\u00fcrtler\",\"description\":\"\",\"potentialAction\":[{\"@type\":\"SearchAction\",\"target\":{\"@type\":\"EntryPoint\",\"urlTemplate\":\"https:\/\/www.xn--krtler-3ya.com\/de?s={search_term_string}\"},\"query-input\":{\"@type\":\"PropertyValueSpecification\",\"valueRequired\":true,\"valueName\":\"search_term_string\"}}],\"inLanguage\":\"de\"},{\"@type\":\"Person\",\"@id\":\"https:\/\/www.xn--krtler-3ya.com\/de#\/schema\/person\/6bcd5bbe2e1493cacc77180c1bd84881\",\"name\":\"admin\",\"image\":{\"@type\":\"ImageObject\",\"inLanguage\":\"de\",\"@id\":\"https:\/\/www.xn--krtler-3ya.com\/de#\/schema\/person\/image\/\",\"url\":\"https:\/\/www.xn--krtler-3ya.com\/wp-content\/litespeed\/avatar\/de8faab9da60e77876a3fba9edd82f20.jpg?ver=1776826433\",\"contentUrl\":\"https:\/\/www.xn--krtler-3ya.com\/wp-content\/litespeed\/avatar\/de8faab9da60e77876a3fba9edd82f20.jpg?ver=1776826433\",\"caption\":\"admin\"},\"sameAs\":[\"https:\/\/kora24.de\"],\"url\":\"https:\/\/www.xn--krtler-3ya.com\/de\/author\/youssef\"}]}<\/script>\n<!-- \/ Yoast SEO plugin. -->","yoast_head_json":{"title":"Mehmet Demirkol Erkl\u00e4rung zum Angriff auf Amedspor '' Wer spaltet das Land?'' - Mit Liebe gebastelt","robots":{"index":"index","follow":"follow","max-snippet":"max-snippet:-1","max-image-preview":"max-image-preview:large","max-video-preview":"max-video-preview:-1"},"canonical":"https:\/\/www.xn--krtler-3ya.com\/de\/mehmet-demirkol-erklaerung-zum-angriff-auf-amedspor-wer-spaltet-das-land.html","og_locale":"de_DE","og_type":"article","og_title":"Mehmet Demirkol Erkl\u00e4rung zum Angriff auf Amedspor '' Wer spaltet das Land?'' - Mit Liebe gebastelt","og_description":"Sportkommentator Mehmet Demirkol reagierte auf die rassistischen Angriffe auf AmedsporDie rassistischen Angriffe auf Amedspor nehmen kein Ende. Nach dem Sieg im Pokalspiel gegen Bursaspor hat die Dosis der rassistischen Angriffe auf Amedspor zugenommen . Amedspor, das bei den meisten Ausw\u00e4rtsspielen, zu denen sie fuhren, rassistischen Sprechch\u00f6ren ausgesetzt war, wurde beim Spiel gegen Ankarag\u00fcc\u00fc angegriffen und &hellip;","og_url":"https:\/\/www.xn--krtler-3ya.com\/de\/mehmet-demirkol-erklaerung-zum-angriff-auf-amedspor-wer-spaltet-das-land.html","og_site_name":"Mit Liebe gebastelt","article_published_time":"2016-04-26T17:41:00+00:00","og_image":[{"width":650,"height":340,"url":"https:\/\/www.xn--krtler-3ya.com\/wp-content\/uploads\/2016\/04\/mehmet-demirkol-amedspor-aciklama-ulkeyi-kim-boluyor.jpg","type":"image\/jpeg"}],"author":"admin","twitter_card":"summary_large_image","twitter_misc":{"Verfasst von":"admin","Gesch\u00e4tzte Lesezeit":"1\u00a0Minute"},"schema":{"@context":"https:\/\/schema.org","@graph":[{"@type":"WebPage","@id":"https:\/\/www.xn--krtler-3ya.com\/de\/mehmet-demirkol-erklaerung-zum-angriff-auf-amedspor-wer-spaltet-das-land.html","url":"https:\/\/www.xn--krtler-3ya.com\/de\/mehmet-demirkol-erklaerung-zum-angriff-auf-amedspor-wer-spaltet-das-land.html","name":"Mehmet Demirkol Erkl\u00e4rung zum Angriff auf Amedspor '' Wer spaltet das Land?'' - Mit Liebe gebastelt","isPartOf":{"@id":"https:\/\/www.xn--krtler-3ya.com\/de#website"},"primaryImageOfPage":{"@id":"https:\/\/www.xn--krtler-3ya.com\/de\/mehmet-demirkol-erklaerung-zum-angriff-auf-amedspor-wer-spaltet-das-land.html#primaryimage"},"image":{"@id":"https:\/\/www.xn--krtler-3ya.com\/de\/mehmet-demirkol-erklaerung-zum-angriff-auf-amedspor-wer-spaltet-das-land.html#primaryimage"},"thumbnailUrl":"https:\/\/www.xn--krtler-3ya.com\/wp-content\/uploads\/2016\/04\/mehmet-demirkol-amedspor-aciklama-ulkeyi-kim-boluyor.jpg","datePublished":"2016-04-26T17:41:00+00:00","dateModified":"2016-04-26T17:41:00+00:00","author":{"@id":"https:\/\/www.xn--krtler-3ya.com\/de#\/schema\/person\/6bcd5bbe2e1493cacc77180c1bd84881"},"breadcrumb":{"@id":"https:\/\/www.xn--krtler-3ya.com\/de\/mehmet-demirkol-erklaerung-zum-angriff-auf-amedspor-wer-spaltet-das-land.html#breadcrumb"},"inLanguage":"de","potentialAction":[{"@type":"ReadAction","target":["https:\/\/www.xn--krtler-3ya.com\/de\/mehmet-demirkol-erklaerung-zum-angriff-auf-amedspor-wer-spaltet-das-land.html"]}]},{"@type":"ImageObject","inLanguage":"de","@id":"https:\/\/www.xn--krtler-3ya.com\/de\/mehmet-demirkol-erklaerung-zum-angriff-auf-amedspor-wer-spaltet-das-land.html#primaryimage","url":"https:\/\/www.xn--krtler-3ya.com\/wp-content\/uploads\/2016\/04\/mehmet-demirkol-amedspor-aciklama-ulkeyi-kim-boluyor.jpg","contentUrl":"https:\/\/www.xn--krtler-3ya.com\/wp-content\/uploads\/2016\/04\/mehmet-demirkol-amedspor-aciklama-ulkeyi-kim-boluyor.jpg","width":650,"height":340},{"@type":"BreadcrumbList","@id":"https:\/\/www.xn--krtler-3ya.com\/de\/mehmet-demirkol-erklaerung-zum-angriff-auf-amedspor-wer-spaltet-das-land.html#breadcrumb","itemListElement":[{"@type":"ListItem","position":1,"name":"Startseite","item":"https:\/\/www.xn--krtler-3ya.com\/de"},{"@type":"ListItem","position":2,"name":"Mehmet Demirkol Erkl\u00e4rung zum Angriff auf Amedspor &#8220; Wer spaltet das Land?&#8220;"}]},{"@type":"WebSite","@id":"https:\/\/www.xn--krtler-3ya.com\/de#website","url":"https:\/\/www.xn--krtler-3ya.com\/de","name":"k\u00fcrtler","description":"","potentialAction":[{"@type":"SearchAction","target":{"@type":"EntryPoint","urlTemplate":"https:\/\/www.xn--krtler-3ya.com\/de?s={search_term_string}"},"query-input":{"@type":"PropertyValueSpecification","valueRequired":true,"valueName":"search_term_string"}}],"inLanguage":"de"},{"@type":"Person","@id":"https:\/\/www.xn--krtler-3ya.com\/de#\/schema\/person\/6bcd5bbe2e1493cacc77180c1bd84881","name":"admin","image":{"@type":"ImageObject","inLanguage":"de","@id":"https:\/\/www.xn--krtler-3ya.com\/de#\/schema\/person\/image\/","url":"https:\/\/www.xn--krtler-3ya.com\/wp-content\/litespeed\/avatar\/de8faab9da60e77876a3fba9edd82f20.jpg?ver=1776826433","contentUrl":"https:\/\/www.xn--krtler-3ya.com\/wp-content\/litespeed\/avatar\/de8faab9da60e77876a3fba9edd82f20.jpg?ver=1776826433","caption":"admin"},"sameAs":["https:\/\/kora24.de"],"url":"https:\/\/www.xn--krtler-3ya.com\/de\/author\/youssef"}]}},"amp_enabled":true,"_links":{"self":[{"href":"https:\/\/www.xn--krtler-3ya.com\/de\/wp-json\/wp\/v2\/posts\/29260","targetHints":{"allow":["GET"]}}],"collection":[{"href":"https:\/\/www.xn--krtler-3ya.com\/de\/wp-json\/wp\/v2\/posts"}],"about":[{"href":"https:\/\/www.xn--krtler-3ya.com\/de\/wp-json\/wp\/v2\/types\/post"}],"author":[{"embeddable":true,"href":"https:\/\/www.xn--krtler-3ya.com\/de\/wp-json\/wp\/v2\/users\/1"}],"replies":[{"embeddable":true,"href":"https:\/\/www.xn--krtler-3ya.com\/de\/wp-json\/wp\/v2\/comments?post=29260"}],"version-history":[{"count":0,"href":"https:\/\/www.xn--krtler-3ya.com\/de\/wp-json\/wp\/v2\/posts\/29260\/revisions"}],"wp:featuredmedia":[{"embeddable":true,"href":"https:\/\/www.xn--krtler-3ya.com\/de\/wp-json\/wp\/v2\/media\/27002"}],"wp:attachment":[{"href":"https:\/\/www.xn--krtler-3ya.com\/de\/wp-json\/wp\/v2\/media?parent=29260"}],"wp:term":[{"taxonomy":"category","embeddable":true,"href":"https:\/\/www.xn--krtler-3ya.com\/de\/wp-json\/wp\/v2\/categories?post=29260"},{"taxonomy":"post_tag","embeddable":true,"href":"https:\/\/www.xn--krtler-3ya.com\/de\/wp-json\/wp\/v2\/tags?post=29260"}],"curies":[{"name":"wp","href":"https:\/\/api.w.org\/{rel}","templated":true}]}}