{"id":29291,"date":"2016-03-28T12:51:00","date_gmt":"2016-03-28T12:51:00","guid":{"rendered":"https:\/\/www.xn--krtler-3ya.com\/kurdische-staemme-in-der-tuerkei.html"},"modified":"2016-03-28T12:51:00","modified_gmt":"2016-03-28T12:51:00","slug":"kurdische-staemme-in-der-tuerkei","status":"publish","type":"post","link":"https:\/\/www.xn--krtler-3ya.com\/de\/kurdische-staemme-in-der-tuerkei.html","title":{"rendered":"Kurdische St\u00e4mme in der T\u00fcrkei"},"content":{"rendered":"<p>Sie finden hier eine Liste der<b style=\"font-family: Verdana, sans-serif;\"> kurdischen St\u00e4mme<\/b>und kurze Informationen \u00fcber die dazugeh\u00f6rigen St\u00e4mme, die wir nach langer Recherche und unter Verwendung vieler verschiedener Quellen erstellt haben. Auch wenn das Konzept des Stammes heute kaum noch verwendet wird, so existiert es doch teilweise noch, insbesondere in der Geographie Kurdistans. In diesen Zeiten der<b style=\"font-family: Verdana, sans-serif;\">Migration<\/b> und des <b style=\"font-family: Verdana, sans-serif;\">Individualismus,<\/b>in denen <b style=\"font-family: Verdana, sans-serif;\">die Kernfamilie<\/b>in den Vordergrund r\u00fcckt, wird <b style=\"font-family: Verdana, sans-serif;\">die Stammesstruktur <\/b>allm\u00e4hlich geschw\u00e4cht. <b style=\"font-family: Verdana, sans-serif;\">Unter dem Einfluss der Medien<\/b> denkt man bei St\u00e4mmen an Blutfehden und Aghas, aber St\u00e4mme sind nomadische oder sesshafte Gemeinschaften, die aus vielen Clans bestehen und in denen die Familien durch Blut oder Heirat miteinander verbunden sind. Jeder hat einen Stamm mit mehr oder weniger Mitgliedern. <b style=\"font-family: Verdana, sans-serif;\">Kurden<\/b>, die mit den <b style=\"font-family: Verdana, sans-serif;\">Migrationen<\/b> aus <b style=\"font-family: Verdana, sans-serif;\">Kurdistan <\/b>eingewandert sind, insbesondere die neue Generation, k\u00f6nnen leider ihre Vergangenheit und ihren Stammbaum vergessen.<\/p>\n<h2 style=\"text-align: left;\"><strong><span style=\"color: #ff0000;\">Verteilung der kurdischen St\u00e4mme in Kurdistan<\/span><\/strong><\/h2>\n<p><img loading=\"lazy\" decoding=\"async\" class=\"aligncenter wp-image-7299\" src=\"https:\/\/www.xn--krtler-3ya.com\/wp-content\/uploads\/2016\/03\/kurt-asiretleri-dagilimi.jpg\" alt=\"St\u00e4mme der kurdischen Geographie\" width=\"400\" height=\"311\"><br \/>\nWie Sie auf der Karte sehen k\u00f6nnen, gibt es <b>kurdische St\u00e4mme<\/b> in <b>der<\/b> <b>Region Khorasan<\/b> im <b>Iran<\/b>, in <b>S\u00fcd-Aserbaidschan<\/b><b>, in Zentralanatolien<\/b> und teilweise in der Region <b>Mersin-Adana <\/b>. Auch in den <b>zentralasiatischen<\/b> L\u00e4ndern und in L\u00e4ndern wie <b>Pakistan<\/b> <b>, Afghanistan und Indien <\/b>gibt es <b>kurdische <\/b>Siedlungen.<\/p>\n<p>In dieser Studie konzentrieren wir uns auf <b style=\"font-family: Verdana, sans-serif;\">die kurdischen St\u00e4mme <\/b> <b style=\"font-family: Verdana, sans-serif;\">in der T\u00fcrkei <\/b>, d.h. im <b style=\"font-family: Verdana, sans-serif;\">n\u00f6rdlichen<\/b><b style=\"font-family: Verdana, sans-serif;\">(Bakur<\/b>) Teil <b style=\"font-family: Verdana, sans-serif;\">der Geographie Kurdistans<\/b><b style=\"font-family: Verdana, sans-serif;\">. Kurden <\/b>sind auch in <b style=\"font-family: Verdana, sans-serif;\">anatolische <\/b>Regionen au\u00dferhalb der<b style=\"font-family: Verdana, sans-serif;\">Geographie Kurdistans <\/b>eingewandert, insbesondere in <b style=\"font-family: Verdana, sans-serif;\">Zentralanatolien <\/b>, wo sich Hunderttausende von <b style=\"font-family: Verdana, sans-serif;\">Kurden <\/b>als Einheimische dieser Region niedergelassen haben. Wir sprechen hier nicht von den Migrationen der letzten Jahre, sondern von den Massenmigrationen w\u00e4hrend und vor der <b style=\"font-family: Verdana, sans-serif;\">osmanischen <\/b>Zeit.<\/p>\n<h2 style=\"text-align: left;\"><span style=\"color: #ff0000;\">Kurdische St\u00e4mme in der T\u00fcrkei<\/span><\/h2>\n<h3 style=\"text-align: left;\">Ertush Konf\u00f6deration<\/h3>\n<p><b>( <\/b>Auch bekannt als<b>Ertu\u015f\u00ee <\/b>und <b>Artu\u015f <\/b>. Sie leben s\u00fcdlich des <b>Van-Sees <\/b>und zwischen <b>Zakho <\/b>und <b>Dohuk <\/b>)   <\/p>\n<p><b>Alan (Elan)<\/b><\/p>\n<p><b>\u00cazd\u00eenan<\/b><\/p>\n<p><b>Gewdan<\/b><\/p>\n<p><b>Gravian<\/b><\/p>\n<p><b>Hevishtan<\/b><\/p>\n<p><b style=\"color: red;\">Xuleylan <\/b><b>(Xelilan <\/b>&#8211; Xelo\u00eeyan)<\/p>\n<p><b>Mamh\u00fbran<\/b><\/p>\n<p><b>Qesh\u00fbran<\/b><\/p>\n<p><b>P\u00eeran<\/b><\/p>\n<p><b>Sherefan<\/b><\/p>\n<p><b>Shidan<\/b><\/p>\n<p><b>Zewkan<\/b><\/p>\n<p><b>Ziriqi<\/b><\/p>\n<p><b>Zeydan<\/b><\/p>\n<p><b>Zilan<\/b><\/p>\n<p>&nbsp;<\/p>\n<p>&nbsp;<\/p>\n<p>&nbsp;<\/p>\n<figure id=\"attachment_26707\" aria-describedby=\"caption-attachment-26707\" style=\"width: 317px\" class=\"wp-caption aligncenter\"><img loading=\"lazy\" decoding=\"async\" class=\"wp-image-7300\" src=\"https:\/\/www.xn--krtler-3ya.com\/wp-content\/uploads\/2016\/03\/seyh-said.jpg\" alt=\"\" width=\"317\" height=\"320\"><figcaption id=\"caption-attachment-26707\" class=\"wp-caption-text\"><strong>Sheikh Said vom Stamm der Piran<\/strong><\/figcaption><\/figure>\n<h2><strong><span style=\"color: #ff9900;\"><br \/>\n<\/span><span style=\"color: #ff9900;\"><span style=\"color: #ff0000;\">Barzan\u00ee Konf\u00f6deration<\/span><\/span><\/strong><\/h2>\n<p>( <b>Zap <\/b>nehrinin yukar\u0131 yakalar\u0131 ile Hakkar\u00ee aras\u0131nda ya\u015farlar)<\/p>\n<p>&nbsp;<\/p>\n<p><b>Berushn\u012b<\/b><\/p>\n<p><b>Dolameyri<\/b><\/p>\n<p>Mizur\u00ee<b style=\"font-family: Verdana, sans-serif;\">(l\u00f6ste sich von der Mizur\u00ee-Konf\u00f6deration in Westkurdistan <\/b>)<\/p>\n<p><b>Nerva<\/b><\/p>\n<p><b>Reykan\u00ee<\/b><\/p>\n<p><b>Sherwan\u00ee<\/b><\/p>\n<h2 style=\"text-align: left;\"><span style=\"color: #ff0000;\">Botanische Konf\u00f6deration<\/span><\/h2>\n<p><b>( <\/b>Sie werden mit Namen wie<b>Bohtan <\/b>oder <b>Boxt\u00ee <\/b>bezeichnet. Sie leben auf beiden Seiten des <b>Botan-Flusses <\/b>und s\u00fcdlich des <b>Van-Sees <\/b>. Sie sprechen mit einem <b>Bot\u00ee-Akzent<\/b>. <b>Bot\u00ee<\/b> war einst eine ebenso gro\u00dfe Konf\u00f6deration wie <b>die Konf\u00f6derationen <\/b> <b>Baban <\/b>und <b>Erdalan <\/b>; alle drei l\u00f6sten sich im sp\u00e4ten 19. und fr\u00fchen 20.)     <\/p>\n<p><b>Shirnax<\/b><\/p>\n<p><b>T\u00eeyan<\/b><\/p>\n<p><img loading=\"lazy\" decoding=\"async\" class=\"wp-image-7301 size-full\" src=\"https:\/\/www.xn--krtler-3ya.com\/wp-content\/uploads\/2016\/03\/sirkax-ve-tiyan-asiretleri-1902.jpg\" alt=\"\" width=\"489\" height=\"367\"><\/p>\n<div class=\"mceTemp\" style=\"display: inline !important;\">\n<p style=\"display: inline !important;\"><strong><span style=\"color: #333333;\">Anf\u00fchrer der St\u00e4mme Shirnax und T\u00eeyan gemeinsam in Cizre (1902).<\/span><\/strong><\/p>\n<\/div>\n<p>Herkules Konf\u00f6deration<\/p>\n<div><b>( <\/b>Sie leben zwischen<b>Sihnu <\/b>und <b>Hakkari <\/b>und <b>Rewanduz <\/b>. Sie sind ber\u00fchmt f\u00fcr ihre kunstvollen Kleider und Ornamente<b>) Mendan<\/b> <\/div>\n<div>\n<p><b>Serhedd\u00ee (Sihatti)<\/b><\/p>\n<p><b style=\"color: red;\">Seydan <\/b><b>(Zeydan)<\/b><\/p>\n<h2 style=\"text-align: left;\"><span style=\"color: #ff0000;\">Jalali Konf\u00f6deration<\/span><\/h2>\n<p><b>( <\/b>Sie leben zwischen<b>Maku <\/b>und <b>Baz\u00eed <\/b>und <b>Kars <\/b>. Sie sind mit <b>den Dschalalawends von S\u00fcdkurdistan <\/b>und den <b>Gelu <\/b>verwandt, die in <b>vorislamischer <\/b>Zeit <b>das s\u00fcdliche Zagrosgebirge <\/b>bewohnten. <b>Jalalan<\/b>, <b>Jalali,<\/b> <b>Jalilan<\/b>, <b>Jelli<\/b>,       Sie werden <b>Gelli<\/b>, <b>Geloy\u00ee<\/b>, <b>Gelalan<\/b>, <b>Jelalan<\/b>, <b>Jelil\u00ee <\/b>und viele andere \u00e4hnliche Namen genannt. In der Vergangenheit litten sie aufgrund ihres rebellischen Verhaltens unter dem Zorn des <b>Osmanischen Reiches <\/b>und wurden fast alle f\u00fcnfzig Jahre in entlegene Teile der <b>kurdischen <\/b>Geographie vertrieben). <b><\/b><\/p>\n<p><b style=\"color: red;\">El\u00eemohawan<\/b><b> <\/b>(<b>Alimuhammedan<\/b>)<\/p>\n<p><b>Belikan (Biliki)<\/b><\/p>\n<p><b>Hesow Xelef (Heso \u00fb Xelefan)<\/b><\/p>\n<p><b>Cen\u00eekan<\/b><\/p>\n<p><b>Xelkan (Xel\u00eekan. Die H\u00e4uptlinge der Jalali stammen oft aus diesem Stamm).<\/b><\/p>\n<p><b>Misr\u00eekan<\/b><\/p>\n<p><b>Otabl\u00ee<\/b><\/p>\n<p><b>Qadikan<\/b><\/p>\n<p><b style=\"color: red;\">Qizilbashan <\/b><b>(Aleviten)<\/b><\/p>\n<p><b>Sekan (Sakan)<\/b><\/p>\n<figure id=\"attachment_26709\" aria-describedby=\"caption-attachment-26709\" style=\"width: 489px\" class=\"wp-caption aligncenter\"><img loading=\"lazy\" decoding=\"async\" class=\"wp-image-7302 size-full\" src=\"https:\/\/www.xn--krtler-3ya.com\/wp-content\/uploads\/2016\/03\/celali-kurtleri.jpg\" alt=\"\" width=\"489\" height=\"332\"><figcaption id=\"caption-attachment-26709\" class=\"wp-caption-text\"><strong>Dschalali-Kurden in Ostkurdistan im fr\u00fchen 20. Jahrhundert <\/strong><\/figcaption><\/figure>\n<h2 style=\"text-align: left;\"><span style=\"color: #ff0000;\"><b>C\u00eebran (Jibr\u00ee &#8211; Gewran) Konf\u00f6deration<\/b><\/span><\/h2>\n<p><b>( <\/b>Sie leben in <b>Erzurum,<\/b> im nord\u00f6stlichen Teil von<b>Bing\u00f6l <\/b>. Dieser Name ist <b>mit den Gurans <\/b>verwandt). <\/p>\n<p><b>Eliki<\/b><\/p>\n<p><b>Aqa<\/b><\/p>\n<p><b>Ezdinani<\/b><\/p>\n<p><b>Mamekan (Mamaqan)<\/b><\/p>\n<p><b>Muh\u00eel<\/b><\/p>\n<p><b>\u015e\u00eaxikan<\/b><\/p>\n<p><b>Shaderi<\/b><\/p>\n<p><b>Torini<\/b><\/p>\n<p>&nbsp;<\/p>\n<p>&nbsp;<\/p>\n<figure id=\"attachment_26710\" aria-describedby=\"caption-attachment-26710\" style=\"width: 298px\" class=\"wp-caption aligncenter\"><img loading=\"lazy\" decoding=\"async\" class=\"size-full wp-image-7303\" src=\"https:\/\/www.xn--krtler-3ya.com\/wp-content\/uploads\/2016\/03\/Cibranli_Halit_Bey.jpg\" alt=\"\" width=\"298\" height=\"400\"><figcaption id=\"caption-attachment-26710\" class=\"wp-caption-text\"><strong>Cibranl\u0131 Halit Bey vom Stamm der Cibran (osmanischer Offizier und Schwiegervater von Sheikh Said)<\/strong><\/figcaption><\/figure>\n<h2 style=\"text-align: left;\"><strong><span style=\"color: #ff0000;\">Mail\u00e4nder Konf\u00f6deration<\/span><\/strong><\/h2>\n<p><b>(<\/b>Sie leben<b>nordwestlich des Urmia-Sees<\/b>, von <b>Salmas bis Koy<\/b>. Dies ist ein anderer Zweig der ehemaligen <b>Milan- <\/b>oder <b>Milli-Konf\u00f6deration <\/b> <b>in Westkurdistan <\/b>. <b>Sie sind Alawiten<\/b>) <b style=\"color: red; font-family: verdana, sans-serif;\">Dilmakan <\/b><b style=\"font-family: verdana, sans-serif;\">(Dimilkan)<\/b> <b style=\"color: red; font-family: verdana, sans-serif;\">Dolan <\/b><b style=\"font-family: verdana, sans-serif;\">(Dileyn)<\/b> <\/p>\n<p><b style=\"color: red; font-family: verdana, sans-serif;\">Dudakan<\/b><\/p>\n<p><b style=\"color: red; font-family: verdana, sans-serif;\">Xelkan<\/b><\/p>\n<p><b style=\"color: red; font-family: verdana, sans-serif;\">Mamekan <\/b><b style=\"font-family: verdana, sans-serif;\">(Mamagan)<\/b><\/p>\n<p><b style=\"color: red; font-family: verdana, sans-serif;\">Mamdulekan<\/b><\/p>\n<p><b style=\"color: red; font-family: verdana, sans-serif;\">Serman<\/b><\/p>\n<p><b style=\"color: red; font-family: verdana, sans-serif;\">\u015e\u00eaxikan<\/b><\/p>\n<p>&nbsp;<\/p>\n<h2 style=\"text-align: left;\"><span style=\"color: #ff0000;\">Pinyanische Konf\u00f6deration<\/span><\/h2>\n<p><b>( <\/b>Sie sind auch als<b>Pinyani\u015f\u00ee <\/b>bekannt. Sie leben in der <b>n\u00f6rdlichen <\/b>Region <b>Hakkari <\/b>. Etwa 5000 Mitglieder dieser Konf\u00f6deration sollen im fr\u00fchen 20. Jahrhundert <b>Christen <\/b>gewesen sein. Ihre aktuelle Zahl ist unbekannt)   <\/p>\n<p><b>Berkosan<\/b><\/p>\n<p><b>Bil\u00eecan (Belikan)<\/b><\/p>\n<h2 style=\"text-align: left;\"><strong><span style=\"color: #ff0000;\">Shakak (Shikak &#8211; Riwend) Konf\u00f6deration<\/span><\/strong><\/h2>\n<p><b>( <\/b>In den Regionen <b>Dustan <\/b>und <b>Qotur <\/b>zwischen dem<b>nordwestlichen Urmia-See <\/b>und dem <b>Van-See <\/b>. Ihr alter Name, <b>Shah Kak<\/b>, verbindet sie mit St\u00e4mmen wie den <b>Kakais von Zentralkurdistan <\/b>und <b>den Keku\u00ee des s\u00fcdlichen Zagros <\/b>). <\/p>\n<p><b style=\"color: red; font-family: verdana, sans-serif;\">Ebdawi<\/b><\/p>\n<p><b style=\"color: red; font-family: verdana, sans-serif;\">Bhutan <\/b><b style=\"font-family: verdana, sans-serif;\">(Botanisch)<\/b><\/p>\n<p><b style=\"color: red; font-family: verdana, sans-serif;\">Dar\u00ee<\/b><\/p>\n<p><b style=\"color: red; font-family: verdana, sans-serif;\">Dolan<\/b><\/p>\n<p><b style=\"color: red; font-family: verdana, sans-serif;\">Evari<\/b><\/p>\n<p><b style=\"color: red; font-family: verdana, sans-serif;\">Fenak<\/b><b style=\"font-family: verdana, sans-serif;\"> (Fanak)<\/b><\/p>\n<p><b style=\"color: red; font-family: verdana, sans-serif;\">Gur\u00eek<\/b><\/p>\n<p><b style=\"color: red; font-family: verdana, sans-serif;\">Xonara<\/b><\/p>\n<p><b style=\"color: red; font-family: verdana, sans-serif;\">Karker<\/b><\/p>\n<p><b style=\"color: red; font-family: verdana, sans-serif;\">Xelef <\/b><b style=\"font-family: verdana, sans-serif;\">(auch bekannt als Xelef\u00ee und Xelefan)<\/b><\/p>\n<p><b style=\"color: red; font-family: verdana, sans-serif;\">Xedri<\/b><\/p>\n<p><b style=\"color: red; font-family: verdana, sans-serif;\">Movakar\u00ee<\/b><\/p>\n<p><b style=\"color: red; font-family: verdana, sans-serif;\">Nemati<\/b><\/p>\n<p><b style=\"color: red; font-family: verdana, sans-serif;\">N\u00eesan<\/b><\/p>\n<p><b style=\"color: red; font-family: verdana, sans-serif;\">Otamani<\/b><\/p>\n<p><b style=\"color: red; font-family: verdana, sans-serif;\">Pachik<\/b><\/p>\n<p><b style=\"color: red; font-family: verdana, sans-serif;\">Pas Axa<\/b><\/p>\n<p><b style=\"color: red; font-family: verdana, sans-serif;\">Shapiran\u00ee <\/b><b style=\"font-family: verdana, sans-serif;\">(Dilmakag\u00ee)<\/b><\/p>\n<p><b style=\"color: red; font-family: verdana, sans-serif;\">Shukri<\/b><\/p>\n<h2 style=\"text-align: left;\"><span style=\"color: #ff0000;\"><b>S\u00eepkan Konf\u00f6deration<\/b><\/span><\/h2>\n<p><b>( <\/b>Sie sind auch als<b>Spikan <\/b>bekannt. Sie leben in den nordwestlichen Teilen des <b>Vansees<\/b>. Sie sind bev\u00f6lkerungsreich, aber klein, was die Anzahl der St\u00e4mme betrifft).  <\/p>\n<p><b style=\"color: red; font-family: verdana, sans-serif;\">Mamekan<\/b><\/p>\n<p><b style=\"color: red; font-family: verdana, sans-serif;\">S\u00eepkan<\/b><\/p>\n<h2 style=\"text-align: left;\"><span style=\"color: #ff0000;\"><b>Nicht-konf\u00f6derierte St\u00e4mme<\/b><\/span><\/h2>\n<p><b>Ad\u00eeyeman <\/b><b>( <\/b>sie leben n\u00f6rdlich von<b>Baz\u00eed <\/b>) <b>Biradost <\/b><b>( <\/b>sie leben zwischen<b>Rewanduz <\/b>und <b>Hakkari <\/b>) <b>Baz <\/b><b>( <\/b>zwischen \u00c7ukurca und <b>Oramar <\/b>. Sie sind mit dem historischen Stamm der <b>Baz <\/b>verwandt) <b>Bazeyn\u00ee<\/b><b>( <\/b>sie leben \u00f6stlich von<b>Erzurum <\/b>und n\u00f6rdlich von <b>A\u011fr\u0131 <\/b>.<\/p>\n<p> Sie sind mit dem historischen Stamm der <b>Baz <\/b>verwandt. Es ist kein Zufall, dass sie in der Gegend von <b>Baz\u00eed <\/b>(\u00f6stlich von<b>Beyazid<\/b>) leben. <b>Begzade <\/b><b>( <\/b>westlich von<b>Urmia <\/b>) <b>Brukan <\/b><b>( <\/b>Sie leben<b>nord\u00f6stlich von Van <\/b>und westlich von <b>Xoy <\/b>. Sie sind auch als <b>Birikan <\/b>oder <b>Bruskan <\/b>bekannt). <b>Dozk\u00ee <\/b><b>( <\/b>Sie leben<b>n\u00f6rdlich von Dohuk <\/b>und in der Region <b>Hakkari <\/b>.<\/p>\n<p> Sie sind die heutige Fortsetzung des historischen Stammes <b>der Dostk\u00ee <\/b>) <b>Gerd\u00ee <\/b><b>( <\/b>sie leben<b>im Norden von A\u011fr\u0131 <\/b>) <b>Goyan <\/b><b>( <\/b>auch bekannt als<b>Goy\u00ee <\/b>. Sie leben im Norden von <b>Uludere <\/b>. Sie sprechen mit einem <b>Goy\u00ee-Akzent <\/b>) <b>Xelac\u00ee <\/b>(Sie leben<b>im S\u00fcdosten von Bitlis <\/b>.<\/p>\n<p> Obwohl man annimmt, dass sie diesen Namen angenommen haben, weil sie in der Vergangenheit mit der Teppichherstellung besch\u00e4ftigt waren, schreiben sich einige des Stammes <b>Hallaci Mansur <\/b>zu. Einige der <b>Xelac\u00ees <\/b>sind in den sp\u00e4ten 1800er Jahren <b>nach Mara\u015f <\/b>eingewandert). <b>Hemdikan <\/b><b>( <\/b>sie leben zwischen<b>A\u011fr\u0131 <\/b>und <b>Ka\u011f\u0131zman <\/b>) <b>Hesenan <\/b><b>(<\/b>sie leben in den Regionen<b>Malazgirt<\/b>, <b>H\u0131n\u0131s <\/b>und <b>Varto <\/b>.<\/p>\n<p> Einige des Stammes wanderten Ende des 19. Jahrhunderts <b>in das \u00f6stliche Mittelmeer <\/b>aus) <b>Hewatan <\/b><b>( <\/b>Sie leben<b>s\u00fcd\u00f6stlich von Bitlis <\/b>) <b>Heyderanl\u0131 <\/b><b>( <\/b>Einige des Stammes, die<b>n\u00f6rdlich von Malazgirt <\/b>leben, lie\u00dfen sich Ende des 19. Jahrhunderts in <b>Iskenderun <\/b>und <b>Silifke <\/b>nieder) <b>Heyr\u00fbn\u00ee <\/b>(Sie leben<b>nordwestlich von Cizre <\/b>) <b>Geylani <\/b><b>( <\/b>Sie sind auch als<b>Ceylan\u00ee <\/b>und <b>G\u00ealan\u00ee <\/b>bekannt. Sie leben zwischen <b>Rewanduz <\/b>und <b>Hakkari <\/b>.<\/p>\n<p> Es ist ein Stamm, der in der Vergangenheit Gelehrte wie <b>Abd\u00fclkadir Geylan\u00ee <\/b>hervorgebracht hat). <b>Xan\u00eeyan <\/b><b>( <\/b>auch bekannt als<b>Xan\u00ee <\/b>und <b>Xan\u00ea <\/b>. Der Dichter <b>Ehmede Xan\u00ee <\/b>stammte aus diesem Stamm) <b>Mamekan <\/b>(oder <b>Mamaqan<\/b>. Sie leben westlich von <b>Xoy <\/b>) <b>Manuran <\/b><b>( <\/b>Sie leben s\u00fcdlich von<b>Agri <\/b>) <b>M\u00eeran <\/b><b>( <\/b>Sie leben \u00f6stlich von<b>Bitlis <\/b>) <b>Nu\u015f\u00eeyan <\/b><b>( <\/b>Auch bekannt als<b>Nu\u00e7\u00eeyan <\/b>, der Stamm siedelt <b>in Hakkari <\/b>)<\/p>\n<p><b>Oramar <\/b>(siedeln um Hakkari) <b>Paziki <\/b>(bekannt als Baziki, <b>Pazuki <\/b>und <b>Beski <\/b>. Sie leben <b>im S\u00fcdosten von Erzurum <\/b>.<\/p>\n<p> Ein Teil des Stammes wanderte in den fr\u00fchen 1800er Jahren aus und lie\u00df sich in der Region <b>Urfa <\/b>nieder und wurde zu einem Stamm unter dem Namen <b>Besk\u00ee <\/b>) <b>Re\u015fwend <\/b><b>( <\/b>auch bekannt als<b>Re\u015fvan <\/b>. Sie leben <b>s\u00fcd\u00f6stlich von Erzurum <\/b>) <b>Rewandok <\/b><b>( <\/b>auch bekannt als<b>Rewanduz <\/b>und leben <b>in Hakkari <\/b>) <b>\u015eemsik\u00ee <\/b><b>( <\/b>leben \u00f6stlich von<b>Van <\/b>) <b>Sind\u00ee <\/b>(leben n\u00f6rdlich von<b>Zakho <\/b>) <b>Silopi <\/b>(leben \u00f6stlich von<b>Cizre <\/b>)<\/p>\n<p><b>Sur\u00e7\u00ee <\/b><b>( <\/b>sie leben<b>nord\u00f6stlich von Hewl\u00ear <\/b>und in der N\u00e4he von <b>Akre <\/b>) <b>Tak\u00fbl\u00ee <\/b>(sie leben \u00f6stlich von<b>Van <\/b>) <b>Zerza <\/b><b>( <\/b>sie leben um<b>Sihn\u00fb <\/b>. Sie sprechen teilweise <b>Dimili <\/b>und ihr <b>sunnitischer <\/b>Glaube steht dem <b>Alevitentum <\/b>nahe). <b>Zibar\u00ee <\/b>(Sie leben an den Ufern des mittleren Arms des Gro\u00dfen <b>Zap-Flusses <\/b>).<\/p>\n<h2 style=\"text-align: left;\"><b><span style=\"color: #ff0000;\">Berazi Konf\u00f6deration<\/span> <\/b><\/h2>\n<p>( <b>Suru\u00e7\u2019tan <\/b>ba\u015flayarak <b>Samsat<\/b>, <b>Antep<\/b>, <b>Mara\u015f<\/b> ve <b>Halep\u2019e <\/b>kadar olan alan\u0131 kaplarlar. <b>Kuzey Kurmancisi <\/b>konu\u015furlar. Genel olarak <b>S\u00fcnni <\/b>olan a\u015firetin <b>Mara\u015f\u2019ta <\/b>bulunan uzant\u0131lar\u0131 <b>Alevidirler<\/b>. <b>Do\u011fu K\u00fcrdistan\u2019daki Beraz\u00eeler <\/b>ile ba\u011flant\u0131l\u0131d\u0131rlar. <b>Erzurum <\/b>ve <b>Kuru\u00e7ay <\/b>dolaylar\u0131nda ya\u015fayan <b>Beraz\u00ee <\/b>a\u015fireti bu konfederasyondan kopmu\u015f ve <b>1730<\/b>\u2032da <b>Suru\u00e7 <\/b>dolaylar\u0131ndan g\u00f6\u00e7 etmi\u015f aileler taraf\u0131ndan olu\u015fturulmu\u015ftur.   Nach dem <b>Scheich-Said-Aufstand <\/b>von 1925 wurde die Konf\u00f6deration weitgehend aufgel\u00f6st und einige ihrer Mitglieder leben heute im <b>Libanon<\/b>, in <b>Sulaimaniya <\/b>und <b>Hama <\/b>). <b>Elad\u00eenan <\/b><b>( <\/b>auch bekannt als<b>Aladd\u00een <\/b>und <b>Eled\u00een <\/b>) <b>Didan <\/b><b>( <\/b>auch bekannt als<b>D\u00eed\u00ee <\/b>und <b>H\u00fbd\u00ee <\/b>. Obwohl der Name <b>H\u00fbd\u00ee <\/b>auf eine fr\u00fchere Verbindung <b>zum Judentum <\/b>hinweist, <b>ist <\/b>der Stamm <b>sunnitisch <\/b>und spricht <b>Nordkurmandschi <\/b>)<\/p>\n<p><b>Dinan <\/b><b>( <\/b>auch bekannt als<b>Dinnayan <\/b>und <b>Dina\u00ee <\/b>. Es ist bekannt, dass der Stamm <b>aus Dinawer <\/b>hervorgegangen ist und der Stamm den gr\u00f6\u00dften Stamm <b>der Beraz-Konf\u00f6deration <\/b>darstellt. Es ist bekannt, dass dieser Stamm, der in der Vergangenheit haupts\u00e4chlich <b>aus Jesiden <\/b>bestand, seit den fr\u00fchen 1800er Jahren sunnitisch geworden ist. ) <b>Qereg\u00ea\u00e7an <\/b><b>( <\/b>Auch bekannt als<b>Karake\u00e7ili <\/b>und <b>Karage\u00e7ili <\/b>. Alle Mitglieder dieses Stammes in der Region <b>Beraz <\/b>sprechen reines <b>Nordkurmandschi <\/b>und <b>sind Sunniten<\/b>.)  <\/p>\n<p><b>K\u00eatikan<\/b><\/p>\n<p><b>Meafan<\/b><\/p>\n<p><b>M\u00eer<\/b><\/p>\n<p><b>Oxyyan<\/b><\/p>\n<p><b>P\u00eejan (P\u00eecan)<\/b><\/p>\n<p><b>Schadadan (Shadad)<\/b><\/p>\n<p><b>\u015e\u00eaxan<\/b><\/p>\n<p><b>Zerwan<\/b><\/p>\n<figure id=\"attachment_26711\" aria-describedby=\"caption-attachment-26711\" style=\"width: 400px\" class=\"wp-caption alignnone\"><img loading=\"lazy\" decoding=\"async\" class=\"size-full wp-image-7304\" src=\"https:\/\/www.xn--krtler-3ya.com\/wp-content\/uploads\/2016\/03\/suruc-Berazi-asireti-erkek-ve-kadin.jpg\" alt=\"\" width=\"400\" height=\"305\"><figcaption id=\"caption-attachment-26711\" class=\"wp-caption-text\"><strong>M\u00e4nner- und Frauenkleidung der Berazis von Suru\u00e7 (1902).<\/strong><\/figcaption><\/figure>\n<h2><span style=\"color: #ff0000;\"><br \/>\nBerwari Konf\u00f6deration<\/span><\/h2>\n<p>( <b>Perwar\u00ee <\/b>olarak da bilinen konfederasyon <b>Amediye <\/b>ile <b>Uludere <\/b>aras\u0131nda yerle\u015fiktir.)  <\/p>\n<p><b style=\"color: red; font-family: verdana, sans-serif;\">Berwar\u00ee Bala<\/b><\/p>\n<p><b style=\"color: red; font-family: verdana, sans-serif;\">Berwar\u00ee J\u00eer<\/b><\/p>\n<h2 style=\"text-align: left;\"><span style=\"color: #ff0000;\">Chavrish Konf\u00f6deration<\/span><\/h2>\n<p><b>(<\/b>Sie leben in den n\u00f6rdlichen und nordwestlichen Teilen<b>von Semsur<\/b><b>(Ad\u0131yaman<\/b>). Sie sprechen <b>Dimil\u00ee <\/b>und <b>Nordkurmandschi <\/b>, die meisten von ihnen <b>sind Aleviten<\/b>, die sich als <b>Qizilba\u015f <\/b>identifizieren)    <\/p>\n<p><b>Bir\u00eemsan<\/b><\/p>\n<p><b>T\u00ea\u015fik<\/b><\/p>\n<p><b style=\"color: red;\">Ziravkan <\/b><b>(Ziroskan<\/b>)<\/p>\n<h2 style=\"text-align: left;\"><span style=\"color: #ff0000;\"><b>Dersiman (Dilaman &#8211; Deyleman) Konf\u00f6deration<\/b><\/span><\/h2>\n<p><b>(<\/b> Sie befinden sich in der Region, die sich<b>von Erzincan bis<\/b> <b>Dersim <\/b>und <b>Elaz\u0131\u011f <\/b>erstreckt. Sie sprechen <b>Dimil\u00ee <\/b>und <b>sind Aleviten<\/b>)  <\/p>\n<p><b>Ebbasan<\/b><\/p>\n<p><b>Bext\u00eeyar\u00ee<\/b><\/p>\n<p><b style=\"color: red;\">Bala Ushaxi <\/b><b>( <\/b>nord\u00f6stlich von<b>Dersim <\/b>) <b style=\"color: red;\">Farhad Ushaxi <\/b>(\u00f6stlich von<b>Dersim <\/b>) <b style=\"color: red;\">Guran <\/b><b>(Gewran<\/b>)<\/p>\n<p><b>Karabar<\/b><\/p>\n<p><b>Ko\u00e7man (Ki\u00e7ir. Kurdische Zigeuner   <\/b>sind bekannt als)<\/p>\n<p><b>Kuzl\u00ee\u00e7an<\/b><\/p>\n<p><b>Lachin<\/b><\/p>\n<p><b>Milan<\/b><\/p>\n<p><b>M\u00eerzan<\/b><\/p>\n<p><b>Shabak (Shawak)<\/b><\/p>\n<p><b>Ushax (Ocax)<\/b><\/p>\n<p><b>Hormek<\/b><\/p>\n<p><b>Lolan<\/b><\/p>\n<h2 style=\"text-align: left;\"><span style=\"color: #ff0000;\"><b>Haverka Konf\u00f6deration<\/b><\/span><\/h2>\n<p><b style=\"font-family: verdana, sans-serif;\">( <\/b>Auch<b style=\"font-family: verdana, sans-serif;\">Hawerka <\/b>buchstabiert. Sie leben in den Regionen <b style=\"font-family: verdana, sans-serif;\">Tur Abidin <\/b>und <b style=\"font-family: verdana, sans-serif;\">Mardin <\/b>. Sie sprechen den <b style=\"font-family: verdana, sans-serif;\">Kurmandschi-Dialekt <\/b>und <b style=\"font-family: verdana, sans-serif;\">sind Sunniten<\/b>)  <b><br \/>\n<\/b><\/p>\n<p><b>El\u00eeyan<\/b><\/p>\n<p><b>Dasikan<\/b><\/p>\n<p><b>Gerger<\/b><\/p>\n<p><b style=\"color: red;\">Mahalimi <\/b><b>(Mih\u00ealm\u00ee<\/b>)<\/p>\n<p><b>Mazidax<\/b><\/p>\n<p><b>Mazizah<\/b><\/p>\n<p><b>Moman<\/b><\/p>\n<h2 style=\"text-align: left;\"><b><span style=\"color: #ff0000;\">Kochgiri Konf\u00f6deration<\/span> <\/b><\/h2>\n<p><b>( <\/b>Sie sind an der Linie angesiedelt, die sich vom Westen des<b>Euphrat <\/b>bis nach <b>Sivas <\/b>erstreckt. Sie sprechen die Dialekte Zazaki und <b>Kurmanji <\/b>und <b>sind Aleviten<\/b>)<br \/>\n<b><br \/>\n<\/b><\/p>\n<p><b>Barlan<\/b><\/p>\n<p><b>Gerawan (Gerawend)<\/b><\/p>\n<p><b>Iban<\/b><\/p>\n<p><b>Sharan<\/b><\/p>\n<h2 style=\"text-align: left;\"><b><span style=\"color: #ff0000;\">Kur\u00ea\u015f (Qur\u00eay\u015fan) Konf\u00f6deration<\/span> <\/b><\/h2>\n<p><b>( <\/b>Sie leben in einer Linie, die sich vom Osten und Nordosten von<b>Erzincan <\/b>in Richtung <b>Erzurum <\/b>erstreckt. Sie sprechen einen <b>kurmanischen <\/b>Dialekt. <b>Aleviten<\/b>, ein sehr kleiner Teil von ihnen <b>sind Sunniten<\/b>) <b>Badil<\/b><b>(Badillan<\/b>, <b>Baydilli<\/b>, <b>Badilli<\/b>)   <\/p>\n<p><b>Balaban  <\/b><\/p>\n<p><b>Shadi<\/b><\/p>\n<h2 style=\"text-align: left;\"><b><span style=\"color: #ff0000;\">Mail\u00e4nder (Nationale) Konf\u00f6deration<\/span> <\/b><\/h2>\n<p><b>( <\/b>Sie leben in der Region, die sich vom<b>Euphrat <\/b>bis nach <b>Mardin <\/b>und dem <b>Sinjar-Gebirge <\/b>erstreckt. Sie sprechen <b>Nordkurmandschi <\/b>. <b>Sie sind Sunniten<\/b>)  <\/p>\n<p><b>El\u00eeya<\/b><\/p>\n<p><b>Berguhan <\/b><b>( <\/b>Auch bekannt als<b>Baggaran <\/b>, der Stamm ist bekannterma\u00dfen <b>arabischer <\/b>Abstammung.) <b>Besk\u00ee <\/b>(Ein Zweig des Stammes der Gro\u00dfen <b>Baziki <\/b>. Sie wanderten in den fr\u00fchen 1800er Jahren <b>von Serhed nach Urfa <\/b>ein). <b>Bucax <\/b><b>(Bucak<\/b>)<\/p>\n<p><b>Cekali<\/b><\/p>\n<p><b>Chemikan<\/b><\/p>\n<p><b>\u00c7\u00eeya Re\u015f<\/b><\/p>\n<p><b>Danan<\/b><\/p>\n<p><b>Dashe<\/b><\/p>\n<p><b>Dir\u00eajan<\/b><\/p>\n<p><b>Hec\u00ee Beyram<\/b><\/p>\n<p><b>Xoshiyan<\/b><\/p>\n<p><b>\u00ces\u00ea Adet<\/b><\/p>\n<p><b>\u00cezol\u00ee<\/b><\/p>\n<p><b>Canbeg\u00ee<\/b><\/p>\n<p><b>Kelandilan<\/b><\/p>\n<p><b>Kass\u00eeyan\u00ee<\/b><\/p>\n<p><b>Kewat<\/b><\/p>\n<p><b>Kelish<\/b><\/p>\n<p><b>Xelkan <\/b><b>(Xellacan<\/b>)<\/p>\n<p><b>Kum Resh<\/b><\/p>\n<p><b>Mendan<\/b><\/p>\n<p><b>Merd<\/b><\/p>\n<p><b>Matm\u00eeya<\/b><\/p>\n<p><b>Manli<\/b><\/p>\n<p><b>Mashkan<\/b><\/p>\n<p><b>Nasr\u00eeyan<\/b><\/p>\n<p><b>Porxa<\/b><b><\/b><\/p>\n<p><b>Sanan<\/b><\/p>\n<p><b>Sarkan<\/b><\/p>\n<p><b>Shivan <\/b><b>(Shiwan<\/b>)<\/p>\n<p><b>Tirkan  <\/b><\/p>\n<p><b>Zeydan<\/b><\/p>\n<p><b>Zirafkan<\/b><\/p>\n<h2 style=\"text-align: left;\"><b><span style=\"color: #ff0000;\">Motikan (Modk\u00ee oder Mot\u00ee) Konf\u00f6deration<\/span> <\/b><\/h2>\n<p><b>( <\/b>Sie leben in der Region<b>von Bing\u00f6l bis in die <\/b>N\u00e4he von<b>Diyarbak\u0131r <\/b>. Diese Konf\u00f6deration, die einst den Kern der <b>\u00c7emi\u015fgezek-Konf\u00f6deration <\/b>bildete, besteht \u00fcberwiegend aus <b>Sunniten<\/b>, die den <b>Zazaki-Dialekt <\/b>sprechen. <\/p>\n<p><b>Erik\u00ee<\/b><\/p>\n<p><b style=\"color: red;\">Boban <\/b><b>(Ihr Vater<\/b>)<\/p>\n<p><b>Keyburan<\/b><\/p>\n<p><b>Kusan<\/b><\/p>\n<p><b>Piramusi<\/b><\/p>\n<p><b>Ru\u00e7aba<\/b><\/p>\n<p><b>Zeydan<\/b><\/p>\n<h2 style=\"text-align: left;\"><b><span style=\"color: #ff0000;\">S\u00eelvanische Konf\u00f6deration<\/span> <\/b><\/h2>\n<p><b>( <\/b>Sie befinden sich zwischen<b>Cizre <\/b>und <b>Zakho <\/b>und <b>Duhok <\/b>. Sie sprechen den <b>Kurmandschi-Dialekt <\/b>und <b>sind Sunniten<\/b>)  <\/p>\n<p><b>Dudwada<\/b><\/p>\n<p><b>Gul\u00ee<\/b><\/p>\n<p><b>Seydahr<\/b><\/p>\n<p><b style=\"color: red;\">S\u00eena <\/b><b>(S\u00eenan<\/b>)<\/p>\n<p><b>Sindhi<\/b><\/p>\n<h2 style=\"text-align: left;\"><b><span style=\"color: #ff0000;\">Jesidische Konf\u00f6deration<\/span> <\/b><\/h2>\n<p><b>( <\/b>Sie leben in Gruppen zwischen<b>Mosul <\/b>und <b>Antiochia <\/b>, mit der gr\u00f6\u00dften Konzentration in der Gegend des <b>Sinjar-Gebirges<\/b>. Es handelt sich dabei nicht um einen gew\u00f6hnlichen Stammesverband, sondern um eine Koalition von <b>nordkurmandschisprachigen <\/b>St\u00e4mmen, deren Mitglieder zum Jesidentum konvertiert sind. <\/p>\n<p><b style=\"color: red; font-family: verdana, sans-serif;\">El\u00eeyan<\/b><\/p>\n<p><b>Anidi <\/b><b>(Danedi<\/b>)<\/p>\n<p><b>Balad<\/b><\/p>\n<p>Dasen<b>(Das\u00een <\/b>&#8211; <b>Dasnai<\/b>)<\/p>\n<p><b>Dasikan<\/b><\/p>\n<p><b>Dorkan<\/b><\/p>\n<p><b>Xalidi<\/b><\/p>\n<p><b>Mendikan <\/b> <b>(<\/b>in mittelalterlichen <b>armenischen <\/b>Quellen erw\u00e4hnte <b>Menduker<\/b>)<\/p>\n<p><b>Samuga<\/b><\/p>\n<p><b>Sashili<\/b><\/p>\n<h2 style=\"text-align: left;\"><b><span style=\"color: #ff0000;\">Nicht-konf\u00f6derierte St\u00e4mme<\/span> <\/b><\/h2>\n<p>( <b style=\"font-family: verdana, sans-serif;\">Kuzey Kurmancisi <\/b>konu\u015fan a\u011f\u0131rl\u0131kl\u0131 <b>S\u00fcnni<\/b>,ayr\u0131ca <b>Alevili\u011fi <\/b>de benimseyenler de vard\u0131r.) <b>Elikan <\/b>(<b>Elaz\u0131\u011f\u2019\u0131n <\/b>g\u00fcneybat\u0131s\u0131ndan <b>Diyarbak\u0131r\u2019a <\/b>kadar uzan\u0131rlar. <b>Kuzey<\/b> <b>Kurmancisi <\/b>konu\u015furlar, <b>Alevidirier<\/b>) <b>A\u015f\u00eeta<\/b> (<b>Suriye\u2019deki Cezire<\/b> b\u00f6lgesinde ya\u015farlar) <b>Etmanekan<\/b> (<b>Diyarbak\u0131r<\/b>, <b>Urfa <\/b>ile <b>Hakkar\u00ee<\/b> aras\u0131nda \u00f6bekler halinde ya\u015farlar.   <\/p>\n<p> Ein Zweig befindet sich in den <b>anatolischen <\/b>Gebieten. Sie sind auch als <b>Atm\u00ee<\/b>, <b>Etman<\/b>, <b>Atman <\/b>bekannt). <b>Bereket <\/b><b>( <\/b>Sie leben n\u00f6rdlich von<b>Anteb <\/b>) <b>Belikan <\/b><b>( <\/b>Sie leben n\u00f6rdlich von<b>Bing\u00f6l <\/b>und s\u00fcdlich und s\u00fcd\u00f6stlich <b>von Antep <\/b>. <b>In Bing\u00f6l sind sie Zazaki<\/b> sprechende <b>Aleviten <\/b>, w\u00e4hrend <b>sie in Antep Kurmanji <\/b>sprechende <b>Sunniten<\/b> sind).<\/p>\n<p><b>Besn\u00ee <\/b><b>( <\/b>Sie leben in<b>Ad\u0131yaman <\/b>und Umgebung und tragen den gleichen Namen wie die Stadt <b>Besn\u00ee <\/b>.) <b>Dahori <\/b><b>( <\/b>Sie leben in den Regionen vom S\u00fcdwesten<b>Diyarbak\u0131rs <\/b>bis nach <b>Amude in Syrien<\/b> ) <b>Delikan <\/b><b>( <\/b>Sie leben im Nordwesten und Westen von<b>Aleppo <\/b>und <b>sind<\/b> teilweise <b>Aleviten<\/b>) <b>Derecan <\/b><b>( <\/b>Sie leben im Nordwesten von<b>Malatya <\/b><b>.<\/b> Sie sprechen<b>Zazaki<\/b> und <b>Nordkurmandschi <\/b>und <b>sind Aleviten<\/b>)<\/p>\n<p><b>Dudari <\/b><b>(<\/b> auch bekannt als<b>Dider\u00ee<\/b>. Sie leben nord\u00f6stlich von <b>Mardin <\/b>) <b>Dumbuli <\/b><b>(D\u00fcnbeli <\/b>&#8211; <b>D\u00fcmb\u00fcll\u00fc<\/b>. Sie leben in der Region des <b>Sinjar-Gebirges <\/b>. Sie sprechen <b>Zazaki <\/b>) <b>Cebbaran <\/b><b>( <\/b>Sie leben um<b>Amude <\/b>) <b>Goyan <\/b><b>( <\/b>Sie leben <b>in Kilaban <\/b>, nord\u00f6stlich von<b>S\u00eelopi <\/b>.<\/p>\n<p> Einige von ihnen sprechen <b>Zazaki <\/b>) <b>Guli <\/b><b>( <\/b>auch bekannt als<b>Gel\u00ee <\/b>und <b>Gil\u00ee <\/b>. Sie leben zwischen <b>Zakho <\/b>und dem Fluss <b>P\u00ea\u015fxab\u00fbr <\/b>) <b>Hawerka <\/b><b>( <\/b>Sie leben in der Region<b>Jazira in Syrien <\/b>) <b>\u00cezoli <\/b><b>( <\/b>Sie leben zwischen<b>Ad\u0131yaman <\/b>und <b>Urfa <\/b>) <b>Celikan <\/b><b>(Celilkan<\/b>. Sie leben in der Region von <b>Ad\u0131yaman <\/b>s\u00fcdlich bis <b>Antep <\/b>)<\/p>\n<p><b>Canbeg\u00ee <\/b><b>( <\/b>Sie leben zwischen<b>Ad\u0131yaman <\/b>und <b>Siverek <\/b>) <b>Qeregi\u00e7 <\/b><b>(Qerage\u00e7 <\/b>&#8211; <b>Karake\u00e7ili<\/b>. Sie leben zwischen <b>Siverek <\/b>und <b>Diyarbakir <\/b>, mit einigen Ansammlungen in der Region <b>Tur Abidin <\/b>. Sie sprechen <b>Zazaki<\/b> und sind Aleviten. Sehr wenige von ihnen <b>sind Sunniten <\/b>und sprechen <b>Nordkurmandschi <\/b>) <b>Xidirsor <\/b><b>( <\/b>Sie leben nordwestlich von<b>Ad\u0131yaman <\/b>.<\/p>\n<p> Sie sprechen <b>Nordkurmandschi <\/b>und <b>sind Aleviten<\/b>) <b>Kik\u00ee <\/b><b>( <\/b>sie leben in der Region von s\u00fcdlich von<b>Antep <\/b>bis <b>Aleppo <\/b>) <b>Kot\u00ee <\/b><b>( <\/b>sie leben s\u00fcd\u00f6stlich von<b>Malatya <\/b>.<\/p>\n<p> Es wird betont, dass sie Beziehungen <b>zu den <\/b>historischen <b>Guti <\/b>gehabt haben k\u00f6nnten). <b>Kowa <\/b><b>(Kao <\/b>&#8211; <b>Qovan<\/b>. Sie leben im Osten von <b>Ad\u0131yaman <\/b>. Sie sprechen <b>Nordkurmandschi <\/b>und <b>sind Aleviten<\/b>) <b>Lak Kurd\u00ee ( <\/b>Sie leben im <b>Ceyhan-Flussbecken <\/b>, im \u00f6stlichen und nord\u00f6stlichen Teil <b>von Adana <\/b>. Einige von ihnen sprechen <b>Lak\u00ee<\/b>, einige sprechen <b>Kurmandschi <\/b>, <b>sie sind Aleviten<\/b>.<\/p>\n<p>  Nur sehr wenige von ihnen <b>sind Sunniten<\/b>). <b>Malikan <\/b><b>(<\/b>auch bekannt als<b>Mel\u00eek<\/b>, <b>M\u00ealik <\/b>und <b>M\u00ealikan <\/b>. Sie leben \u00f6stlich von Malatya und \u00f6stlich von <b>Urfa<\/b> ) <b>Mendukan <\/b><b>(Mendikan<\/b>. Sie leben <b>in Tal Afer<\/b>. Sie sprechen <b>Nordkurmandschi <\/b>. Sie sind \u00fcberwiegend Jesiden.) <b>Mardas <\/b><b>(Mird\u00eas\u00ee <\/b>&#8211; <b>Mardis<\/b>. Sie leben zwischen <b>Narince <\/b>und <b>Euphrat <\/b>.<\/p>\n<p> Ein kleiner Teil <b>befindet sich in Urfa<\/b>. Sie sprechen <b>Nordkurmandschi <\/b>. <b>Sie sind Sunniten<\/b>) <b>M\u00eeran <\/b><b>( <\/b>sie leben<b>in Cizre <\/b>) <b>M\u00eers\u00eenan <\/b><b>( <\/b>sie leben s\u00fcdlich von<b>Diyarbak\u0131r <\/b>) <b>Miz\u00fbr\u00ee <\/b><b>( <\/b>sie leben in der Region<b>Dohuk <\/b>) <b>Paziki <\/b><b>( <\/b>auch als<b>Baziki <\/b>und <b>Besk\u00ee <\/b>bekannt. Sie leben in der Umgebung von <b>Samsat <\/b>. <\/p>\n<p> Sie sprechen <b>Nordkurmandschi <\/b>und <b>sind Aleviten<\/b>) <b>Pishnik <\/b><b>( <\/b>Sie leben im Nordwesten von<b>Ad\u0131yaman <\/b>.<\/p>\n<p> Sie sprechen <b>Nordkurmandschi<\/b> und <b>sind Aleviten<\/b>) <b>Porka <\/b><b>( <\/b>Sie leben s\u00fcdlich von Malatya, sprechen<b>Zazaki <\/b>und <b>Nordkurmandschi <\/b>und <b>sind Aleviten<\/b>) <b>Shabak <\/b><b>(Shavak<\/b>. Sie leben im Norden von <b>Elaz\u0131\u011f <\/b>, <b>Bing\u00f6l <\/b>und einem Gebiet in der N\u00e4he von <b>Dersim <\/b>.<\/p>\n<p> <b>Sie sind<\/b> \u00fcberwiegend <b>Zazaki <\/b>sprechende <b>Aleviten<\/b>). <b>Shuweysh <\/b><b>( <\/b>auch bekannt als<b>Saweysh <\/b>und <b>Subeysh <\/b>. Sie leben um <b>Amude in Syrien, <\/b>einige von ihnen <b>leben in Konya<\/b>. Sie sind mit dem Dorf <b>Sw\u00ead\u00ee in Suru\u00e7 <\/b>verwandt). <b>S\u00eenamin\u00ee <\/b><b>( <\/b>Auch bekannt als<b>Sinan <\/b>. Sie leben in den s\u00fcdlichen, n\u00f6rdlichen und nordwestlichen Teilen von <b>Malatya <\/b>und in den n\u00f6rdlichen Teilen von <b>Antep <\/b>. Sie sprechen mit einem <b>Lak\u00ee-Akzent <\/b>und <b>sind im Allgemeinen Aleviten<\/b>)<\/p>\n<p><b>Sind\u00ee <\/b><b>( <\/b>Sie leben zwischen<b>Zakho <\/b>und dem Fluss <b>P\u00ea\u015fxabur <\/b>) <b>Tirikan <\/b><b>( <\/b>Sie leben nord\u00f6stlich von<b>Diyarbak\u0131r <\/b>. Wir werden eine Analyse ihrer Behauptung, dass sie Turkmenen sind, auf unserer Website ver\u00f6ffentlichen. Sie <b>sind Sunniten <\/b>und sprechen <b>Nordkurmandschi <\/b>). <b>Zeydan <\/b><b>( <\/b>auch bekannt als<b>Ze\u00eedan <\/b>. Sie leben \u00f6stlich von <b>Bing\u00f6l <\/b>und n\u00f6rdlich von <b>Mu\u015f <\/b>.<\/p>\n<p> In der Vergangenheit war es ein Stamm der ehemaligen <b>Rojk\u00ee-Konf\u00f6deration <\/b>, die sich im 19. Jahrhundert aufl\u00f6ste) <b>Cum <\/b><b>(<\/b>auch bekannt als<b>Jom<\/b>, <b>Jum\u00ee <\/b>und <b>Cum\u00eeyan <\/b>. Sie verbreiteten sich von <b>Antep <\/b>und <b>Kilis <\/b>bis in das Gebiet um den <b>Kurdischen Berg <\/b>). <b>Canpolat <\/b><b>(Canbolad<\/b>. Sie leben in kleinen Gemeinden <b>in Ayntab, Kilis<\/b> und <b>Urfa <\/b>. Ein gro\u00dfer Teil des Stammes wurde in den fr\u00fchen 1600er Jahren zerstreut, als sie sich gegen <b>die Osmanen <\/b>auflehnten. Sie leben jedoch immer noch in ihren urspr\u00fcnglichen Zentren).<\/p>\n<h2 style=\"text-align: left;\"><span style=\"color: #ff0000;\">Kurdische St\u00e4mme in Zentralanatolien<\/span><\/h2>\n<p><b>( <\/b>Sie sprechen einen<b>kurmandischen <\/b>Dialekt und <b>sind Sunniten<\/b>. Die meisten St\u00e4mme wanderten ab 1600 <b>aus der kurdischen Region <\/b>ein oder wurden hierher verbannt). <\/p>\n<p style=\"text-align: left;\"><strong><span style=\"color: #993300;\">A- S\u00dcDLICHE SEITE<\/span><\/strong><\/p>\n<p><b>Bezeyni <\/b><b>( <\/b>Sie sind ein Zweig des Stammes, der auch als<b>\u015e\u00eaxbizni <\/b>bekannt ist. Sie leben \u00f6stlich des <b>Tuz-Sees <\/b>) <b>Canbeg\u00ee <\/b>(Die H\u00e4lfte dieses Stammes lebt zwischen <b>Yunak <\/b>und <b>Polatl\u0131 <\/b>. Es ist bekannt, dass der Bezirk <b>Cihanbeyli in Konya <\/b>von diesem Stamm gegr\u00fcndet wurde.<\/p>\n<p> Der Stamm stammt aus <b>Suru\u00e7 <\/b><b>(Beraz\u00ee<\/b>) und wanderte Mitte der 1700er Jahre massenhaft hierher ein). <b>Cudikan <\/b><b>( <\/b>sie leben n\u00f6rdlich des<b>Tuz-Sees <\/b>) <b>Xelkan <\/b><b>( <\/b>auch bekannt als<b>Xel\u00eekan <\/b>. Sie leben um <b>Cihanbeyli <\/b>) <b>Motk\u00ee <\/b><b>( <\/b>auch bekannt als<b>Mudk\u00ee <\/b>. Sie leben s\u00fcd\u00f6stlich des <b>Tuz-Sees <\/b>. Sie sprechen <b>Zazaki <\/b>und <b>sind Sunniten<\/b>) <b>Nas\u0131ran <\/b><b>( <\/b>Sie leben um die Stadt<b>Bala <\/b>)<\/p>\n<p><b>Sinemili <\/b><b>(S\u00eenan<\/b>. Sie leben \u00f6stlich des <b>Tuz-Sees <\/b>. Sie sprechen <b>Kurmandschi <\/b>und der gesamte Stamm <b>ist alevitisch<\/b>).<\/p>\n<p><b>Seyfkan\u00ee <\/b><b>( <\/b>leben um<b>Haymana <\/b>)<\/p>\n<p style=\"text-align: left;\"><strong><span style=\"color: #993300;\">B- N\u00d6RDLICHE ERDE<\/span><\/strong><\/p>\n<p><b>Etmanekan <\/b><b>( <\/b>leben<b>im Nordosten von Ankara <\/b>) <b>Badeli <\/b><b>( <\/b>auch bekannt als<b>Bad\u0131ll\u0131 <\/b>. Sie leben im <b>S\u00fcden <\/b>und <b>S\u00fcdwesten von <\/b> <b>Yozgat <\/b>) <b>Bereket <\/b><b>(<\/b>leben im<b>Norden von Nev\u015fehir<\/b>, gegen\u00fcber dem <b>K\u0131z\u0131l\u0131rmak <\/b>) <b>Bezeyn\u00ee <\/b><b>( <\/b>auch bekannt als<b>\u015e\u00eaxbizn\u00ee <\/b>. Sie leben <b>nordwestlich von \u00c7orum <\/b>und <b>westlich <\/b>und <b>nordwestlich<\/b> <b>von K\u0131r\u015fehir <\/b>, nahe dem <b>K\u0131z\u0131l\u0131rmak <\/b>.<\/p>\n<p> Einige von ihnen lie\u00dfen sich in den 1700er Jahren <b>in Sinop <\/b>nieder und wurden <b>mit dem Siedlungsgesetz <\/b>von 1934 umverteilt). <b>Heciban\u00ee <\/b><b>( <\/b>auch bekannt als<b>Hadhabani <\/b>und <b>Hizban\u00ee <\/b>. Sie siedeln im Norden von <b>Kayseri <\/b>, in der N\u00e4he des <b>Flusses K\u0131z\u0131l\u0131rmak <\/b>) <b>Xatuno\u011flu <\/b>(auch bekannt als<b>Xat\u00fbn\u00ee<\/b>. Sie leben <b>im S\u00fcden von Yozgat <\/b>und ein kleiner Teil von ihnen <b>ist t\u00fcrkisiert worden<\/b>).<\/p>\n<p><b>Mahan\u00ee <\/b><b>( <\/b>Sie leben in und um<b>K\u0131r\u015fehir <\/b>und <i><b>Kara <\/b><\/i>Sie sind als <b>Kurden <\/b>bekannt) <b>Milan <\/b><b>( <\/b>auch bekannt als<b>Milli <\/b>. Sie leben n\u00f6rdlich von <b>\u00c7orum <\/b>) <b>\u015eevel\u00ee <\/b><b>( <\/b>Sie leben westlich von \u00c7orum und nahe <b>K\u0131z\u0131l\u0131rmak <\/b>) <b>Tirikan <\/b><b>( <\/b>Sie leben westlich von<b>Ankara <\/b>und s\u00fcdlich von <b>\u00c7ank\u0131r\u0131 <\/b>)<\/p>\n<p><b>\u00d6k\u00e7ecem\u00ee <\/b><b>( <\/b>Sie leben nordwestlich von<b>Sivas <\/b>) <b>\u00dcmranl\u0131 <\/b><b>( <\/b>Auch bekannt als<b>Amarl\u0131 <\/b>und <b>\u0130mranl\u0131. <\/b>Sie leben um <b>K\u0131r\u015fehir <\/b>und <b>Sivas <\/b>) <b>Uruk\u00e7u <\/b><b>( <\/b>Sie leben in der Region<b>von Tokat bis Amasya <\/b>und <b>Yozgat <\/b>) <b>Zir\u00eeqan <\/b><b>( <\/b>Sie leben s\u00fcd\u00f6stlich von \u00c7ank\u0131r\u0131 und westlich von <b>Samsun <\/b>) <b>\u015e\u00eax Bizn\u00eeyan <\/b><b>( <\/b>Sie leben in der Region<b>von Ankara bis Samsun <\/b>.<\/p>\n<p> Einige von ihnen wurden <b>assimiliert <\/b>und sprechen <b>Kurdisch <\/b>gemischt <b>mit T\u00fcrkisch <\/b>) <b>Zelan <\/b><b>( <\/b>auch bekannt als<b>Zilan <\/b>. Sie leben in den bergigen Teilen von <b>Giresun <\/b>und <b>Trabzon <\/b>. Sie sprechen einen <b>kurmanischen <\/b>Dialekt) <b>Re\u015fwan <\/b><b>( <\/b>Sie leben in der Umgebung von<b>Sivas <\/b>.<\/p>\n<p> Im Jahr 1750 wurden sie <b>nach Divri\u011fi <\/b>aus der Umgebung von <b>Antep <\/b>und <b>K\u00fcrtda\u011f\u0131 <\/b>verbannt). <b>Re\u015f\u00eeyan <\/b><b>( <\/b>sie leben in der Region<b>von Tokat bis Amasya <\/b>und <b>Yozgat <\/b>) <b>Bilik\u00ee <\/b><b>( <\/b>sie leben <b>in Ko\u00e7hisar <\/b>in der N\u00e4he von<b>Ankara <\/b>) <b>Ko\u00e7gir\u00ee <\/b>(sie leben um<b>Siwas <\/b>. <b>Sie sind Aleviten<\/b>) <b>Pisyan <\/b><b>(<\/b>sie leben um<b>Haymana<\/b>, Polatl\u0131 und <b>Bala <\/b>)<\/p>\n<p><b>Badilli<\/b><\/p>\n<p><b>Mahas\u00ee<\/b><\/p>\n<p><b>Besk\u00ee Saro<\/b><b>( <\/b>sie leben in der Umgebung von<b>Sivas <\/b>) <b>Garoa <\/b><b>( <\/b>sie leben in der Umgebung von<b>Sivas <\/b>) <b>\u00ceban <\/b><b>( <\/b>auch bekannt als \u00cebo. Sie leben in der Umgebung von <b>Sivas <\/b>) <b>Zaza <\/b><b>( <\/b>sie stammen aus<b>Lice <\/b>. Sie leben seit 1600 in der Umgebung von <b>Sivas <\/b>. Sie sprechen <b>Zazak\u00ee <\/b>). <b>Eskan <\/b>(Der Stamm ist auch als Esk\u00ee bekannt und lebt in der Gegend von <b>Sivas <\/b>. Sie sprechen <b>Nordkurmandschi <\/b>).<\/p>\n<p><b>Charekan<\/b><\/p>\n<p><b>Shad\u00eeyan <\/b><b>( <\/b>auch bekannt als<b>Shadlan <\/b>. Sie sind verwandt mit St\u00e4mmen wie <b>Shaddad <\/b>und <b>Shadilli <\/b>). <b>Hinweis:<\/b><b>Unsere Nachforschungen gehen weiter und werden von Zeit zu Zeit aktualisiert. Wenn Sie Stammesnamen kennen, die wir vergessen haben, k\u00f6nnen Sie sie uns im Kommentarbereich unten mitteilen.<\/b><\/p>\n<p><b>www.k\u00fcrtler.com<\/b><\/p>\n<\/div>\n","protected":false},"excerpt":{"rendered":"<p>Sie finden hier eine Liste der kurdischen St\u00e4mmeund kurze Informationen \u00fcber die dazugeh\u00f6rigen St\u00e4mme, die wir nach langer Recherche und unter Verwendung vieler verschiedener Quellen erstellt haben. Auch wenn das Konzept des Stammes heute kaum noch verwendet wird, so existiert es doch teilweise noch, insbesondere in der Geographie Kurdistans. In diesen Zeiten derMigration und des &hellip;<\/p>\n","protected":false},"author":1,"featured_media":26705,"comment_status":"open","ping_status":"closed","sticky":false,"template":"","format":"standard","meta":{"footnotes":""},"categories":[6072,6050],"tags":[6025,6129,6466,6465,6468,6467],"class_list":["post-29291","post","type-post","status-publish","format-standard","has-post-thumbnail","hentry","category-geschichte","category-kurdische-geschichte","tag-kurden-de","tag-kurdische-geschichte","tag-kurdische-stamme-de","tag-kurdische-stamme-in-anatolien","tag-kurdische-stamme-in-der-turkei","tag-osmanische-kurdische-stamme"],"yoast_head":"<!-- This site is optimized with the Yoast SEO plugin v23.7 - https:\/\/yoast.com\/wordpress\/plugins\/seo\/ -->\n<title>Kurdische St\u00e4mme in der T\u00fcrkei - Mit Liebe gebastelt<\/title>\n<meta name=\"description\" content=\"Sie finden hier eine Liste der kurdischen St\u00e4mme und kurze Informationen \u00fcber die dazugeh\u00f6rigen St\u00e4mme, die wir in langer Recherche und unter Verwendung vieler verschiedener Quellen erstellt haben.\" \/>\n<meta name=\"robots\" content=\"index, follow, max-snippet:-1, max-image-preview:large, max-video-preview:-1\" \/>\n<link rel=\"canonical\" href=\"https:\/\/www.xn--krtler-3ya.com\/de\/kurdische-staemme-in-der-tuerkei.html\" \/>\n<meta property=\"og:locale\" content=\"de_DE\" \/>\n<meta property=\"og:type\" content=\"article\" \/>\n<meta property=\"og:title\" content=\"Kurdische St\u00e4mme in der T\u00fcrkei - Mit Liebe gebastelt\" \/>\n<meta property=\"og:description\" content=\"Sie finden hier eine Liste der kurdischen St\u00e4mme und kurze Informationen \u00fcber die dazugeh\u00f6rigen St\u00e4mme, die wir in langer Recherche und unter Verwendung vieler verschiedener Quellen erstellt haben.\" \/>\n<meta property=\"og:url\" content=\"https:\/\/www.xn--krtler-3ya.com\/de\/kurdische-staemme-in-der-tuerkei.html\" \/>\n<meta property=\"og:site_name\" content=\"Mit Liebe gebastelt\" \/>\n<meta property=\"article:published_time\" content=\"2016-03-28T12:51:00+00:00\" \/>\n<meta property=\"og:image\" content=\"https:\/\/www.xn--krtler-3ya.com\/wp-content\/uploads\/2016\/03\/kurt-asiretleri-kurdistan.jpg\" \/>\n\t<meta property=\"og:image:width\" content=\"640\" \/>\n\t<meta property=\"og:image:height\" content=\"325\" \/>\n\t<meta property=\"og:image:type\" content=\"image\/jpeg\" \/>\n<meta name=\"author\" content=\"admin\" \/>\n<meta name=\"twitter:card\" content=\"summary_large_image\" \/>\n<meta name=\"twitter:label1\" content=\"Verfasst von\" \/>\n\t<meta name=\"twitter:data1\" content=\"admin\" \/>\n\t<meta name=\"twitter:label2\" content=\"Gesch\u00e4tzte Lesezeit\" \/>\n\t<meta name=\"twitter:data2\" content=\"17\u00a0Minuten\" \/>\n<script type=\"application\/ld+json\" class=\"yoast-schema-graph\">{\"@context\":\"https:\/\/schema.org\",\"@graph\":[{\"@type\":\"WebPage\",\"@id\":\"https:\/\/www.xn--krtler-3ya.com\/de\/kurdische-staemme-in-der-tuerkei.html\",\"url\":\"https:\/\/www.xn--krtler-3ya.com\/de\/kurdische-staemme-in-der-tuerkei.html\",\"name\":\"Kurdische St\u00e4mme in der T\u00fcrkei - Mit Liebe gebastelt\",\"isPartOf\":{\"@id\":\"https:\/\/www.xn--krtler-3ya.com\/de#website\"},\"primaryImageOfPage\":{\"@id\":\"https:\/\/www.xn--krtler-3ya.com\/de\/kurdische-staemme-in-der-tuerkei.html#primaryimage\"},\"image\":{\"@id\":\"https:\/\/www.xn--krtler-3ya.com\/de\/kurdische-staemme-in-der-tuerkei.html#primaryimage\"},\"thumbnailUrl\":\"https:\/\/www.xn--krtler-3ya.com\/wp-content\/uploads\/2016\/03\/kurt-asiretleri-kurdistan.jpg\",\"datePublished\":\"2016-03-28T12:51:00+00:00\",\"dateModified\":\"2016-03-28T12:51:00+00:00\",\"author\":{\"@id\":\"https:\/\/www.xn--krtler-3ya.com\/de#\/schema\/person\/6bcd5bbe2e1493cacc77180c1bd84881\"},\"description\":\"Sie finden hier eine Liste der kurdischen St\u00e4mme und kurze Informationen \u00fcber die dazugeh\u00f6rigen St\u00e4mme, die wir in langer Recherche und unter Verwendung vieler verschiedener Quellen erstellt haben.\",\"breadcrumb\":{\"@id\":\"https:\/\/www.xn--krtler-3ya.com\/de\/kurdische-staemme-in-der-tuerkei.html#breadcrumb\"},\"inLanguage\":\"de\",\"potentialAction\":[{\"@type\":\"ReadAction\",\"target\":[\"https:\/\/www.xn--krtler-3ya.com\/de\/kurdische-staemme-in-der-tuerkei.html\"]}]},{\"@type\":\"ImageObject\",\"inLanguage\":\"de\",\"@id\":\"https:\/\/www.xn--krtler-3ya.com\/de\/kurdische-staemme-in-der-tuerkei.html#primaryimage\",\"url\":\"https:\/\/www.xn--krtler-3ya.com\/wp-content\/uploads\/2016\/03\/kurt-asiretleri-kurdistan.jpg\",\"contentUrl\":\"https:\/\/www.xn--krtler-3ya.com\/wp-content\/uploads\/2016\/03\/kurt-asiretleri-kurdistan.jpg\",\"width\":640,\"height\":325},{\"@type\":\"BreadcrumbList\",\"@id\":\"https:\/\/www.xn--krtler-3ya.com\/de\/kurdische-staemme-in-der-tuerkei.html#breadcrumb\",\"itemListElement\":[{\"@type\":\"ListItem\",\"position\":1,\"name\":\"Startseite\",\"item\":\"https:\/\/www.xn--krtler-3ya.com\/de\"},{\"@type\":\"ListItem\",\"position\":2,\"name\":\"Kurdische St\u00e4mme in der T\u00fcrkei\"}]},{\"@type\":\"WebSite\",\"@id\":\"https:\/\/www.xn--krtler-3ya.com\/de#website\",\"url\":\"https:\/\/www.xn--krtler-3ya.com\/de\",\"name\":\"k\u00fcrtler\",\"description\":\"\",\"potentialAction\":[{\"@type\":\"SearchAction\",\"target\":{\"@type\":\"EntryPoint\",\"urlTemplate\":\"https:\/\/www.xn--krtler-3ya.com\/de?s={search_term_string}\"},\"query-input\":{\"@type\":\"PropertyValueSpecification\",\"valueRequired\":true,\"valueName\":\"search_term_string\"}}],\"inLanguage\":\"de\"},{\"@type\":\"Person\",\"@id\":\"https:\/\/www.xn--krtler-3ya.com\/de#\/schema\/person\/6bcd5bbe2e1493cacc77180c1bd84881\",\"name\":\"admin\",\"image\":{\"@type\":\"ImageObject\",\"inLanguage\":\"de\",\"@id\":\"https:\/\/www.xn--krtler-3ya.com\/de#\/schema\/person\/image\/\",\"url\":\"https:\/\/www.xn--krtler-3ya.com\/wp-content\/litespeed\/avatar\/de8faab9da60e77876a3fba9edd82f20.jpg?ver=1776826433\",\"contentUrl\":\"https:\/\/www.xn--krtler-3ya.com\/wp-content\/litespeed\/avatar\/de8faab9da60e77876a3fba9edd82f20.jpg?ver=1776826433\",\"caption\":\"admin\"},\"sameAs\":[\"https:\/\/kora24.de\"],\"url\":\"https:\/\/www.xn--krtler-3ya.com\/de\/author\/youssef\"}]}<\/script>\n<!-- \/ Yoast SEO plugin. -->","yoast_head_json":{"title":"Kurdische St\u00e4mme in der T\u00fcrkei - Mit Liebe gebastelt","description":"Sie finden hier eine Liste der kurdischen St\u00e4mme und kurze Informationen \u00fcber die dazugeh\u00f6rigen St\u00e4mme, die wir in langer Recherche und unter Verwendung vieler verschiedener Quellen erstellt haben.","robots":{"index":"index","follow":"follow","max-snippet":"max-snippet:-1","max-image-preview":"max-image-preview:large","max-video-preview":"max-video-preview:-1"},"canonical":"https:\/\/www.xn--krtler-3ya.com\/de\/kurdische-staemme-in-der-tuerkei.html","og_locale":"de_DE","og_type":"article","og_title":"Kurdische St\u00e4mme in der T\u00fcrkei - Mit Liebe gebastelt","og_description":"Sie finden hier eine Liste der kurdischen St\u00e4mme und kurze Informationen \u00fcber die dazugeh\u00f6rigen St\u00e4mme, die wir in langer Recherche und unter Verwendung vieler verschiedener Quellen erstellt haben.","og_url":"https:\/\/www.xn--krtler-3ya.com\/de\/kurdische-staemme-in-der-tuerkei.html","og_site_name":"Mit Liebe gebastelt","article_published_time":"2016-03-28T12:51:00+00:00","og_image":[{"width":640,"height":325,"url":"https:\/\/www.xn--krtler-3ya.com\/wp-content\/uploads\/2016\/03\/kurt-asiretleri-kurdistan.jpg","type":"image\/jpeg"}],"author":"admin","twitter_card":"summary_large_image","twitter_misc":{"Verfasst von":"admin","Gesch\u00e4tzte Lesezeit":"17\u00a0Minuten"},"schema":{"@context":"https:\/\/schema.org","@graph":[{"@type":"WebPage","@id":"https:\/\/www.xn--krtler-3ya.com\/de\/kurdische-staemme-in-der-tuerkei.html","url":"https:\/\/www.xn--krtler-3ya.com\/de\/kurdische-staemme-in-der-tuerkei.html","name":"Kurdische St\u00e4mme in der T\u00fcrkei - Mit Liebe gebastelt","isPartOf":{"@id":"https:\/\/www.xn--krtler-3ya.com\/de#website"},"primaryImageOfPage":{"@id":"https:\/\/www.xn--krtler-3ya.com\/de\/kurdische-staemme-in-der-tuerkei.html#primaryimage"},"image":{"@id":"https:\/\/www.xn--krtler-3ya.com\/de\/kurdische-staemme-in-der-tuerkei.html#primaryimage"},"thumbnailUrl":"https:\/\/www.xn--krtler-3ya.com\/wp-content\/uploads\/2016\/03\/kurt-asiretleri-kurdistan.jpg","datePublished":"2016-03-28T12:51:00+00:00","dateModified":"2016-03-28T12:51:00+00:00","author":{"@id":"https:\/\/www.xn--krtler-3ya.com\/de#\/schema\/person\/6bcd5bbe2e1493cacc77180c1bd84881"},"description":"Sie finden hier eine Liste der kurdischen St\u00e4mme und kurze Informationen \u00fcber die dazugeh\u00f6rigen St\u00e4mme, die wir in langer Recherche und unter Verwendung vieler verschiedener Quellen erstellt haben.","breadcrumb":{"@id":"https:\/\/www.xn--krtler-3ya.com\/de\/kurdische-staemme-in-der-tuerkei.html#breadcrumb"},"inLanguage":"de","potentialAction":[{"@type":"ReadAction","target":["https:\/\/www.xn--krtler-3ya.com\/de\/kurdische-staemme-in-der-tuerkei.html"]}]},{"@type":"ImageObject","inLanguage":"de","@id":"https:\/\/www.xn--krtler-3ya.com\/de\/kurdische-staemme-in-der-tuerkei.html#primaryimage","url":"https:\/\/www.xn--krtler-3ya.com\/wp-content\/uploads\/2016\/03\/kurt-asiretleri-kurdistan.jpg","contentUrl":"https:\/\/www.xn--krtler-3ya.com\/wp-content\/uploads\/2016\/03\/kurt-asiretleri-kurdistan.jpg","width":640,"height":325},{"@type":"BreadcrumbList","@id":"https:\/\/www.xn--krtler-3ya.com\/de\/kurdische-staemme-in-der-tuerkei.html#breadcrumb","itemListElement":[{"@type":"ListItem","position":1,"name":"Startseite","item":"https:\/\/www.xn--krtler-3ya.com\/de"},{"@type":"ListItem","position":2,"name":"Kurdische St\u00e4mme in der T\u00fcrkei"}]},{"@type":"WebSite","@id":"https:\/\/www.xn--krtler-3ya.com\/de#website","url":"https:\/\/www.xn--krtler-3ya.com\/de","name":"k\u00fcrtler","description":"","potentialAction":[{"@type":"SearchAction","target":{"@type":"EntryPoint","urlTemplate":"https:\/\/www.xn--krtler-3ya.com\/de?s={search_term_string}"},"query-input":{"@type":"PropertyValueSpecification","valueRequired":true,"valueName":"search_term_string"}}],"inLanguage":"de"},{"@type":"Person","@id":"https:\/\/www.xn--krtler-3ya.com\/de#\/schema\/person\/6bcd5bbe2e1493cacc77180c1bd84881","name":"admin","image":{"@type":"ImageObject","inLanguage":"de","@id":"https:\/\/www.xn--krtler-3ya.com\/de#\/schema\/person\/image\/","url":"https:\/\/www.xn--krtler-3ya.com\/wp-content\/litespeed\/avatar\/de8faab9da60e77876a3fba9edd82f20.jpg?ver=1776826433","contentUrl":"https:\/\/www.xn--krtler-3ya.com\/wp-content\/litespeed\/avatar\/de8faab9da60e77876a3fba9edd82f20.jpg?ver=1776826433","caption":"admin"},"sameAs":["https:\/\/kora24.de"],"url":"https:\/\/www.xn--krtler-3ya.com\/de\/author\/youssef"}]}},"amp_enabled":true,"_links":{"self":[{"href":"https:\/\/www.xn--krtler-3ya.com\/de\/wp-json\/wp\/v2\/posts\/29291","targetHints":{"allow":["GET"]}}],"collection":[{"href":"https:\/\/www.xn--krtler-3ya.com\/de\/wp-json\/wp\/v2\/posts"}],"about":[{"href":"https:\/\/www.xn--krtler-3ya.com\/de\/wp-json\/wp\/v2\/types\/post"}],"author":[{"embeddable":true,"href":"https:\/\/www.xn--krtler-3ya.com\/de\/wp-json\/wp\/v2\/users\/1"}],"replies":[{"embeddable":true,"href":"https:\/\/www.xn--krtler-3ya.com\/de\/wp-json\/wp\/v2\/comments?post=29291"}],"version-history":[{"count":0,"href":"https:\/\/www.xn--krtler-3ya.com\/de\/wp-json\/wp\/v2\/posts\/29291\/revisions"}],"wp:featuredmedia":[{"embeddable":true,"href":"https:\/\/www.xn--krtler-3ya.com\/de\/wp-json\/wp\/v2\/media\/26705"}],"wp:attachment":[{"href":"https:\/\/www.xn--krtler-3ya.com\/de\/wp-json\/wp\/v2\/media?parent=29291"}],"wp:term":[{"taxonomy":"category","embeddable":true,"href":"https:\/\/www.xn--krtler-3ya.com\/de\/wp-json\/wp\/v2\/categories?post=29291"},{"taxonomy":"post_tag","embeddable":true,"href":"https:\/\/www.xn--krtler-3ya.com\/de\/wp-json\/wp\/v2\/tags?post=29291"}],"curies":[{"name":"wp","href":"https:\/\/api.w.org\/{rel}","templated":true}]}}