{"id":29315,"date":"2016-01-07T22:29:00","date_gmt":"2016-01-07T22:29:00","guid":{"rendered":"https:\/\/www.xn--krtler-3ya.com\/kurdische-fuerstentuemer-emirate-fuerstentuemer-und-dynastien-in-der-geschichte.html"},"modified":"2016-01-07T22:29:00","modified_gmt":"2016-01-07T22:29:00","slug":"kurdische-fuerstentuemer-emirate-fuerstentuemer-und-dynastien-in-der-geschichte","status":"publish","type":"post","link":"https:\/\/www.xn--krtler-3ya.com\/de\/kurdische-fuerstentuemer-emirate-fuerstentuemer-und-dynastien-in-der-geschichte.html","title":{"rendered":"Kurdische F\u00fcrstent\u00fcmer, Emirate, F\u00fcrstent\u00fcmer und Dynastien in der Geschichte"},"content":{"rendered":"<p><a href=\"http:\/\/www.xn--krtler-3ya.com\/2015\/11\/kurtlerin-tarihte-kurduklari-devletler.html\" target=\"_blank\" rel=\"noopener noreferrer\"><b>Von Kurden gegr\u00fcndete Staaten in der Geschichte<\/b><\/a> Nach unserer Studie mit dem Titel &#8222;Der kurdische Staat&#8220; werden wir Ihnen nun die F\u00fcrstent\u00fcmer, F\u00fcrstent\u00fcmer und Dynastien vorstellen, die nicht so stark mit dem Begriff &#8222;Staat&#8220; verbunden sind. <b>Leider wird in den Schulen keine kurdische Geschichte unterrichtet und nichts \u00fcber Kurden und die kurdische Sprache gelehrt. Deshalb wachsen kurdische Kinder weit entfernt von ihrer eigenen Geschichte und Kultur auf. Kurden, die ihrer eigenen Geschichte und Kultur entfremdet sind, werden durch das atat\u00fcrkische, nationalistische t\u00fcrkische Bildungssystem in den Schulen assimiliert und zu Feinden ihrer eigenen Ethnie gemacht.<\/b> Wie in der Vergangenheit widersetzen sich die Machthaber der T\u00fcrkei den Forderungen <b>nach muttersprachlichem Unterricht, damit die Kurden nicht von ihrer eigenen Geschichte entfremdet werden und ihre eigene Sprache, Geschichte und Kultur lernen<\/b>, und betrachten dies als Separatismus. <b>Die Kurden<\/b> werden weiterhin als G\u00e4ste in ihrem eigenen Land behandelt.  <b>Das Leben mit unserer eigenen Sprache, Geschichte und Kultur in diesen L\u00e4ndern, in denen wir seit Tausenden von Jahren leben, ist das nat\u00fcrlichste Recht jeder Nation, so auch das nat\u00fcrliche Recht der Kurden.<\/b><\/p>\n<p><b>Aber wenn es um die Kurden geht, k\u00f6nnen sie sich widersetzen und feindselig sein. Wenn es um Gespr\u00e4che geht, wow Sir, wir sind Br\u00fcder.<\/b><\/p>\n<h2 style=\"text-align: left;\"><b><span style=\"color: #ff0000;\">Kurdische F\u00fcrstent\u00fcmer, F\u00fcrstent\u00fcmer und Dynastien<\/span><\/b><\/h2>\n<p>&nbsp;  Vor allem im Mittelalter <b>wurden<\/b>viele <b>kurdische F\u00fcrstent\u00fcmer und F\u00fcrstent\u00fcmer gegr\u00fcndet,<\/b>von denen einige in kurzer Zeit zusammenbrachen, w\u00e4hrend andere jahrhundertelang weiter bestanden.  <\/p>\n<h2><strong><span style=\"color: #ff0000;\">Kayusis(226-380)<\/span><\/strong><\/h2>\n<p><b>Kayusis<\/b> oder <b>K\u00e2vusak\u00e2n Haus von Kayusun<\/b> (kurdisch: <b>Hozi Kavusakan<\/b>) <b>Kayusis<\/b> ist ein<b> kurdisches K\u00f6nigreich <\/b> in den Regionen <b>Kermanshah, Hakkari und Shahrizor<\/b>.  Da es von der Familie Kayus gegr\u00fcndet wurde, erhielt es den Namen Kayusis. Es wurde im geographischen Zentrum Kurdistans und im Dreieck zwischen dem heutigen Irak, der T\u00fcrkei und dem Iran errichtet. Als seine Hauptstadt gilt <b>Shahrizor<\/b>. <b>Kayus<\/b> vereinigte die Kurden der Regionen <b>Barzan<\/b><b>, Hakkari<\/b><b>, Mukri<\/b><b>, Mad<\/b> und <b>Shahrizor<\/b> unter seinem K\u00f6nigreich.   Mehr als zwei Jahre lang wurden Kriege mit dem <b>Sassanidenherrscher Ardaschir I<\/b>. gef\u00fchrt, der die <b>Kurden<\/b> beherrschen wollte.<b> 380 <\/b>wurde das K\u00f6nigreich zerst\u00f6rt. Es gibt viele in die Felsen gemei\u00dfelte Figuren aus der <b>Kayusidenzeit<\/b>. In <b> dem Epos von Papag<\/b>, dem Sohn von <b>Ardeshir<\/b>   <b>Kurden<\/b>in  <b>K\u00f6nig Madig  <\/b>unter der Leitung von  <b>Ardeshir I<\/b>&#8218;F<b>Firdavsi&#8217;s Shahnameh von arsi Herkunft<\/b>Dieser Kampf ist das Thema des vorliegenden Buches: &#8222;Als es ein wenig schwierig wurde, erkannte Erdeshir, dass die Kurden die Unsterblichen waren, nicht er Seine Arbeit wurde auf dem Schlachtfeld schwierig Alle Kurden im Land wurden eins, aber die persische Armee war drei\u00dfigmal mehr Sie k\u00e4mpften, bis der Tag zur Nacht wurde Das Schlachtfeld war zu eng, um zu gehen, wegen der Toten und Verwundeten, Es gab eine riesige persische Armee, aber sie wurden von der kurdischen Armee besiegt&#8220;  <\/p>\n<h2 style=\"text-align: left;\"><span style=\"color: #ff0000;\">Aisanis( 912-961)<\/span><\/h2>\n<p>  Die Aisani oder Aishani waren eine kurdische Dynastie, die im Jahr 912 in Ostkurdistan (iranisches Kurdistan) gegr\u00fcndet wurde. Historiker verwenden den Namen <b>Aisanis<\/b> wegen des Herrschers <b>Ahmad Ishani<\/b>. Die Hauptstadt der <b>Aisanis<\/b>war die Stadt <b>Serpol Zahab<\/b> im heutigen Ostkurdistan. <b>Die Aisanis herrschten etwa 50 Jahre lang \u00fcber Dinaver, Hamadan, Samghan, Shahrizor und Aserbaidschan.<\/b><\/p>\n<h4 style=\"text-align: left;\">Bekannte Herrscher<\/h4>\n<p><b style=\"font-family: Verdana, sans-serif;\">Wandad,<\/b><\/p>\n<p><b style=\"font-family: Verdana, sans-serif;\">Ghanim (oder Ghanaym)  <\/b><\/p>\n<p><b style=\"font-family: Verdana, sans-serif;\">Daisam (Abu Salim Daisam)<\/b><\/p>\n<h2><span style=\"color: #ff0000;\"><strong>Annazis (990-1116)<\/strong><\/span><\/h2>\n<p><br style=\"background-color: white; color: #393939; font-family: 'Open Sans'; font-size: 15px;\"><b style=\"border: 0px; font-family: inherit; font-size: inherit; font-stretch: inherit; font-style: inherit; font-variant: inherit; line-height: inherit; padding: 0px; vertical-align: baseline;\">Die Annazis<\/b> (arabisch: \u0639\u0646\u0627\u0632\u064a\u0648\u0646 &#8218;Annaz\u012by\u016bn), <b style=\"border: 0px; font-family: inherit; font-size: inherit; font-stretch: inherit; font-style: inherit; font-variant: inherit; line-height: inherit; padding: 0px; vertical-align: baseline;\">auch bekannt als die Ayyar\u012bs<\/b>, wurden im Jahr 990 von <b style=\"border: 0px; font-family: inherit; font-size: inherit; font-stretch: inherit; font-style: inherit; font-variant: inherit; line-height: inherit; padding: 0px; vertical-align: baseline;\">Abu &#8218;l-Fat\u1e25 Mo\u1e25ammad bin<\/b> <b style=\"border: 0px; font-family: inherit; font-size: inherit; font-stretch: inherit; font-style: inherit; font-variant: inherit; line-height: inherit; padding: 0px; vertical-align: baseline;\">Ann\u0101z<\/b> gegr\u00fcndet.    <b style=\"border: 0px; font-family: inherit; font-size: inherit; font-stretch: inherit; font-style: inherit; font-variant: inherit; line-height: inherit; padding: 0px; vertical-align: baseline;\">Die iranisch-irakische Grenzregion umfasste Kermanshah, Ilam, Hulvan, Dinaver, Mandali, Shahrizor und Daquq.<\/b>  Die Annazi <b style=\"border: 0px; font-family: inherit; font-size: inherit; font-stretch: inherit; font-style: inherit; font-variant: inherit; line-height: inherit; padding: 0px; vertical-align: baseline;\">herrschten in der Region um die St\u00e4dte<\/b> <b style=\"border: 0px; font-family: inherit; font-size: inherit; font-stretch: inherit; font-style: inherit; font-variant: inherit; line-height: inherit; padding: 0px; vertical-align: baseline;\">Kermanshah<\/b>, <b style=\"border: 0px; font-family: inherit; font-size: inherit; font-stretch: inherit; font-style: inherit; font-variant: inherit; line-height: inherit; padding: 0px; vertical-align: baseline;\">Ilam, Hulvan, Dinaver, Mandali, Shahrizor und Daquq<\/b>.<strong><span style=\"color: #ff0000;\">Annazi-Herrscher<\/span><\/strong> Abul-Fath Mohammad bin Annaz (991-1011) Husam al-Dawla Abu&#8217;l Shawk Faris ibn Muhammad (1011-1046) Muhalhil ibn Muhammad (1011-1055) Surkhab I ibn Muhammad (1011-1046) Sa&#8217;idi ibn Faris (1050-1055) Surkhab II ibn Badr (? -1107) Abu Mansur ibn Surkhab (1107- ?) Surkhab III ibn Annaz (zweite H\u00e4lfte der 1100er)    <br style=\"background-color: white; color: #393939; font-family: 'Open Sans'; font-size: 15px;\">(1148-1424  <\/p>\n<h2 style=\"text-align: left;\"><strong><span style=\"color: #ff0000;\">Luristan-Dynastie(1148-1424<\/span><\/strong><b><\/b><\/h2>\n<figure id=\"attachment_26641\" aria-describedby=\"caption-attachment-26641\" style=\"width: 400px\" class=\"wp-caption aligncenter\"><img loading=\"lazy\" decoding=\"async\" class=\"wp-image-7169 size-full\" src=\"https:\/\/www.xn--krtler-3ya.com\/wp-content\/uploads\/2016\/01\/luristan-kurt-beyligi.jpg\" alt=\"F\u00fcrstentum Luristan\" width=\"400\" height=\"360\"><figcaption id=\"caption-attachment-26641\" class=\"wp-caption-text\"><em>Karte zeigt Luristan<\/em><\/figcaption><\/figure>\n<p><b>Das K\u00f6nigreich Luristan<\/b>, <b>Fedlaviyan<\/b> oder <b> Hezarhespan<\/b> (kurdisch: <b>Loristan\u00ea<\/b>, <b>Hezarhesp\u00ee<\/b> oder <b> Fedlew\u00ee<\/b>, persisch \u0644\u0631 \u0628\u0632\u0631\u06af) war <b>eine kurdische Dynastie, die<\/b> im <b>Mittelalter<\/b>(1148-1424) <b>in Luristan<\/b>, einer Provinz im heutigen Iran, herrschte<b>. Der <\/b>Gr\u00fcnder der<b>Luristan-Dynastie <\/b>war ein Bey namens <b>Fedla<\/b>, der aus Nordsyrien \u00fcber Aserbaidschan nach Luristan einwanderte. In Anlehnung an seinen Namen wird diese Dynastie <b>auch Fedlavi genannt,<\/b>aber in einigen Quellen wird sie auch als <b>Hezarhespi&#8217;ler<\/b><b>(Tausend Reiter<\/b>) bezeichnet. <strong><span style=\"color: #ff0000;\">K\u00f6nige von Luristan<\/span><\/strong> Abu Tahir bin Muhammad (1148-1203) Malik Hezaresp (1204-1248) Imad al-Din (1248-1251) Nusreddin (1252-1257) Takla (1257-1259) Shams al-Din (1259-1274) Yusuf Shah I (1274-1288) Afrasyab I (1288-1296) Nusreddin Ahmad (1296-1330) R\u00fckneddin II. Yusuf Shah (1330-1340) Muzaferiddin Afrasyab II (1340-1355) Shamseddin Pashang (1355-1378) Malik Pir Ahmad (1378-1408) Abu Sayyid (1408- 1417) Shah Husayn (1417-1424) G\u0131yaseddin (1424)        <figure id=\"attachment_26642\" aria-describedby=\"caption-attachment-26642\" style=\"width: 316px\" class=\"wp-caption aligncenter\"><img loading=\"lazy\" decoding=\"async\" class=\"wp-image-7170 size-full\" src=\"https:\/\/www.xn--krtler-3ya.com\/wp-content\/uploads\/2016\/01\/kurt-beylikleri-haritasi.png\" alt=\"Karte der kurdischen F\u00fcrstent\u00fcmer\" width=\"316\" height=\"400\"><figcaption id=\"caption-attachment-26642\" class=\"wp-caption-text\"><strong><em>Karte von 1835 mit den kurdischen F\u00fcrstent\u00fcmern, Emiraten und F\u00fcrstent\u00fcmern (F\u00fcrstentum Ardalan, F\u00fcrstentum Baban, Soran Hakkari Botan und Bitlis Emirate)<\/em><\/strong><\/figcaption><\/figure>\n<h2><strong><span style=\"color: #ff0000;\">F\u00fcrstentum Ardelan (1169-1867)<\/span><\/strong><\/h2>\n<p><b>Ardalan <\/b>oder<b>(Erdelan<\/b>) war ein <b>kurdisches F\u00fcrstentum<\/b> <b>in Ostkurdistan <\/b>(iranisches Kurdistan), das viele Jahre lang existierte. Nach <b>698<\/b> Jahren der Souver\u00e4nit\u00e4t stammt der Name<b> Ardelan <\/b>von der Familie, die den Staat gegr\u00fcndet hat. Laut <b>Sharafname<\/b>, dem Werk von <b>Sharaf Khan<\/b>, hie\u00df der erste Gr\u00fcnder des F\u00fcrstentums <b>Bawa Ardelan<\/b> und war ein Nachkomme von <b>Ahmad bin<\/b> <b>Marwan<\/b>.     <b>Es wurde erkl\u00e4rt, dass sie von den kurdischen Marwanis stammten.<\/b><\/p>\n<p>&nbsp;<\/p>\n<figure id=\"attachment_26643\" aria-describedby=\"caption-attachment-26643\" style=\"width: 498px\" class=\"wp-caption aligncenter\"><img loading=\"lazy\" decoding=\"async\" class=\"wp-image-7172 size-full\" src=\"https:\/\/www.xn--krtler-3ya.com\/wp-content\/uploads\/2016\/01\/Erdelan-beyligi.jpg\" alt=\"Ardelan F\u00fcrstentum Kurdisch\" width=\"498\" height=\"370\"><figcaption id=\"caption-attachment-26643\" class=\"wp-caption-text\"><strong>Karte zeigt Ardelan<\/strong><\/figcaption><\/figure>\n<p>Die offizielle Religion von <b>Ardelan<\/b> war <b>Yarsan<\/b> (Schia), daher basierte die Religion auf dem <b>Gorani-Dialekt<\/b> aufgrund der poetischen Natur der Sprache, die die Anh\u00e4nger des <b> Yarsan-Glaubens<\/b> in ihren Gebeten verwenden.     <b>Es war der Gorani-Dialekt des Kurdischen. Yarsan   <\/b>Als sich der Glaube verbreitete, verbreitete sich auch <b>der Gorani-Dialekt<\/b>, vor allem unter den Armen. Unter diesen <b>Dichtern<\/b> und Schriftstellern schrieben Baba Yadigar (8. Jahrhundert)<b>, Mela Perishhani<\/b> (14. Jahrhundert)<b>, Mevlevi Kurd <\/b>(1806-1882)<b>, Masture Ardalan und <\/b>andere in <b>Gorani <\/b>. <b>Im F\u00fcrstentum Ardelan wurde die Literatur von der Musik begleitet. Da die Musik ein untrennbarer Bestandteil des jarsanischen Glaubens ist, ist sie ein Teil des Gottesdienstes<\/b><b>.<\/b> 1867 wurde<b>das Ardelan-F\u00fcrstentum<\/b> von der <b>t\u00fcrkischen<\/b> <b>Qajar-Dynastie <\/b>zerst\u00f6rt. Die Nachkommen der <b>Ardelan-Familie<\/b> leben noch heute in<b> Senendej<\/b> und seiner Umgebung.    <\/p>\n<p id=\"firstHeading\" class=\"firstHeading\" lang=\"tr\" style=\"background-attachment: initial; background-clip: initial; background-image: none; background-origin: initial; background-position: initial; background-repeat: initial; background-size: initial; border-bottom-color: #aaaaaa; border-bottom-style: solid; border-bottom-width: 1px; font-family: 'Linux Libertine', Georgia, Times, serif; font-size: 1.8em; font-weight: normal; line-height: 1.3; margin: 0px 0px 0.25em; overflow: visible; padding: 0px;\"><strong><span style=\"color: #ff0000;\">Mastur Ardelan  <\/span><\/strong><b style=\"color: #252525; font-family: sans-serif; font-size: 14px; line-height: 22.4px;\"><br \/>\n<\/b><\/p>\n<figure id=\"attachment_26644\" aria-describedby=\"caption-attachment-26644\" style=\"width: 250px\" class=\"wp-caption alignnone\"><img loading=\"lazy\" decoding=\"async\" class=\"size-full wp-image-7173\" src=\"https:\/\/www.xn--krtler-3ya.com\/wp-content\/uploads\/2016\/01\/Mesture-erdellan.jpg\" alt=\"Mastur Ardelan\" width=\"250\" height=\"351\"><figcaption id=\"caption-attachment-26644\" class=\"wp-caption-text\"><strong>Mastur Ardelan<\/strong><\/figcaption><\/figure>\n<p class=\"firstHeading\" lang=\"tr\" style=\"background-attachment: initial; background-clip: initial; background-image: none; background-origin: initial; background-position: initial; background-repeat: initial; background-size: initial; border-bottom-color: #aaaaaa; border-bottom-style: solid; border-bottom-width: 1px; font-family: 'Linux Libertine', Georgia, Times, serif; font-size: 1.8em; font-weight: normal; line-height: 1.3; margin: 0px 0px 0.25em; overflow: visible; padding: 0px;\"> <b style=\"color: #252525; font-family: sans-serif; font-size: 14px; line-height: 22.4px;\"> Mesture Erdelan<\/b> (geb. 1805, <\/p>\n<table class=\"infobox vcard\" style=\"background-color: #f9f9f9; border: 1px solid #aaaaaa; clear: right; color: black; font-family: sans-serif; font-size: 12.32px; line-height: 1.5em; margin: 0.5em 0px 0.5em 1em; padding: 0.2em; width: 22em;\">\n<tbody>\n<tr>\n<th class=\"fn org\" style=\"background-color: white; font-size: 15.4px; text-align: center; vertical-align: top;\" colspan=\"2\">Mesture Erdelan<\/th>\n<\/tr>\n<tr>\n<th style=\"vertical-align: top;\" scope=\"row\">Vollst\u00e4ndiger Name<\/th>\n<td class=\"fn\" style=\"vertical-align: top;\">Mah Sheref Xanim Mesture Erdelan<\/td>\n<\/tr>\n<tr>\n<th style=\"vertical-align: top;\" scope=\"row\">Geburt<\/th>\n<td style=\"vertical-align: top;\">1805 Iran, Senendej<\/td>\n<\/tr>\n<tr>\n<th style=\"vertical-align: top;\" scope=\"row\">Tod<\/th>\n<td style=\"vertical-align: top;\">1848 (im Alter von 43) Irak, Sulaymaniyah<\/td>\n<\/tr>\n<tr>\n<th style=\"vertical-align: top;\" scope=\"row\">Zeitalter des<\/th>\n<td style=\"vertical-align: top;\">18. Jahrhundert<\/td>\n<\/tr>\n<tr>\n<th style=\"vertical-align: top;\" scope=\"row\">Region<\/th>\n<td style=\"vertical-align: top;\">Geographie von Kurdistan, F\u00fcrstentum Ardelan<\/td>\n<\/tr>\n<tr>\n<th style=\"vertical-align: top;\" scope=\"row\">Interessengebiete<\/th>\n<td style=\"vertical-align: top;\">Geschichte, Gedicht<\/td>\n<\/tr>\n<tr>\n<td style=\"text-align: center; vertical-align: top;\" colspan=\"2\">\n<div id=\"NavFrame1\" class=\"NavFrame collapsed\" style=\"border-collapse: collapse; border: none; font-size: 11.704px; margin: 0px; padding: 0px;\">\n<div class=\"NavHead\" style=\"background: transparent; font-size: 12.2892px; font-weight: bold; height: 1.6em; position: relative;\" align=\"left\"><\/div>\n<\/div>\n<\/td>\n<\/tr>\n<\/tbody>\n<\/table>\n<p><b style=\"font-family: Verdana, sans-serif;\">Masture Ardelan wurde in der Stadt Senendec geboren und<\/b> war eine Dichterin, Schriftstellerin und Historikerin, die im Gorani-Dialekt des Kurdischen schrieb. Sie wuchs in <b style=\"font-family: Verdana, sans-serif;\">Sulaymaniyah<\/b> auf, einer der St\u00e4dte der Regionalregierung Kurdistans. <b style=\"font-family: Verdana, sans-serif;\">Senendec<\/b> war damals das Zentrum des <b style=\"font-family: Verdana, sans-serif;\">F\u00fcrstentums Ardalan<\/b>. Sie wurde unter der Aufsicht ihres Vaters, <b style=\"font-family: Verdana, sans-serif;\">Ebulhasan Beg Qadri <\/b>, in <b style=\"font-family: Verdana, sans-serif;\">Kurdisch<\/b>, <b style=\"font-family: Verdana, sans-serif;\">Arabisch<\/b> und <b style=\"font-family: Verdana, sans-serif;\">Persisch <\/b>unterrichtet. Ihr Ehemann<b style=\"font-family: Verdana, sans-serif;\">, Xasraw Xani Erdelan, wurde der Herrscher des F\u00fcrstentums.<\/b> Nach dem Tod ihres Mannes      <b style=\"font-family: Verdana, sans-serif;\">Das F\u00fcrstentum Ardalan wurde ohne einen Herrscher zur\u00fcckgelassen. Die Qajar-Dynastie eroberte Ardalan im 19. Jahrhundert. Sein Sohn, Reza Qulikxan, wurde von den Qajaren inhaftiert.   <\/b><\/p>\n<h1 style=\"text-align: left;\"><strong><span style=\"color: #ff0000;\">  Kunstwerke<\/span><\/strong><\/h1>\n<p><b>Er schrieb viele B\u00fccher in den Bereichen Poesie, Geschichte und Literatur.<\/b> Sie schrieb haupts\u00e4chlich in den Dialekten <b>Hewrami <\/b>und <b>Gorani<\/b> des <b>Kurdischen<\/b> und<b> Persischen<\/b>. <b>Sie ist die einzige weibliche Historikerin des 19. Jahrhunderts im Nahen Osten.<\/b> Sie schrieb ein Buch \u00fcber die Geschichte des <b>F\u00fcrstentums Ardelan<\/b>. Sie hatte eine Sammlung von Gedichten, die heute ver\u00f6ffentlicht wird.    <b>Am 15.11.2005 fand in Erbil eine Konferenz statt, um seine Werke vorzustellen.  <\/b>\u00dcber 100 Pers\u00f6nlichkeiten aus Wissenschaft und Kultur aus der ganzen Welt  <b>Sie pr\u00e4sentierten 30 Artikel auf Englisch, Farsi, Arabisch und Kurdisch \u00fcber das Leben und die literarischen Aspekte von Masture Ardelan.<\/b><\/p>\n<p style=\"text-align: left;\"><span style=\"color: #ff0000;\"><b>  B\u00fccher<\/b><\/span><\/p>\n<p><b>Risalesi des Glaubens und der Anbetung im Islam (Persisch) Divan (Masture&#8217;nin Kurdistan Divani) Geschichte von Erdelan auf Kurdisch und Persisch (Kurdisch)  <\/b><\/p>\n<h2><strong><span style=\"color: #ff0000;\">Badinan Principality,(1376-1843)<\/span><\/strong><\/h2>\n<p>&nbsp;<\/p>\n<figure id=\"attachment_26645\" aria-describedby=\"caption-attachment-26645\" style=\"width: 400px\" class=\"wp-caption aligncenter\"><img loading=\"lazy\" decoding=\"async\" class=\"size-full wp-image-7174\" src=\"https:\/\/www.xn--krtler-3ya.com\/wp-content\/uploads\/2016\/01\/amadiye-kurt-sehri-irak.jpg\" alt=\"Amadiye Stadt IRAQ\" width=\"400\" height=\"267\"><figcaption id=\"caption-attachment-26645\" class=\"wp-caption-text\"><em><strong>Amadiye, die Hauptstadt des F\u00fcrstentums Badinan (ein Bezirk der Provinz Dohuk in S\u00fcdkurdistan-Irakisch-Kurdistan)<\/strong><\/em><\/figcaption><\/figure>\n<p> <b> Das F\u00fcrstentum Badinan<\/b> <b>erlebte seine Bl\u00fctezeit w\u00e4hrend der Herrschaft von <\/b><b> Behram Pascha dem Gro\u00dfen<\/b>(nicht zu verwechseln mit Behram Pascha von Halhalli). Infolge der Kriege mit den <b>Osmanen <\/b>und <b>Safawiden <\/b>verlor <b>das F\u00fcrstentum Badinan<\/b> 1834 seine Macht. <b>1834 kam das F\u00fcrstentum Badinan unter die Herrschaft des Soran-Emirats, eines anderen kurdischen Emirats.<\/b> Das <b>Soran-Emirat<\/b> wurde 1835 gegr\u00fcndet, und das Datum des Zusammenbruchs des<b> F\u00fcrstentums Badinan<\/b>wird in den Quellen mit <b>1843<\/b> angegeben. <b>Badinan<\/b> oder <b>Bahdinan<\/b>. Es wurde 1376 von Baha al-din in der Region <b>Shemzinan<\/b> in <b>Hakkari<\/b> gegr\u00fcndet, und seine Hauptstadt war sp\u00e4ter die Stadt<b> Amadiye<\/b>. <b>Das Badinanische F\u00fcrstentum<\/b> nahm die St\u00e4dte <b>Duhok<\/b><b>, Zaho<\/b><b>, Akre<\/b><b>und Simele Sheikhan <\/b>unter seine Verwaltung, mit <b>Amadiye<\/b> als Hauptstadt. <b>Nach 1843 wurden die L\u00e4ndereien des Badinan-F\u00fcrstentums vom Osmanischen Reich erobert und an den Sanjak von Mosul angeschlossen<\/b><b>. 400 Manuskripte <\/b> in der <b>Qubehan-Schule in Amadiye, der <\/b>\u00e4ltesten Bibliothek der Region,<b> wurden 1919 von den Briten zerst\u00f6rt. <\/b><figure id=\"attachment_26646\" aria-describedby=\"caption-attachment-26646\" style=\"width: 400px\" class=\"wp-caption aligncenter\"><img loading=\"lazy\" decoding=\"async\" class=\"wp-image-7175\" src=\"https:\/\/www.xn--krtler-3ya.com\/wp-content\/uploads\/2016\/01\/behdinan-dergahi-amadiye-kurdistan.jpg\" alt=\"Kurdische Artefakte\" width=\"400\" height=\"602\"><figcaption id=\"caption-attachment-26646\" class=\"wp-caption-text\"><strong>Der Eingang der Dergah aus der Badinan-Zeit<\/strong><\/figcaption><\/figure><figure id=\"attachment_26647\" aria-describedby=\"caption-attachment-26647\" style=\"width: 400px\" class=\"wp-caption aligncenter\"><img loading=\"lazy\" decoding=\"async\" class=\"wp-image-7176 size-full\" src=\"https:\/\/www.xn--krtler-3ya.com\/wp-content\/uploads\/2016\/01\/Badinan-Gate-Amedia-Iraq-.jpg\" alt=\"Kurdische historische Artefakte\" width=\"400\" height=\"266\"><figcaption id=\"caption-attachment-26647\" class=\"wp-caption-text\"><em><strong>Das Badinan-Tor, eines der 3 Eingangstore der Stadt<\/strong><\/em><\/figcaption><\/figure>\n<p><b> <\/b><\/p>\n<h2><strong><span style=\"color: #ff0000;\">Soran Beyli\u011fi-Emirli\u011fi(1399-1835)<\/span><\/strong><\/h2>\n<p><b>Das Emirat Soran<\/b> (kurdisch: <b>\u0633\u06c6\u0631\u0627\u0646-Eng-<\/b> <b>Soran Emirat<\/b>) wurde 1399 in der Stadt <b>Shahrizor<\/b> im Nordirak gegr\u00fcndet. Es wurde als F\u00fcrstentum gegr\u00fcndet, aber nach der Schlacht von Chaldiran 1514 erkl\u00e4rte <b>das F\u00fcrstentum Soran<\/b> seine Zugeh\u00f6rigkeit zum Osmanischen Reich und wurde sp\u00e4ter zum <b>Emirat Soran,<\/b>       <b>Es grenzte im Norden und Westen an das F\u00fcrstentum Bahdinan und Arbil.<\/b><\/p>\n<table class=\"infobox geography vcard vevent\" style=\"background-color: #f9f9f9; border-collapse: collapse; border: 1px solid #aaaaaa; clear: right; color: black; font-family: sans-serif; font-size: 12.6px; line-height: 1.2em; margin: 0.5em 0px 0.5em 1em; padding: 0.2em; width: 290px;\">\n<tbody>\n<tr>\n<td class=\"mergedtoprow fn org summary\" style=\"border-top-color: #aaaaaa; border-top-style: solid; border-top-width: 1px; font-size: 17.01px; line-height: 1.2em; padding: 0.4em 0.6em; vertical-align: top;\" colspan=\"2\" align=\"center\"><b>Emirat Soran \u0645\u06cc\u0631\u06cc\u062a\u06cc\u0627 \u0633\u06c6\u0631\u0627\u0646 M\u00eer\u00eetiya Soran<\/b><\/td>\n<\/tr>\n<tr>\n<td style=\"border-top-color: #aaaaaa; border-top-style: solid; border-top-width: 1px; padding: 0.2em 0em; text-align: center; vertical-align: middle;\" colspan=\"2\">\n<table style=\"background: transparent; font-size: 12.6px; margin: 0px auto; text-align: center; width: 100%px;\">\n<tbody>\n<tr>\n<td style=\"border: 0px; font-size: 6px; line-height: 6.3px; padding: 0.4em 0.6em; vertical-align: middle;\" width=\"50px\"><\/td>\n<td style=\"border: 0px; font-size: 14.49px; padding: 0.4em 0.6em; vertical-align: middle;\"><b><img loading=\"lazy\" decoding=\"async\" class=\"alignnone size-full wp-image-7178\" src=\"https:\/\/www.xn--krtler-3ya.com\/wp-content\/uploads\/2016\/01\/soran-emirligi-bayragi.png\" alt=\"Kurdisches F\u00fcrstentum Soran\" width=\"125\" height=\"63\">1 399-1835<\/b><\/td>\n<td style=\"border: 0px; font-size: 6px; line-height: 6.3px; padding: 0.4em 0.6em; text-align: right; vertical-align: middle;\" width=\"50px\">\u2192<\/td>\n<\/tr>\n<\/tbody>\n<\/table>\n<\/td>\n<\/tr>\n<tr class=\"mergedtoprow\">\n<td class=\"maptable\" style=\"border-top-color: #aaaaaa; border-top-style: solid; border-top-width: 1px; padding: 0.4em 0.6em 0.2em; vertical-align: top;\" colspan=\"2\" align=\"center\">\n<div style=\"line-height: inherit; margin-bottom: 0.5em; margin-top: 0.5em;\"><\/div>\n<div style=\"line-height: inherit; margin-bottom: 0.5em; margin-top: 0.5em;\"><a class=\"mw-redirect\" style=\"background: none; color: #0b0080; text-decoration: none;\" title=\"Kurdistan Flagge\" href=\"https:\/\/tr.wikipedia.org\/wiki\/K%C3%BCrdistan_Bayra%C4%9F%C4%B1\">Flagge<\/a><\/div>\n<\/td>\n<\/tr>\n<tr>\n<td style=\"border-top-color: #aaaaaa; border-top-style: solid; border-top-width: 1px; font-size: 11.97px; padding: 0.6em 0em; text-align: center; vertical-align: top;\" colspan=\"2\">\n<div class=\"center\" style=\"width: 288px;\">\n<p><img loading=\"lazy\" decoding=\"async\" class=\"size-full wp-image-7177 aligncenter\" src=\"https:\/\/www.xn--krtler-3ya.com\/wp-content\/uploads\/2016\/01\/Kurdish_state.png\" alt=\"\" width=\"250\" height=\"250\"><\/p>\n<div class=\"floatnone\" style=\"margin-left: auto; margin-right: auto;\"><\/div>\n<\/div>\n<p><b>Kurdische F\u00fcrstent\u00fcmer im Jahr 1835<\/b><\/td>\n<\/tr>\n<tr>\n<td style=\"border-top-color: #aaaaaa; border-top-style: solid; border-top-width: 1px; padding: 0.4em 0.6em; vertical-align: top;\" width=\"50%\"><b>Hauptstadt<\/b><\/td>\n<td style=\"border-top-color: #aaaaaa; border-top-style: solid; border-top-width: 1px; padding: 0.4em 0.6em; vertical-align: top;\" width=\"50%\">Revandiz<\/td>\n<\/tr>\n<tr>\n<td style=\"border-top-color: #aaaaaa; border-top-style: solid; border-top-width: 1px; padding: 0.4em 0.6em; vertical-align: top;\"><b>Sprache(n)<\/b><\/td>\n<td style=\"border-top-color: #aaaaaa; border-top-style: solid; border-top-width: 1px; padding: 0.4em 0.6em; vertical-align: top;\">Sorani<\/td>\n<\/tr>\n<tr>\n<td style=\"border-top-color: #aaaaaa; border-top-style: solid; border-top-width: 1px; padding: 0.4em 0.6em; vertical-align: top;\"><b>Religion<\/b><\/td>\n<td style=\"border-top-color: #aaaaaa; border-top-style: solid; border-top-width: 1px; padding: 0.4em 0.6em; vertical-align: top;\">Islam<\/td>\n<\/tr>\n<tr>\n<td style=\"border-top-color: #aaaaaa; border-top-style: solid; border-top-width: 1px; padding: 0.4em 0.6em; vertical-align: top;\"><b>Governance<\/b><\/td>\n<td style=\"border-top-color: #aaaaaa; border-top-style: solid; border-top-width: 1px; padding: 0.4em 0.6em; vertical-align: top;\">Emirat<\/td>\n<\/tr>\n<tr class=\"mergedrow\">\n<td style=\"border: 0px; padding: 0px 0.6em 0.2em; vertical-align: top;\"><b>Emir<\/b><\/td>\n<td style=\"border: 0px; padding: 0px 0.6em 0.2em; vertical-align: top;\"><\/td>\n<\/tr>\n<tr class=\"mergedrow\">\n<td style=\"border: 0px; padding: 0px 0.6em 0.2em; vertical-align: top;\">  1399- 1514 &#8211; 1835<\/td>\n<td style=\"border: 0px; padding: 0px 0.6em 0.2em; vertical-align: top;\"><\/td>\n<\/tr>\n<tr>\n<td style=\"border-top-color: #aaaaaa; border-top-style: solid; border-top-width: 1px; padding: 0.4em 0.6em; vertical-align: top;\" colspan=\"2\"><b>Geschichte<\/b><\/td>\n<\/tr>\n<tr class=\"mergedrow\">\n<td style=\"border: 0px; padding: 0px 0.6em 0.2em; vertical-align: top;\">Gr\u00fcndung des F\u00fcrstentums<\/td>\n<td style=\"border: 0px; padding: 0px 0.6em 0.2em; vertical-align: top;\">1399<\/td>\n<\/tr>\n<tr class=\"mergedrow\">\n<td style=\"border: 0px; padding: 0px 0.6em 0.2em; vertical-align: top;\">  &#8211; 22. K\u00fcrt Beyliklerle beraber Osmanl\u0131ya ba\u011fland\u0131 <\/td>\n<td style=\"border: 0px; padding: 0px 0.6em 0.2em; vertical-align: top;\">1514<\/td>\n<\/tr>\n<tr class=\"mergedrow\">\n<td style=\"border: 0px; padding: 0px 0.6em 0.2em; vertical-align: top;\"> &#8211; Unabh\u00e4ngigkeit vom Osmanischen Reich<\/td>\n<td style=\"border: 0px; padding: 0px 0.6em 0.2em; vertical-align: top;\">1830<\/td>\n<\/tr>\n<tr class=\"mergedrow\">\n<td style=\"border: 0px; padding: 0px 0.6em 0.2em; vertical-align: top;\"> &#8211; Zerst\u00f6rt durch das Osmanische Reich<\/td>\n<td style=\"border: 0px; padding: 0px 0.6em 0.2em; vertical-align: top;\">1835<\/td>\n<\/tr>\n<tr>\n<td style=\"border-top-color: #aaaaaa; border-top-style: solid; border-top-width: 1px; padding: 0.4em 0.6em; vertical-align: top;\"><\/td>\n<td style=\"border-top-color: #aaaaaa; border-top-style: solid; border-top-width: 1px; padding: 0.4em 0.6em; vertical-align: top;\"><\/td>\n<\/tr>\n<\/tbody>\n<\/table>\n<p>  Im Jahr 1787 wurde die Hauptstadt des <b>Emirats Soran<\/b> <b>von Shahrizor nach Rewandiz verlegt.<\/b> Nach dem Tod von<b>Suleiman Beg, dem Emir von Soran<\/b>, trat 1814 sein Sohn <b>Mir Mohammed<\/b> seine Nachfolge an<b>. Mir Mohammed <\/b>startete einen Kampf f\u00fcr die Unabh\u00e4ngigkeit und reformierte seine Armee, indem er den Einsatz von Schusswaffen ausweitete und viele Festungen zur Verteidigung baute und reparierte. Er war im Volksmund als <b>Mir Muhammad<\/b>, <b>Pa\u015fay\u00ea Kor<\/b>, <b>Mir\u00ea Kor<\/b> bekannt. <b>Mir Muhammad war ein beliebter Anf\u00fchrer mit seiner Haltung als Muslim und Stratege.<\/b> Er baute Schl\u00f6sser, Pal\u00e4ste, gro\u00dfe Villen, Br\u00fccken und viele milit\u00e4rische T\u00fcrme sowie Verteidigungsanlagen und Kan\u00e4le innerhalb der Stadt. <b>Er lie\u00df gro\u00dfe Vorposten an den Eing\u00e4ngen der 4 Hauptstra\u00dfen des F\u00fcrstentums Soran-Kurdistan errichten.<\/b> Durch sie stellte er die Verbindung mit verschiedenen Teilen seines Territoriums sicher.  Eine weitere Aufgabe dieser Polizeistationen war es, die Ordnung im Emirat aufrechtzuerhalten.<b>Mir Muhammad<\/b> h\u00f6rte auf, Steuern an die <b>Osmanen<\/b> zu zahlen und begann als Zeichen der Unabh\u00e4ngigkeit, Gold-, Silber- und Kupferm\u00fcnzen zu pr\u00e4gen. Der <b>osmanische<\/b> <b>Gouverneur von Bagdad<\/b> geh\u00f6rte zu denen, die <b>Mir Muhammads<\/b> Unabh\u00e4ngigkeit anerkannten. <b>Mir Muhammad<\/b> nahm das <b>kurdische F\u00fcrstentum Behdinan<\/b> wieder unter seine Oberhoheit und dehnte seine Grenzen bis nach <b>Zaho Duhok<\/b> aus<b>. Mir Muhammad<\/b> griff<b>das F\u00fcrstentum Botan <\/b>an, um es zu erobern, musste sich dann aber zur\u00fcckziehen. Im Anschluss an diese Entwicklungen sicherte sich <b>der osmanische Sultan Mahmut II.<\/b> mit dem <b>\u00e4gyptischen Gouverneur Kavalal\u0131 Mehmet Ali Pascha <\/b>im Jahr 1834 mit dem <b>Vertrag von K\u00fctahya<\/b> eine \u00e4hnliche Entwicklung,      <b>Er schickte eine Armee von 40.000 Mann unter dem Kommando von Reshid Mehmed Pasha gegen Mir Muhammad, den Emir von Soran.<\/b><b><\/b><\/p>\n<figure id=\"attachment_26650\" aria-describedby=\"caption-attachment-26650\" style=\"width: 540px\" class=\"wp-caption aligncenter\"><img loading=\"lazy\" decoding=\"async\" class=\"size-full wp-image-7180\" src=\"https:\/\/www.xn--krtler-3ya.com\/wp-content\/uploads\/2016\/01\/rewanduz-sehri-eski-goruntuler.jpg\" alt=\"\" width=\"540\" height=\"417\"><figcaption id=\"caption-attachment-26650\" class=\"wp-caption-text\"><em><strong>Rewanduz Stadt &#8211; fr\u00fche 1900er Jahre<\/strong><\/em><\/figcaption><\/figure>\n<p>  Als <b>die Osmanen<\/b> erkannten, dass sie mit <b> Mir Mohammed<\/b> nicht fertig werden konnten, versuchten sie, <b>die Kurden <\/b>mit der <b>Religion<\/b> zu t\u00e4uschen, was heute oft geschieht. <b>Es wurde<\/b> eine <b>Fatwa von Sheikhulislam Molla Hadi erlassen: Die<\/b><b>osmanische Armee unter dem Kommando von Re\u015fid Mehmed Pascha<\/b> <b>griff Rewanduz, die Hauptstadt des Emirats Soran, an.<\/b>Doch die <b>osmanische Armee <\/b>zog sich angesichts der Armee von <b>Mir Mohammed<\/b> zur\u00fcck, die mit unerwarteter Disziplin Widerstand leistete <b>und Rewanduz<\/b> ein Jahr sp\u00e4ter <b>, 1835, erneut belagerte<\/b>. Gem\u00e4\u00df der Fatwa erkl\u00e4rten sie<b>: &#8222;Kurden, die gegen die Osmanen k\u00e4mpfen, sind haram (Verrat an der Ummah)<\/b>&#8222;. Nach dieser Fatwa wurde mit der Aktivierung einiger kollaborierender Mellas, insbesondere unter der F\u00fchrung des Kollaborateurs <b>Melle Hadi<\/b>, die Rei\u00dfleine der Propaganda und der Fatwas gezogen. Es kam zu Unruhen und schlie\u00dflich zur Aufl\u00f6sung des Volkes. Diese kollaborierenden Mullahs dieser Zeit entfremdeten das Volk vom Krieg mit Propaganda wie<b>&#8222;Mit dem osmanischen Kalifen zu k\u00e4mpfen ist eine gro\u00dfe S\u00fcnde, mit dem Kalifen zu k\u00e4mpfen ist wie die Scheidung von seiner Frau<\/b>&#8222;. <b> Die Soran-Armee wurde durch die St\u00e4mme geschw\u00e4cht, die sich mit den Fatwas zur\u00fcckzogen, und da es in Rewanduz, das belagert wurde, nicht genug Wasser und Nahrung gab, beschloss sie, sich unter bestimmten Bedingungen zu ergeben.<\/b>       <\/p>\n<div>\n<p>Nach der<b>Kapitulation<\/b>von <b>Mir Muhammad<\/b> wurden einige Bedingungen akzeptiert, wie z.B. ein Treffen mit<b>Mahmut II.<\/b> und dass seinem Volk kein Schaden zugef\u00fcgt wird<b>. Die osmanische Armee, die die Bedingungen nicht erf\u00fcllte, t\u00f6tete Mir Muhammad auf dem Weg zu einem Treffen mit Sultan Mahmut II. und t\u00f6tete nach russischen Quellen 10 Tausend Kurden in Rewanduz.<\/b>Sp\u00e4ter brach in der <b>osmanischen<\/b> Armee eine Choleraepidemie aus und der Kommandeur <b>Reshid Mehmed Pascha<\/b> wurde get\u00f6tet.     <b>Er starb in Diyarbak\u0131r, wohin er wegen der Cholera-Epidemie zur\u00fcckkehrte.<\/b><\/p>\n<figure id=\"attachment_26651\" aria-describedby=\"caption-attachment-26651\" style=\"width: 400px\" class=\"wp-caption aligncenter\"><img loading=\"lazy\" decoding=\"async\" class=\"wp-image-7181\" src=\"https:\/\/www.xn--krtler-3ya.com\/wp-content\/uploads\/2016\/01\/mir-muhammed.jpg\" alt=\"Statue von Mir Muhammad\" width=\"400\" height=\"586\"><figcaption id=\"caption-attachment-26651\" class=\"wp-caption-text\">Statue von Mir Muhammad<\/figcaption><\/figure>\n<p><b style=\"color: #ff0000;\">  Namen einiger Mirs, die das Emirat Soran regieren<\/b>  Isa Shah Ali Bey Pir Budak bin Shah Ali Bey Mir Seyfeddin Mir Hussein Mir Seydi bin Shah Ali Bey Amir Seyfeddin bin Mir Hussein bin Pir Budak Kuli Bey bin Suleiman Bey Mir Seydi Budak Bey bin Kuli Bey bin Suleiman Bey Suleiman Bey bin Kuli Bey bin Suleiman Bey Ali Bey bin Suleiman Bey Shikali Bey 177??-1816 Suleiman Bey 1816-1825 Khanzad (einziger weiblicher Herrscher) 1825-1835 Mir Muhammad  <\/p>\n<h2 style=\"text-align: left;\"><span style=\"color: #ff0000;\">F\u00fcrstentum Baban (1649-1850)<\/span><\/h2>\n<p>Das <b>F\u00fcrstentum Baban<\/b> oder <b>Babanzadelar<\/b>(kurdisch: \u0645\u06cc\u0631\u0646\u0634\u06cc\u0646\u06cc \u0628\u0627\u0628\u0627\u0646) wurde 1649 in der Stadt <b>Sulaymaniyah<\/b> gegr\u00fcndet. <b>Das kurdische F\u00fcrstentum besteht seit etwa 200 Jahren.<\/b><b>Der Gr\u00fcnder des Baban-F\u00fcrstentums<\/b> ist<b>Faqi Ahmet<\/b>. Da es von der Familie <b>Baban<\/b> gegr\u00fcndet wurde, wird es auch <b>Baban-F\u00fcrstentum <\/b>oder <b>Baban-Emirat<\/b> genannt.  <img loading=\"lazy\" decoding=\"async\" class=\"aligncenter wp-image-7182\" src=\"https:\/\/www.xn--krtler-3ya.com\/wp-content\/uploads\/2016\/01\/baban-kurt-prensligi.png\" alt=\"F\u00fcrstentum Baban\" width=\"360\" height=\"456\">  Die Osmanen unterst\u00fctzten die kurdischen F\u00fcrstent\u00fcmer in der Region gegen die iranische Bedrohung und nutzten die kurdischen F\u00fcrstent\u00fcmer als Pufferzone zur Sicherung ihrer Ostgrenzen. <b>W\u00e4hrend der Osmanisch-Iranischen Kriege<\/b>(1723-1746<b> )<\/b> k\u00e4mpfte<b> das F\u00fcrstentum Baban<\/b> auf der Seite der<b> Osmanen<\/b>.   <b>Mahmut II. <\/b>  Im Jahr 1748 besiegte <b>die osmanische Armee<\/b> <b>die<\/b> <b> babanische<\/b> <b>Armee <\/b>unter dem Kommando von <b>Ahmed Pascha<\/b> in der N\u00e4he von <b>Koya<\/b> und die Stadt <b>Shahrizor <\/b>wurde eingenommen. <b>Im Jahr 1850 wurde die Hauptstadt Sulaymaniyah eingenommen und das Baban-F\u00fcrstentum zerst\u00f6rt.<\/b> W\u00e4hrend des<b>Baban-F\u00fcrstentums <\/b>wurden<b> kurdische Literaten<\/b> wie die<b> Dichter Nali<\/b> und Salim gro\u00df.     <\/p>\n<h2><\/h2>\n<h2 style=\"background: none #ffffff; border-bottom-color: #aaaaaa; border-bottom-style: solid; border-bottom-width: 1px; font-family: 'Linux Libertine', Georgia, Times, serif; font-weight: normal; line-height: 1.3; margin: 1em 0px 0.25em; overflow: hidden; padding: 0px;\"><\/h2>\n<figure id=\"attachment_26653\" aria-describedby=\"caption-attachment-26653\" style=\"width: 254px\" class=\"wp-caption alignnone\"><img loading=\"lazy\" decoding=\"async\" class=\"size-full wp-image-7183\" src=\"https:\/\/www.xn--krtler-3ya.com\/wp-content\/uploads\/2016\/01\/abdurahman-pasa-baban-beyligi.jpg\" alt=\"\" width=\"254\" height=\"360\"><figcaption id=\"caption-attachment-26653\" class=\"wp-caption-text\"><em><strong>Abdurahman Pasha, Emir von Baban<\/strong><\/em><\/figcaption><\/figure>\n<h2 style=\"background: none #ffffff; border-bottom-color: #aaaaaa; border-bottom-style: solid; border-bottom-width: 1px; font-family: 'Linux Libertine', Georgia, Times, serif; font-weight: normal; line-height: 1.3; margin: 1em 0px 0.25em; overflow: hidden; padding: 0px;\">Liste der Herrscher<\/h2>\n<p>  Ahmed Fakih, 1649-1670 S\u00fcleyman Baba, 1670-1703 Khan Mohammed Pasha, 1721-1731 Navayub Khaldi Pasha, 1732-1742 Navayub Selim Pasha, 1742-1754 Navayub Suleyman Pasha 1754-1765 Mohammed Pasha, 1765-1775 Abdullah Pasha, 1775-1777 Ahmed Pasha, 1777-1780 Mahmud Pasha, 1780-1782 \u0130brahim Pasha, 1782-1803 Abdurrahman Pasha, 1803-1813 Mahmud Pasha, 1813-1834 S\u00fcleyman Pasha, 1834-1838 Ahmed Pasha, 1838-1847 Abdallah Pasha, 1847-1850  <\/p>\n<h2 style=\"text-align: left;\"><strong><span style=\"color: #ff0000;\">Familie Baban hinterl\u00e4sst eine Spur in der Geschichte<\/span><\/strong><\/h2>\n<p>Da <b>die Familie Baban <\/b>eine adlige und tief verwurzelte Familie ist, haben Dutzende von Personen aus der Familie verschiedene hohe Positionen bekleidet und auch heute noch treten Pers\u00f6nlichkeiten aus der Familie Baban in der \u00d6ffentlichkeit auf.  <\/p>\n<h3 style=\"text-align: left;\">Hier sind einige Pers\u00f6nlichkeiten aus der Familie Baban (Babanzades)<\/h3>\n<p><b>Mustafa Zihni Pascha:1839-1911)<\/b> Zihni Pascha war ein osmanischer Staatsmann und diente als Finanzminister, Minister f\u00fcr Handel und Landwirtschaft und Minister f\u00fcr Evkaf. Au\u00dferdem war er Gouverneur von Thessaloniki, H\u00fcdavendigar (Bursa) und Aleppo. Im Jahr 1908, nach der Ausrufung der Zweiten Konstitutionellen Monarchie, wurde er Pr\u00e4sident des Staatsrats und Mitglied der Versammlung von Ayan. Im Jahr 1901 lie\u00df er die Zihnipa\u015fa-Moschee in Erenk\u00f6y errichten. Ein Geb\u00e4ude, das er als Jagdhaus gebaut hatte, wird heute als Erenk\u00f6y Zihnipa\u015fa Girls&#8216; Art School genutzt. <i style=\"font-family: Verdana, sans-serif;\"><b>Babanzade Ahmed Naim Bey, (1872-1934)<\/b><\/i><b>Ahmed Naim<\/b> war ein \u00dcbersetzer, Philosoph und Schriftsteller, der in der letzten Periode des Osmanischen Reiches und den ersten Jahren der Republik lebte. Er lehrte zwischen 1914 und 1933 Philosophie an der D\u00e2r\u00fclf\u00fcn\u00fbn (Universit\u00e4t Istanbul). Im Jahr 1919 wurde er Rektor von D\u00e2r\u00fclf\u00fcn\u00fbn. Er diente eine Zeit lang als Mitglied des A&#8217;yan. Ahmed Naim, der 1933 mit der Universit\u00e4tsreform entlassen wurde, wurde mit seinen Werken &#8222;Felsefe Dersleri&#8220;, &#8222;Mebadi-i Felsefe&#8217;den \u0130lmu&#8217;n-Nefs&#8220; und &#8222;Mant\u0131k&#8220; als wertvoller \u00dcbersetzer und Philosoph auf dem Gebiet der Philosophie anerkannt.         <b>Babanzade H\u00fcseyin \u015e\u00fckr\u00fc Bey, (1890-1980) <\/b> Dekan der Fakult\u00e4t f\u00fcr Wirtschaftswissenschaften an der Universit\u00e4t Istanbul, arbeitete als Chefredakteur der Zeitung Terc\u00fcman. <b>Babanzade Cihad Bey (1911-1984)<\/b> war 1961 Minister f\u00fcr Presse, Ver\u00f6ffentlichungen und Tourismus und 1980 Minister f\u00fcr Kultur. <b>Babanzade Hamdi Bey:<\/b>Mitglied des Komitees f\u00fcr Union und Fortschritt, <b>Babanzade Hikmet Bey<\/b>: Er war ein Gr\u00fcndungsmitglied der Theologischen Gesellschaft Kurdistans. <b>Babanzade Jamil Sidqi <\/b><b>el-Zahawi:<\/b> Irakischer Dichter und Philosoph <b>Babanzade Muhammad Najmuldeen:<\/b> Eines der Gr\u00fcndungsmitglieder der irakischen Asiacell Telekommunikationsgesellschaft. <b>Ahmed Mukhtar Baban: <\/b>1958 der letzte Premierminister des monarchisch regierten Irak. <b>Naz\u0131m Hikmets<\/b>Gro\u00dfmutter <b>Samiye Han\u0131m<\/b> stammte aus der Familie <b>Babanzade<\/b>. Auch<b> Fatma Neslihan Baban <\/b>, die Ehefrau von <b>Necip Faz\u0131l K\u0131sak\u00fcrek<\/b>, geh\u00f6rte der Familie <b>Baban<\/b> an.      Au\u00dferdem heiratete <b>Ya\u015far Kemal <\/b> <b>Ay\u015fe Baban, eine der Babanzads<\/b>. <b>Wir k\u00f6nnen diese Liste noch verl\u00e4ngern. Die Familie Baban hat es geschafft, sich in allen Bereichen und L\u00e4ndern einen Namen zu machen.<\/b><\/p>\n<\/div>\n<div>\n<p><b>Sie wird gerade aktualisiert &#8230;<\/b> Unsere Nachforschungen gehen weiter und werden laufend aktualisiert&#8230;  <\/div>\n","protected":false},"excerpt":{"rendered":"<p>Von Kurden gegr\u00fcndete Staaten in der Geschichte Nach unserer Studie mit dem Titel &#8222;Der kurdische Staat&#8220; werden wir Ihnen nun die F\u00fcrstent\u00fcmer, F\u00fcrstent\u00fcmer und Dynastien vorstellen, die nicht so stark mit dem Begriff &#8222;Staat&#8220; verbunden sind. Leider wird in den Schulen keine kurdische Geschichte unterrichtet und nichts \u00fcber Kurden und die kurdische Sprache gelehrt. Deshalb &hellip;<\/p>\n","protected":false},"author":1,"featured_media":26640,"comment_status":"open","ping_status":"closed","sticky":false,"template":"","format":"standard","meta":{"footnotes":""},"categories":[6050],"tags":[6025,6530,6528,6129,6529,6224,6531],"class_list":["post-29315","post","type-post","status-publish","format-standard","has-post-thumbnail","hentry","category-kurdische-geschichte","tag-kurden-de","tag-kurdische-furstentumer","tag-kurdische-furstentumer-osmanisch","tag-kurdische-geschichte","tag-kurdische-konigreiche","tag-kurdische-staaten","tag-von-kurden-gegrundete-dynastien"],"yoast_head":"<!-- This site is optimized with the Yoast SEO plugin v23.7 - https:\/\/yoast.com\/wordpress\/plugins\/seo\/ -->\n<title>Kurdische F\u00fcrstent\u00fcmer, Emirate, F\u00fcrstent\u00fcmer und Dynastien in der Geschichte - Mit Liebe gebastelt<\/title>\n<meta name=\"robots\" content=\"index, follow, max-snippet:-1, max-image-preview:large, max-video-preview:-1\" \/>\n<link rel=\"canonical\" href=\"https:\/\/www.xn--krtler-3ya.com\/de\/kurdische-fuerstentuemer-emirate-fuerstentuemer-und-dynastien-in-der-geschichte.html\" \/>\n<meta property=\"og:locale\" content=\"de_DE\" \/>\n<meta property=\"og:type\" content=\"article\" \/>\n<meta property=\"og:title\" content=\"Kurdische F\u00fcrstent\u00fcmer, Emirate, F\u00fcrstent\u00fcmer und Dynastien in der Geschichte - Mit Liebe gebastelt\" \/>\n<meta property=\"og:description\" content=\"Von Kurden gegr\u00fcndete Staaten in der Geschichte Nach unserer Studie mit dem Titel &#8222;Der kurdische Staat&#8220; werden wir Ihnen nun die F\u00fcrstent\u00fcmer, F\u00fcrstent\u00fcmer und Dynastien vorstellen, die nicht so stark mit dem Begriff &#8222;Staat&#8220; verbunden sind. Leider wird in den Schulen keine kurdische Geschichte unterrichtet und nichts \u00fcber Kurden und die kurdische Sprache gelehrt. Deshalb &hellip;\" \/>\n<meta property=\"og:url\" content=\"https:\/\/www.xn--krtler-3ya.com\/de\/kurdische-fuerstentuemer-emirate-fuerstentuemer-und-dynastien-in-der-geschichte.html\" \/>\n<meta property=\"og:site_name\" content=\"Mit Liebe gebastelt\" \/>\n<meta property=\"article:published_time\" content=\"2016-01-07T22:29:00+00:00\" \/>\n<meta property=\"og:image\" content=\"https:\/\/www.xn--krtler-3ya.com\/wp-content\/uploads\/2016\/01\/luristan-kurt-beyligi.jpg\" \/>\n\t<meta property=\"og:image:width\" content=\"400\" \/>\n\t<meta property=\"og:image:height\" content=\"360\" \/>\n\t<meta property=\"og:image:type\" content=\"image\/jpeg\" \/>\n<meta name=\"author\" content=\"admin\" \/>\n<meta name=\"twitter:card\" content=\"summary_large_image\" \/>\n<meta name=\"twitter:label1\" content=\"Verfasst von\" \/>\n\t<meta name=\"twitter:data1\" content=\"admin\" \/>\n\t<meta name=\"twitter:label2\" content=\"Gesch\u00e4tzte Lesezeit\" \/>\n\t<meta name=\"twitter:data2\" content=\"15\u00a0Minuten\" \/>\n<script type=\"application\/ld+json\" class=\"yoast-schema-graph\">{\"@context\":\"https:\/\/schema.org\",\"@graph\":[{\"@type\":\"WebPage\",\"@id\":\"https:\/\/www.xn--krtler-3ya.com\/de\/kurdische-fuerstentuemer-emirate-fuerstentuemer-und-dynastien-in-der-geschichte.html\",\"url\":\"https:\/\/www.xn--krtler-3ya.com\/de\/kurdische-fuerstentuemer-emirate-fuerstentuemer-und-dynastien-in-der-geschichte.html\",\"name\":\"Kurdische F\u00fcrstent\u00fcmer, Emirate, F\u00fcrstent\u00fcmer und Dynastien in der Geschichte - Mit Liebe gebastelt\",\"isPartOf\":{\"@id\":\"https:\/\/www.xn--krtler-3ya.com\/de#website\"},\"primaryImageOfPage\":{\"@id\":\"https:\/\/www.xn--krtler-3ya.com\/de\/kurdische-fuerstentuemer-emirate-fuerstentuemer-und-dynastien-in-der-geschichte.html#primaryimage\"},\"image\":{\"@id\":\"https:\/\/www.xn--krtler-3ya.com\/de\/kurdische-fuerstentuemer-emirate-fuerstentuemer-und-dynastien-in-der-geschichte.html#primaryimage\"},\"thumbnailUrl\":\"https:\/\/www.xn--krtler-3ya.com\/wp-content\/uploads\/2016\/01\/tarihte-kurulan-kurt-beylikleri-ve-hanedanliklar-2.jpg\",\"datePublished\":\"2016-01-07T22:29:00+00:00\",\"dateModified\":\"2016-01-07T22:29:00+00:00\",\"author\":{\"@id\":\"https:\/\/www.xn--krtler-3ya.com\/de#\/schema\/person\/6bcd5bbe2e1493cacc77180c1bd84881\"},\"breadcrumb\":{\"@id\":\"https:\/\/www.xn--krtler-3ya.com\/de\/kurdische-fuerstentuemer-emirate-fuerstentuemer-und-dynastien-in-der-geschichte.html#breadcrumb\"},\"inLanguage\":\"de\",\"potentialAction\":[{\"@type\":\"ReadAction\",\"target\":[\"https:\/\/www.xn--krtler-3ya.com\/de\/kurdische-fuerstentuemer-emirate-fuerstentuemer-und-dynastien-in-der-geschichte.html\"]}]},{\"@type\":\"ImageObject\",\"inLanguage\":\"de\",\"@id\":\"https:\/\/www.xn--krtler-3ya.com\/de\/kurdische-fuerstentuemer-emirate-fuerstentuemer-und-dynastien-in-der-geschichte.html#primaryimage\",\"url\":\"https:\/\/www.xn--krtler-3ya.com\/wp-content\/uploads\/2016\/01\/tarihte-kurulan-kurt-beylikleri-ve-hanedanliklar-2.jpg\",\"contentUrl\":\"https:\/\/www.xn--krtler-3ya.com\/wp-content\/uploads\/2016\/01\/tarihte-kurulan-kurt-beylikleri-ve-hanedanliklar-2.jpg\",\"width\":500,\"height\":369},{\"@type\":\"BreadcrumbList\",\"@id\":\"https:\/\/www.xn--krtler-3ya.com\/de\/kurdische-fuerstentuemer-emirate-fuerstentuemer-und-dynastien-in-der-geschichte.html#breadcrumb\",\"itemListElement\":[{\"@type\":\"ListItem\",\"position\":1,\"name\":\"Startseite\",\"item\":\"https:\/\/www.xn--krtler-3ya.com\/de\"},{\"@type\":\"ListItem\",\"position\":2,\"name\":\"Kurdische F\u00fcrstent\u00fcmer, Emirate, F\u00fcrstent\u00fcmer und Dynastien in der Geschichte\"}]},{\"@type\":\"WebSite\",\"@id\":\"https:\/\/www.xn--krtler-3ya.com\/de#website\",\"url\":\"https:\/\/www.xn--krtler-3ya.com\/de\",\"name\":\"k\u00fcrtler\",\"description\":\"\",\"potentialAction\":[{\"@type\":\"SearchAction\",\"target\":{\"@type\":\"EntryPoint\",\"urlTemplate\":\"https:\/\/www.xn--krtler-3ya.com\/de?s={search_term_string}\"},\"query-input\":{\"@type\":\"PropertyValueSpecification\",\"valueRequired\":true,\"valueName\":\"search_term_string\"}}],\"inLanguage\":\"de\"},{\"@type\":\"Person\",\"@id\":\"https:\/\/www.xn--krtler-3ya.com\/de#\/schema\/person\/6bcd5bbe2e1493cacc77180c1bd84881\",\"name\":\"admin\",\"image\":{\"@type\":\"ImageObject\",\"inLanguage\":\"de\",\"@id\":\"https:\/\/www.xn--krtler-3ya.com\/de#\/schema\/person\/image\/\",\"url\":\"https:\/\/www.xn--krtler-3ya.com\/wp-content\/litespeed\/avatar\/de8faab9da60e77876a3fba9edd82f20.jpg?ver=1776826433\",\"contentUrl\":\"https:\/\/www.xn--krtler-3ya.com\/wp-content\/litespeed\/avatar\/de8faab9da60e77876a3fba9edd82f20.jpg?ver=1776826433\",\"caption\":\"admin\"},\"sameAs\":[\"https:\/\/kora24.de\"],\"url\":\"https:\/\/www.xn--krtler-3ya.com\/de\/author\/youssef\"}]}<\/script>\n<!-- \/ Yoast SEO plugin. -->","yoast_head_json":{"title":"Kurdische F\u00fcrstent\u00fcmer, Emirate, F\u00fcrstent\u00fcmer und Dynastien in der Geschichte - Mit Liebe gebastelt","robots":{"index":"index","follow":"follow","max-snippet":"max-snippet:-1","max-image-preview":"max-image-preview:large","max-video-preview":"max-video-preview:-1"},"canonical":"https:\/\/www.xn--krtler-3ya.com\/de\/kurdische-fuerstentuemer-emirate-fuerstentuemer-und-dynastien-in-der-geschichte.html","og_locale":"de_DE","og_type":"article","og_title":"Kurdische F\u00fcrstent\u00fcmer, Emirate, F\u00fcrstent\u00fcmer und Dynastien in der Geschichte - Mit Liebe gebastelt","og_description":"Von Kurden gegr\u00fcndete Staaten in der Geschichte Nach unserer Studie mit dem Titel &#8222;Der kurdische Staat&#8220; werden wir Ihnen nun die F\u00fcrstent\u00fcmer, F\u00fcrstent\u00fcmer und Dynastien vorstellen, die nicht so stark mit dem Begriff &#8222;Staat&#8220; verbunden sind. Leider wird in den Schulen keine kurdische Geschichte unterrichtet und nichts \u00fcber Kurden und die kurdische Sprache gelehrt. Deshalb &hellip;","og_url":"https:\/\/www.xn--krtler-3ya.com\/de\/kurdische-fuerstentuemer-emirate-fuerstentuemer-und-dynastien-in-der-geschichte.html","og_site_name":"Mit Liebe gebastelt","article_published_time":"2016-01-07T22:29:00+00:00","og_image":[{"width":400,"height":360,"url":"https:\/\/www.xn--krtler-3ya.com\/wp-content\/uploads\/2016\/01\/luristan-kurt-beyligi.jpg","type":"image\/jpeg"}],"author":"admin","twitter_card":"summary_large_image","twitter_misc":{"Verfasst von":"admin","Gesch\u00e4tzte Lesezeit":"15\u00a0Minuten"},"schema":{"@context":"https:\/\/schema.org","@graph":[{"@type":"WebPage","@id":"https:\/\/www.xn--krtler-3ya.com\/de\/kurdische-fuerstentuemer-emirate-fuerstentuemer-und-dynastien-in-der-geschichte.html","url":"https:\/\/www.xn--krtler-3ya.com\/de\/kurdische-fuerstentuemer-emirate-fuerstentuemer-und-dynastien-in-der-geschichte.html","name":"Kurdische F\u00fcrstent\u00fcmer, Emirate, F\u00fcrstent\u00fcmer und Dynastien in der Geschichte - Mit Liebe gebastelt","isPartOf":{"@id":"https:\/\/www.xn--krtler-3ya.com\/de#website"},"primaryImageOfPage":{"@id":"https:\/\/www.xn--krtler-3ya.com\/de\/kurdische-fuerstentuemer-emirate-fuerstentuemer-und-dynastien-in-der-geschichte.html#primaryimage"},"image":{"@id":"https:\/\/www.xn--krtler-3ya.com\/de\/kurdische-fuerstentuemer-emirate-fuerstentuemer-und-dynastien-in-der-geschichte.html#primaryimage"},"thumbnailUrl":"https:\/\/www.xn--krtler-3ya.com\/wp-content\/uploads\/2016\/01\/tarihte-kurulan-kurt-beylikleri-ve-hanedanliklar-2.jpg","datePublished":"2016-01-07T22:29:00+00:00","dateModified":"2016-01-07T22:29:00+00:00","author":{"@id":"https:\/\/www.xn--krtler-3ya.com\/de#\/schema\/person\/6bcd5bbe2e1493cacc77180c1bd84881"},"breadcrumb":{"@id":"https:\/\/www.xn--krtler-3ya.com\/de\/kurdische-fuerstentuemer-emirate-fuerstentuemer-und-dynastien-in-der-geschichte.html#breadcrumb"},"inLanguage":"de","potentialAction":[{"@type":"ReadAction","target":["https:\/\/www.xn--krtler-3ya.com\/de\/kurdische-fuerstentuemer-emirate-fuerstentuemer-und-dynastien-in-der-geschichte.html"]}]},{"@type":"ImageObject","inLanguage":"de","@id":"https:\/\/www.xn--krtler-3ya.com\/de\/kurdische-fuerstentuemer-emirate-fuerstentuemer-und-dynastien-in-der-geschichte.html#primaryimage","url":"https:\/\/www.xn--krtler-3ya.com\/wp-content\/uploads\/2016\/01\/tarihte-kurulan-kurt-beylikleri-ve-hanedanliklar-2.jpg","contentUrl":"https:\/\/www.xn--krtler-3ya.com\/wp-content\/uploads\/2016\/01\/tarihte-kurulan-kurt-beylikleri-ve-hanedanliklar-2.jpg","width":500,"height":369},{"@type":"BreadcrumbList","@id":"https:\/\/www.xn--krtler-3ya.com\/de\/kurdische-fuerstentuemer-emirate-fuerstentuemer-und-dynastien-in-der-geschichte.html#breadcrumb","itemListElement":[{"@type":"ListItem","position":1,"name":"Startseite","item":"https:\/\/www.xn--krtler-3ya.com\/de"},{"@type":"ListItem","position":2,"name":"Kurdische F\u00fcrstent\u00fcmer, Emirate, F\u00fcrstent\u00fcmer und Dynastien in der Geschichte"}]},{"@type":"WebSite","@id":"https:\/\/www.xn--krtler-3ya.com\/de#website","url":"https:\/\/www.xn--krtler-3ya.com\/de","name":"k\u00fcrtler","description":"","potentialAction":[{"@type":"SearchAction","target":{"@type":"EntryPoint","urlTemplate":"https:\/\/www.xn--krtler-3ya.com\/de?s={search_term_string}"},"query-input":{"@type":"PropertyValueSpecification","valueRequired":true,"valueName":"search_term_string"}}],"inLanguage":"de"},{"@type":"Person","@id":"https:\/\/www.xn--krtler-3ya.com\/de#\/schema\/person\/6bcd5bbe2e1493cacc77180c1bd84881","name":"admin","image":{"@type":"ImageObject","inLanguage":"de","@id":"https:\/\/www.xn--krtler-3ya.com\/de#\/schema\/person\/image\/","url":"https:\/\/www.xn--krtler-3ya.com\/wp-content\/litespeed\/avatar\/de8faab9da60e77876a3fba9edd82f20.jpg?ver=1776826433","contentUrl":"https:\/\/www.xn--krtler-3ya.com\/wp-content\/litespeed\/avatar\/de8faab9da60e77876a3fba9edd82f20.jpg?ver=1776826433","caption":"admin"},"sameAs":["https:\/\/kora24.de"],"url":"https:\/\/www.xn--krtler-3ya.com\/de\/author\/youssef"}]}},"amp_enabled":true,"_links":{"self":[{"href":"https:\/\/www.xn--krtler-3ya.com\/de\/wp-json\/wp\/v2\/posts\/29315","targetHints":{"allow":["GET"]}}],"collection":[{"href":"https:\/\/www.xn--krtler-3ya.com\/de\/wp-json\/wp\/v2\/posts"}],"about":[{"href":"https:\/\/www.xn--krtler-3ya.com\/de\/wp-json\/wp\/v2\/types\/post"}],"author":[{"embeddable":true,"href":"https:\/\/www.xn--krtler-3ya.com\/de\/wp-json\/wp\/v2\/users\/1"}],"replies":[{"embeddable":true,"href":"https:\/\/www.xn--krtler-3ya.com\/de\/wp-json\/wp\/v2\/comments?post=29315"}],"version-history":[{"count":0,"href":"https:\/\/www.xn--krtler-3ya.com\/de\/wp-json\/wp\/v2\/posts\/29315\/revisions"}],"wp:featuredmedia":[{"embeddable":true,"href":"https:\/\/www.xn--krtler-3ya.com\/de\/wp-json\/wp\/v2\/media\/26640"}],"wp:attachment":[{"href":"https:\/\/www.xn--krtler-3ya.com\/de\/wp-json\/wp\/v2\/media?parent=29315"}],"wp:term":[{"taxonomy":"category","embeddable":true,"href":"https:\/\/www.xn--krtler-3ya.com\/de\/wp-json\/wp\/v2\/categories?post=29315"},{"taxonomy":"post_tag","embeddable":true,"href":"https:\/\/www.xn--krtler-3ya.com\/de\/wp-json\/wp\/v2\/tags?post=29315"}],"curies":[{"name":"wp","href":"https:\/\/api.w.org\/{rel}","templated":true}]}}