{"id":29332,"date":"2019-03-29T18:09:33","date_gmt":"2019-03-29T18:09:33","guid":{"rendered":"https:\/\/www.xn--krtler-3ya.com\/erdogans-groesste-sorge-bei-den-wahlen.html"},"modified":"2019-03-29T18:09:33","modified_gmt":"2019-03-29T18:09:33","slug":"erdogans-groesste-sorge-bei-den-wahlen","status":"publish","type":"post","link":"https:\/\/www.xn--krtler-3ya.com\/de\/erdogans-groesste-sorge-bei-den-wahlen.html","title":{"rendered":"Erdo\u011fans gr\u00f6\u00dfte Sorge bei den Wahlen"},"content":{"rendered":"<p><strong>Nach den Untersuchungen, die darauf hindeuten, dass ein Teil der AKP-W\u00e4hler bei dieser Wahl nicht zur Wahl gehen wird, sagte Pr\u00e4sident Erdo\u011fan: &#8222;Bitte, keinen Groll, keinen Groll, nicht dies und das. Ich appelliere an die Basis der AKP, wir sollten hier keine Kompromisse eingehen.<br \/>\n<\/strong><\/p>\n<p> Die Behauptung, dass es bei dieser Wahl mehr unentschlossene W\u00e4hler <strong>f\u00fcr die AKP<\/strong> gibt, spiegelte sich auch in den j\u00fcngsten Kundgebungsreden von Pr\u00e4sident Erdo\u011fans <a rel=\"dofollow\" href=\"http:\/\/malatyapapim.net\/\" title=\"Malatya Eskorte\">Malatya-Begleiter<\/a> wider. Auf der Kundgebung seiner Partei in Maltepe sagte Pr\u00e4sident Tayyip Erdo\u011fan: &#8222;Bitte keine Ressentiments, Ressentiments, dies und das. Ich appelliere an die Basis der AK Partei, wir sollten hier keine Kompromisse eingehen. Ich appelliere an meine MHP-Br\u00fcder und -Schwestern in <a rel=\"dofollow\" href=\"http:\/\/kusadasipapim.net\/\" title=\"Kusadasi Eskorte\">Kusadasi<\/a>, lassen Sie uns nicht durch Ressentiments und Unmut Stimmen verlieren. Was werden wir tun? Wir werden unsere Stimmen integrieren, wir werden die osmanische Ohrfeige in die Wahlurne klatschen&#8220;, sagte er. Erdo\u011fan sagte: &#8222;Es ist unsere Aufgabe, die Wirtschaft der T\u00fcrkei zu verwalten. Wir haben die <a rel=\"dofollow\" href=\"http:\/\/kurtkoypapim.net\/\" title=\"Kurtkoy Eskorte\">Kurtk\u00f6y-Begleitb\u00fccher<\/a> von ihnen allen. Wir wissen, in welchem Zustand sie sind, sie weinen&#8220;, sagte er.<\/p>\n","protected":false},"excerpt":{"rendered":"<p>Nach den Untersuchungen, die darauf hindeuten, dass ein Teil der AKP-W\u00e4hler bei dieser Wahl nicht zur Wahl gehen wird, sagte Pr\u00e4sident Erdo\u011fan: &#8222;Bitte, keinen Groll, keinen Groll, nicht dies und das. Ich appelliere an die Basis der AKP, wir sollten hier keine Kompromisse eingehen. Die Behauptung, dass es bei dieser Wahl mehr unentschlossene W\u00e4hler f\u00fcr &hellip;<\/p>\n","protected":false},"author":1,"featured_media":26635,"comment_status":"open","ping_status":"closed","sticky":false,"template":"","format":"standard","meta":{"footnotes":""},"categories":[6127,6484],"tags":[6279,6493],"class_list":["post-29332","post","type-post","status-publish","format-standard","has-post-thumbnail","hentry","category-aktuell","category-politik","tag-31-marz-2019-kommunalwahlen","tag-erdogan-de"],"yoast_head":"<!-- This site is optimized with the Yoast SEO plugin v23.7 - https:\/\/yoast.com\/wordpress\/plugins\/seo\/ -->\n<title>Erdo\u011fans gr\u00f6\u00dfte Sorge bei den Wahlen - Mit Liebe gebastelt<\/title>\n<meta name=\"robots\" content=\"index, follow, max-snippet:-1, max-image-preview:large, max-video-preview:-1\" \/>\n<link rel=\"canonical\" href=\"https:\/\/www.xn--krtler-3ya.com\/de\/erdogans-groesste-sorge-bei-den-wahlen.html\" \/>\n<meta property=\"og:locale\" content=\"de_DE\" \/>\n<meta property=\"og:type\" content=\"article\" \/>\n<meta property=\"og:title\" content=\"Erdo\u011fans gr\u00f6\u00dfte Sorge bei den Wahlen - Mit Liebe gebastelt\" \/>\n<meta property=\"og:description\" content=\"Nach den Untersuchungen, die darauf hindeuten, dass ein Teil der AKP-W\u00e4hler bei dieser Wahl nicht zur Wahl gehen wird, sagte Pr\u00e4sident Erdo\u011fan: &#8222;Bitte, keinen Groll, keinen Groll, nicht dies und das. Ich appelliere an die Basis der AKP, wir sollten hier keine Kompromisse eingehen. Die Behauptung, dass es bei dieser Wahl mehr unentschlossene W\u00e4hler f\u00fcr &hellip;\" \/>\n<meta property=\"og:url\" content=\"https:\/\/www.xn--krtler-3ya.com\/de\/erdogans-groesste-sorge-bei-den-wahlen.html\" \/>\n<meta property=\"og:site_name\" content=\"Mit Liebe gebastelt\" \/>\n<meta property=\"article:published_time\" content=\"2019-03-29T18:09:33+00:00\" \/>\n<meta property=\"og:image\" content=\"https:\/\/www.xn--krtler-3ya.com\/wp-content\/uploads\/2019\/03\/erdoganin-secimlerdeki-en-buyuk-endisesi.jpg\" \/>\n\t<meta property=\"og:image:width\" content=\"650\" \/>\n\t<meta property=\"og:image:height\" content=\"366\" \/>\n\t<meta property=\"og:image:type\" content=\"image\/jpeg\" \/>\n<meta name=\"author\" content=\"admin\" \/>\n<meta name=\"twitter:card\" content=\"summary_large_image\" \/>\n<meta name=\"twitter:label1\" content=\"Verfasst von\" \/>\n\t<meta name=\"twitter:data1\" content=\"admin\" \/>\n\t<meta name=\"twitter:label2\" content=\"Gesch\u00e4tzte Lesezeit\" \/>\n\t<meta name=\"twitter:data2\" content=\"1\u00a0Minute\" \/>\n<script type=\"application\/ld+json\" class=\"yoast-schema-graph\">{\"@context\":\"https:\/\/schema.org\",\"@graph\":[{\"@type\":\"WebPage\",\"@id\":\"https:\/\/www.xn--krtler-3ya.com\/de\/erdogans-groesste-sorge-bei-den-wahlen.html\",\"url\":\"https:\/\/www.xn--krtler-3ya.com\/de\/erdogans-groesste-sorge-bei-den-wahlen.html\",\"name\":\"Erdo\u011fans gr\u00f6\u00dfte Sorge bei den Wahlen - Mit Liebe gebastelt\",\"isPartOf\":{\"@id\":\"https:\/\/www.xn--krtler-3ya.com\/de#website\"},\"primaryImageOfPage\":{\"@id\":\"https:\/\/www.xn--krtler-3ya.com\/de\/erdogans-groesste-sorge-bei-den-wahlen.html#primaryimage\"},\"image\":{\"@id\":\"https:\/\/www.xn--krtler-3ya.com\/de\/erdogans-groesste-sorge-bei-den-wahlen.html#primaryimage\"},\"thumbnailUrl\":\"https:\/\/www.xn--krtler-3ya.com\/wp-content\/uploads\/2019\/03\/erdoganin-secimlerdeki-en-buyuk-endisesi.jpg\",\"datePublished\":\"2019-03-29T18:09:33+00:00\",\"dateModified\":\"2019-03-29T18:09:33+00:00\",\"author\":{\"@id\":\"https:\/\/www.xn--krtler-3ya.com\/de#\/schema\/person\/6bcd5bbe2e1493cacc77180c1bd84881\"},\"breadcrumb\":{\"@id\":\"https:\/\/www.xn--krtler-3ya.com\/de\/erdogans-groesste-sorge-bei-den-wahlen.html#breadcrumb\"},\"inLanguage\":\"de\",\"potentialAction\":[{\"@type\":\"ReadAction\",\"target\":[\"https:\/\/www.xn--krtler-3ya.com\/de\/erdogans-groesste-sorge-bei-den-wahlen.html\"]}]},{\"@type\":\"ImageObject\",\"inLanguage\":\"de\",\"@id\":\"https:\/\/www.xn--krtler-3ya.com\/de\/erdogans-groesste-sorge-bei-den-wahlen.html#primaryimage\",\"url\":\"https:\/\/www.xn--krtler-3ya.com\/wp-content\/uploads\/2019\/03\/erdoganin-secimlerdeki-en-buyuk-endisesi.jpg\",\"contentUrl\":\"https:\/\/www.xn--krtler-3ya.com\/wp-content\/uploads\/2019\/03\/erdoganin-secimlerdeki-en-buyuk-endisesi.jpg\",\"width\":650,\"height\":366},{\"@type\":\"BreadcrumbList\",\"@id\":\"https:\/\/www.xn--krtler-3ya.com\/de\/erdogans-groesste-sorge-bei-den-wahlen.html#breadcrumb\",\"itemListElement\":[{\"@type\":\"ListItem\",\"position\":1,\"name\":\"Startseite\",\"item\":\"https:\/\/www.xn--krtler-3ya.com\/de\"},{\"@type\":\"ListItem\",\"position\":2,\"name\":\"Erdo\u011fans gr\u00f6\u00dfte Sorge bei den Wahlen\"}]},{\"@type\":\"WebSite\",\"@id\":\"https:\/\/www.xn--krtler-3ya.com\/de#website\",\"url\":\"https:\/\/www.xn--krtler-3ya.com\/de\",\"name\":\"k\u00fcrtler\",\"description\":\"\",\"potentialAction\":[{\"@type\":\"SearchAction\",\"target\":{\"@type\":\"EntryPoint\",\"urlTemplate\":\"https:\/\/www.xn--krtler-3ya.com\/de?s={search_term_string}\"},\"query-input\":{\"@type\":\"PropertyValueSpecification\",\"valueRequired\":true,\"valueName\":\"search_term_string\"}}],\"inLanguage\":\"de\"},{\"@type\":\"Person\",\"@id\":\"https:\/\/www.xn--krtler-3ya.com\/de#\/schema\/person\/6bcd5bbe2e1493cacc77180c1bd84881\",\"name\":\"admin\",\"image\":{\"@type\":\"ImageObject\",\"inLanguage\":\"de\",\"@id\":\"https:\/\/www.xn--krtler-3ya.com\/de#\/schema\/person\/image\/\",\"url\":\"https:\/\/www.xn--krtler-3ya.com\/wp-content\/litespeed\/avatar\/de8faab9da60e77876a3fba9edd82f20.jpg?ver=1777431259\",\"contentUrl\":\"https:\/\/www.xn--krtler-3ya.com\/wp-content\/litespeed\/avatar\/de8faab9da60e77876a3fba9edd82f20.jpg?ver=1777431259\",\"caption\":\"admin\"},\"sameAs\":[\"https:\/\/kora24.de\"],\"url\":\"https:\/\/www.xn--krtler-3ya.com\/de\/author\/youssef\"}]}<\/script>\n<!-- \/ Yoast SEO plugin. -->","yoast_head_json":{"title":"Erdo\u011fans gr\u00f6\u00dfte Sorge bei den Wahlen - Mit Liebe gebastelt","robots":{"index":"index","follow":"follow","max-snippet":"max-snippet:-1","max-image-preview":"max-image-preview:large","max-video-preview":"max-video-preview:-1"},"canonical":"https:\/\/www.xn--krtler-3ya.com\/de\/erdogans-groesste-sorge-bei-den-wahlen.html","og_locale":"de_DE","og_type":"article","og_title":"Erdo\u011fans gr\u00f6\u00dfte Sorge bei den Wahlen - Mit Liebe gebastelt","og_description":"Nach den Untersuchungen, die darauf hindeuten, dass ein Teil der AKP-W\u00e4hler bei dieser Wahl nicht zur Wahl gehen wird, sagte Pr\u00e4sident Erdo\u011fan: &#8222;Bitte, keinen Groll, keinen Groll, nicht dies und das. Ich appelliere an die Basis der AKP, wir sollten hier keine Kompromisse eingehen. Die Behauptung, dass es bei dieser Wahl mehr unentschlossene W\u00e4hler f\u00fcr &hellip;","og_url":"https:\/\/www.xn--krtler-3ya.com\/de\/erdogans-groesste-sorge-bei-den-wahlen.html","og_site_name":"Mit Liebe gebastelt","article_published_time":"2019-03-29T18:09:33+00:00","og_image":[{"width":650,"height":366,"url":"https:\/\/www.xn--krtler-3ya.com\/wp-content\/uploads\/2019\/03\/erdoganin-secimlerdeki-en-buyuk-endisesi.jpg","type":"image\/jpeg"}],"author":"admin","twitter_card":"summary_large_image","twitter_misc":{"Verfasst von":"admin","Gesch\u00e4tzte Lesezeit":"1\u00a0Minute"},"schema":{"@context":"https:\/\/schema.org","@graph":[{"@type":"WebPage","@id":"https:\/\/www.xn--krtler-3ya.com\/de\/erdogans-groesste-sorge-bei-den-wahlen.html","url":"https:\/\/www.xn--krtler-3ya.com\/de\/erdogans-groesste-sorge-bei-den-wahlen.html","name":"Erdo\u011fans gr\u00f6\u00dfte Sorge bei den Wahlen - Mit Liebe gebastelt","isPartOf":{"@id":"https:\/\/www.xn--krtler-3ya.com\/de#website"},"primaryImageOfPage":{"@id":"https:\/\/www.xn--krtler-3ya.com\/de\/erdogans-groesste-sorge-bei-den-wahlen.html#primaryimage"},"image":{"@id":"https:\/\/www.xn--krtler-3ya.com\/de\/erdogans-groesste-sorge-bei-den-wahlen.html#primaryimage"},"thumbnailUrl":"https:\/\/www.xn--krtler-3ya.com\/wp-content\/uploads\/2019\/03\/erdoganin-secimlerdeki-en-buyuk-endisesi.jpg","datePublished":"2019-03-29T18:09:33+00:00","dateModified":"2019-03-29T18:09:33+00:00","author":{"@id":"https:\/\/www.xn--krtler-3ya.com\/de#\/schema\/person\/6bcd5bbe2e1493cacc77180c1bd84881"},"breadcrumb":{"@id":"https:\/\/www.xn--krtler-3ya.com\/de\/erdogans-groesste-sorge-bei-den-wahlen.html#breadcrumb"},"inLanguage":"de","potentialAction":[{"@type":"ReadAction","target":["https:\/\/www.xn--krtler-3ya.com\/de\/erdogans-groesste-sorge-bei-den-wahlen.html"]}]},{"@type":"ImageObject","inLanguage":"de","@id":"https:\/\/www.xn--krtler-3ya.com\/de\/erdogans-groesste-sorge-bei-den-wahlen.html#primaryimage","url":"https:\/\/www.xn--krtler-3ya.com\/wp-content\/uploads\/2019\/03\/erdoganin-secimlerdeki-en-buyuk-endisesi.jpg","contentUrl":"https:\/\/www.xn--krtler-3ya.com\/wp-content\/uploads\/2019\/03\/erdoganin-secimlerdeki-en-buyuk-endisesi.jpg","width":650,"height":366},{"@type":"BreadcrumbList","@id":"https:\/\/www.xn--krtler-3ya.com\/de\/erdogans-groesste-sorge-bei-den-wahlen.html#breadcrumb","itemListElement":[{"@type":"ListItem","position":1,"name":"Startseite","item":"https:\/\/www.xn--krtler-3ya.com\/de"},{"@type":"ListItem","position":2,"name":"Erdo\u011fans gr\u00f6\u00dfte Sorge bei den Wahlen"}]},{"@type":"WebSite","@id":"https:\/\/www.xn--krtler-3ya.com\/de#website","url":"https:\/\/www.xn--krtler-3ya.com\/de","name":"k\u00fcrtler","description":"","potentialAction":[{"@type":"SearchAction","target":{"@type":"EntryPoint","urlTemplate":"https:\/\/www.xn--krtler-3ya.com\/de?s={search_term_string}"},"query-input":{"@type":"PropertyValueSpecification","valueRequired":true,"valueName":"search_term_string"}}],"inLanguage":"de"},{"@type":"Person","@id":"https:\/\/www.xn--krtler-3ya.com\/de#\/schema\/person\/6bcd5bbe2e1493cacc77180c1bd84881","name":"admin","image":{"@type":"ImageObject","inLanguage":"de","@id":"https:\/\/www.xn--krtler-3ya.com\/de#\/schema\/person\/image\/","url":"https:\/\/www.xn--krtler-3ya.com\/wp-content\/litespeed\/avatar\/de8faab9da60e77876a3fba9edd82f20.jpg?ver=1777431259","contentUrl":"https:\/\/www.xn--krtler-3ya.com\/wp-content\/litespeed\/avatar\/de8faab9da60e77876a3fba9edd82f20.jpg?ver=1777431259","caption":"admin"},"sameAs":["https:\/\/kora24.de"],"url":"https:\/\/www.xn--krtler-3ya.com\/de\/author\/youssef"}]}},"amp_enabled":true,"_links":{"self":[{"href":"https:\/\/www.xn--krtler-3ya.com\/de\/wp-json\/wp\/v2\/posts\/29332","targetHints":{"allow":["GET"]}}],"collection":[{"href":"https:\/\/www.xn--krtler-3ya.com\/de\/wp-json\/wp\/v2\/posts"}],"about":[{"href":"https:\/\/www.xn--krtler-3ya.com\/de\/wp-json\/wp\/v2\/types\/post"}],"author":[{"embeddable":true,"href":"https:\/\/www.xn--krtler-3ya.com\/de\/wp-json\/wp\/v2\/users\/1"}],"replies":[{"embeddable":true,"href":"https:\/\/www.xn--krtler-3ya.com\/de\/wp-json\/wp\/v2\/comments?post=29332"}],"version-history":[{"count":0,"href":"https:\/\/www.xn--krtler-3ya.com\/de\/wp-json\/wp\/v2\/posts\/29332\/revisions"}],"wp:featuredmedia":[{"embeddable":true,"href":"https:\/\/www.xn--krtler-3ya.com\/de\/wp-json\/wp\/v2\/media\/26635"}],"wp:attachment":[{"href":"https:\/\/www.xn--krtler-3ya.com\/de\/wp-json\/wp\/v2\/media?parent=29332"}],"wp:term":[{"taxonomy":"category","embeddable":true,"href":"https:\/\/www.xn--krtler-3ya.com\/de\/wp-json\/wp\/v2\/categories?post=29332"},{"taxonomy":"post_tag","embeddable":true,"href":"https:\/\/www.xn--krtler-3ya.com\/de\/wp-json\/wp\/v2\/tags?post=29332"}],"curies":[{"name":"wp","href":"https:\/\/api.w.org\/{rel}","templated":true}]}}