{"id":29355,"date":"2019-03-23T00:36:59","date_gmt":"2019-03-23T00:36:59","guid":{"rendered":"https:\/\/www.xn--krtler-3ya.com\/in-karsiyaka-izmir-wurden-tueren-von-kurden-und-aleviten-markiert.html"},"modified":"2019-03-23T00:36:59","modified_gmt":"2019-03-23T00:36:59","slug":"in-karsiyaka-izmir-wurden-tueren-von-kurden-und-aleviten-markiert","status":"publish","type":"post","link":"https:\/\/www.xn--krtler-3ya.com\/de\/in-karsiyaka-izmir-wurden-tueren-von-kurden-und-aleviten-markiert.html","title":{"rendered":"In Kar\u015f\u0131yaka, Izmir wurden T\u00fcren von Kurden und Aleviten markiert"},"content":{"rendered":"<p><strong>Im Viertel Yamanlar im Bezirk Kar\u015f\u0131yaka wurden 6 H\u00e4user, in denen Kurden und Aleviten leben, mit Kreuzen markiert.<\/strong><\/p>\n<p>Die W\u00e4nde und T\u00fcren von 6 H\u00e4usern, in denen Kurden und Aleviten leben, im Viertel Yamanlar im Bezirk <strong>Kar\u015f\u0131yaka<\/strong> von <strong>\u0130zmir<\/strong> wurden heute Morgen markiert. Die Bewohner des Viertels riefen die Polizei, als sie von dem Vorfall erfuhren. Die Polizei nahm nur eine Anzeige auf und \u00fcbermalte die Kreuze, was die Reaktion der B\u00fcrger hervorrief. Der Abgeordnete der Demokratischen Volkspartei (HDP) Murat \u00c7epni besuchte das Viertel, in dem sich der Vorfall ereignete.  <\/p>\n<h2><strong><span style=\"color: #ff0000;\">&#8218;WIR SIND HIER, WIR HABEN KEINE ANGST&#8216;<\/span><\/strong><\/h2>\n<p>H\u00fcseyin Akg\u00fcl, ein ehemaliger HDP-Bezirksgesch\u00e4ftsf\u00fchrer, erkl\u00e4rte, dass in der Nachbarschaft Mara\u015fl\u0131 und alevitische B\u00fcrger leben, und sagte: &#8222;Das ist zielgerichtet. Wir sind eine Gesellschaft und sie wollen das nicht akzeptieren. Die Aleviten in diesem Land haben das seit Jahren erlebt. Sie versuchen, uns Angst zu machen. Vor 10 Tagen kam eine Gruppe von AKP-Mitgliedern in unser Viertel, um durch das Verteilen von Flugbl\u00e4ttern um Stimmen zu werben. Wir sagten: &#8218;Wir haben keine Stimme f\u00fcr die AKP. Das ist unsere ganz nat\u00fcrliche Forderung. Wir haben darauf reagiert, und dann ist dieser Vorfall passiert. Aber wir haben nichts gegen irgendjemanden. Wir sind hier und wir haben keine Angst.&#8220;<\/p>\n<h2><strong><span style=\"color: #ff0000;\">&#8218;LASSEN SIE ALLES NOTWENDIGE GESCHEHEN&#8216;.<\/span><\/strong><\/h2>\n<p>Der <strong>HDP-Abgeordnete<\/strong> <strong>Murat \u00c7epni<\/strong>erkl\u00e4rte, dass die Verantwortlichen f\u00fcr den Vorfall so schnell wie m\u00f6glich gefunden werden sollten. \u00c7epni fuhr in seiner Rede wie folgt fort: &#8222;Was auch immer getan werden muss, sollte so schnell wie m\u00f6glich getan werden. Wenn sie das nicht tun, werden sie selbst Teil dieser Provokation.&#8220; <\/p>\n<p><strong>MA<\/strong><\/p>\n","protected":false},"excerpt":{"rendered":"<p>Im Viertel Yamanlar im Bezirk Kar\u015f\u0131yaka wurden 6 H\u00e4user, in denen Kurden und Aleviten leben, mit Kreuzen markiert. Die W\u00e4nde und T\u00fcren von 6 H\u00e4usern, in denen Kurden und Aleviten leben, im Viertel Yamanlar im Bezirk Kar\u015f\u0131yaka von \u0130zmir wurden heute Morgen markiert. Die Bewohner des Viertels riefen die Polizei, als sie von dem Vorfall &hellip;<\/p>\n","protected":false},"author":1,"featured_media":26614,"comment_status":"open","ping_status":"closed","sticky":false,"template":"","format":"standard","meta":{"footnotes":""},"categories":[6488,6547,6484],"tags":[6590,6591],"class_list":["post-29355","post","type-post","status-publish","format-standard","has-post-thumbnail","hentry","category-letzte-minute","category-lokal","category-politik","tag-izmir-de","tag-karsiyaka-de"],"yoast_head":"<!-- This site is optimized with the Yoast SEO plugin v23.7 - https:\/\/yoast.com\/wordpress\/plugins\/seo\/ -->\n<title>In Kar\u015f\u0131yaka, Izmir wurden T\u00fcren von Kurden und Aleviten markiert - Mit Liebe gebastelt<\/title>\n<meta name=\"robots\" content=\"index, follow, max-snippet:-1, max-image-preview:large, max-video-preview:-1\" \/>\n<link rel=\"canonical\" href=\"https:\/\/www.xn--krtler-3ya.com\/de\/in-karsiyaka-izmir-wurden-tueren-von-kurden-und-aleviten-markiert.html\" \/>\n<meta property=\"og:locale\" content=\"de_DE\" \/>\n<meta property=\"og:type\" content=\"article\" \/>\n<meta property=\"og:title\" content=\"In Kar\u015f\u0131yaka, Izmir wurden T\u00fcren von Kurden und Aleviten markiert - Mit Liebe gebastelt\" \/>\n<meta property=\"og:description\" content=\"Im Viertel Yamanlar im Bezirk Kar\u015f\u0131yaka wurden 6 H\u00e4user, in denen Kurden und Aleviten leben, mit Kreuzen markiert. Die W\u00e4nde und T\u00fcren von 6 H\u00e4usern, in denen Kurden und Aleviten leben, im Viertel Yamanlar im Bezirk Kar\u015f\u0131yaka von \u0130zmir wurden heute Morgen markiert. Die Bewohner des Viertels riefen die Polizei, als sie von dem Vorfall &hellip;\" \/>\n<meta property=\"og:url\" content=\"https:\/\/www.xn--krtler-3ya.com\/de\/in-karsiyaka-izmir-wurden-tueren-von-kurden-und-aleviten-markiert.html\" \/>\n<meta property=\"og:site_name\" content=\"Mit Liebe gebastelt\" \/>\n<meta property=\"article:published_time\" content=\"2019-03-23T00:36:59+00:00\" \/>\n<meta name=\"author\" content=\"admin\" \/>\n<meta name=\"twitter:card\" content=\"summary_large_image\" \/>\n<meta name=\"twitter:label1\" content=\"Verfasst von\" \/>\n\t<meta name=\"twitter:data1\" content=\"admin\" \/>\n\t<meta name=\"twitter:label2\" content=\"Gesch\u00e4tzte Lesezeit\" \/>\n\t<meta name=\"twitter:data2\" content=\"1\u00a0Minute\" \/>\n<script type=\"application\/ld+json\" class=\"yoast-schema-graph\">{\"@context\":\"https:\/\/schema.org\",\"@graph\":[{\"@type\":\"WebPage\",\"@id\":\"https:\/\/www.xn--krtler-3ya.com\/de\/in-karsiyaka-izmir-wurden-tueren-von-kurden-und-aleviten-markiert.html\",\"url\":\"https:\/\/www.xn--krtler-3ya.com\/de\/in-karsiyaka-izmir-wurden-tueren-von-kurden-und-aleviten-markiert.html\",\"name\":\"In Kar\u015f\u0131yaka, Izmir wurden T\u00fcren von Kurden und Aleviten markiert - Mit Liebe gebastelt\",\"isPartOf\":{\"@id\":\"https:\/\/www.xn--krtler-3ya.com\/de#website\"},\"primaryImageOfPage\":{\"@id\":\"https:\/\/www.xn--krtler-3ya.com\/de\/in-karsiyaka-izmir-wurden-tueren-von-kurden-und-aleviten-markiert.html#primaryimage\"},\"image\":{\"@id\":\"https:\/\/www.xn--krtler-3ya.com\/de\/in-karsiyaka-izmir-wurden-tueren-von-kurden-und-aleviten-markiert.html#primaryimage\"},\"thumbnailUrl\":\"https:\/\/www.xn--krtler-3ya.com\/wp-content\/uploads\/2019\/03\/izmir-karsiyaka-kurt-ve-alevilerin-evleri-isaretlendi.jpg\",\"datePublished\":\"2019-03-23T00:36:59+00:00\",\"dateModified\":\"2019-03-23T00:36:59+00:00\",\"author\":{\"@id\":\"https:\/\/www.xn--krtler-3ya.com\/de#\/schema\/person\/6bcd5bbe2e1493cacc77180c1bd84881\"},\"breadcrumb\":{\"@id\":\"https:\/\/www.xn--krtler-3ya.com\/de\/in-karsiyaka-izmir-wurden-tueren-von-kurden-und-aleviten-markiert.html#breadcrumb\"},\"inLanguage\":\"de\",\"potentialAction\":[{\"@type\":\"ReadAction\",\"target\":[\"https:\/\/www.xn--krtler-3ya.com\/de\/in-karsiyaka-izmir-wurden-tueren-von-kurden-und-aleviten-markiert.html\"]}]},{\"@type\":\"ImageObject\",\"inLanguage\":\"de\",\"@id\":\"https:\/\/www.xn--krtler-3ya.com\/de\/in-karsiyaka-izmir-wurden-tueren-von-kurden-und-aleviten-markiert.html#primaryimage\",\"url\":\"https:\/\/www.xn--krtler-3ya.com\/wp-content\/uploads\/2019\/03\/izmir-karsiyaka-kurt-ve-alevilerin-evleri-isaretlendi.jpg\",\"contentUrl\":\"https:\/\/www.xn--krtler-3ya.com\/wp-content\/uploads\/2019\/03\/izmir-karsiyaka-kurt-ve-alevilerin-evleri-isaretlendi.jpg\",\"width\":690,\"height\":390},{\"@type\":\"BreadcrumbList\",\"@id\":\"https:\/\/www.xn--krtler-3ya.com\/de\/in-karsiyaka-izmir-wurden-tueren-von-kurden-und-aleviten-markiert.html#breadcrumb\",\"itemListElement\":[{\"@type\":\"ListItem\",\"position\":1,\"name\":\"Startseite\",\"item\":\"https:\/\/www.xn--krtler-3ya.com\/de\"},{\"@type\":\"ListItem\",\"position\":2,\"name\":\"In Kar\u015f\u0131yaka, Izmir wurden T\u00fcren von Kurden und Aleviten markiert\"}]},{\"@type\":\"WebSite\",\"@id\":\"https:\/\/www.xn--krtler-3ya.com\/de#website\",\"url\":\"https:\/\/www.xn--krtler-3ya.com\/de\",\"name\":\"k\u00fcrtler\",\"description\":\"\",\"potentialAction\":[{\"@type\":\"SearchAction\",\"target\":{\"@type\":\"EntryPoint\",\"urlTemplate\":\"https:\/\/www.xn--krtler-3ya.com\/de?s={search_term_string}\"},\"query-input\":{\"@type\":\"PropertyValueSpecification\",\"valueRequired\":true,\"valueName\":\"search_term_string\"}}],\"inLanguage\":\"de\"},{\"@type\":\"Person\",\"@id\":\"https:\/\/www.xn--krtler-3ya.com\/de#\/schema\/person\/6bcd5bbe2e1493cacc77180c1bd84881\",\"name\":\"admin\",\"image\":{\"@type\":\"ImageObject\",\"inLanguage\":\"de\",\"@id\":\"https:\/\/www.xn--krtler-3ya.com\/de#\/schema\/person\/image\/\",\"url\":\"https:\/\/www.xn--krtler-3ya.com\/wp-content\/litespeed\/avatar\/de8faab9da60e77876a3fba9edd82f20.jpg?ver=1777431259\",\"contentUrl\":\"https:\/\/www.xn--krtler-3ya.com\/wp-content\/litespeed\/avatar\/de8faab9da60e77876a3fba9edd82f20.jpg?ver=1777431259\",\"caption\":\"admin\"},\"sameAs\":[\"https:\/\/kora24.de\"],\"url\":\"https:\/\/www.xn--krtler-3ya.com\/de\/author\/youssef\"}]}<\/script>\n<!-- \/ Yoast SEO plugin. -->","yoast_head_json":{"title":"In Kar\u015f\u0131yaka, Izmir wurden T\u00fcren von Kurden und Aleviten markiert - Mit Liebe gebastelt","robots":{"index":"index","follow":"follow","max-snippet":"max-snippet:-1","max-image-preview":"max-image-preview:large","max-video-preview":"max-video-preview:-1"},"canonical":"https:\/\/www.xn--krtler-3ya.com\/de\/in-karsiyaka-izmir-wurden-tueren-von-kurden-und-aleviten-markiert.html","og_locale":"de_DE","og_type":"article","og_title":"In Kar\u015f\u0131yaka, Izmir wurden T\u00fcren von Kurden und Aleviten markiert - Mit Liebe gebastelt","og_description":"Im Viertel Yamanlar im Bezirk Kar\u015f\u0131yaka wurden 6 H\u00e4user, in denen Kurden und Aleviten leben, mit Kreuzen markiert. Die W\u00e4nde und T\u00fcren von 6 H\u00e4usern, in denen Kurden und Aleviten leben, im Viertel Yamanlar im Bezirk Kar\u015f\u0131yaka von \u0130zmir wurden heute Morgen markiert. Die Bewohner des Viertels riefen die Polizei, als sie von dem Vorfall &hellip;","og_url":"https:\/\/www.xn--krtler-3ya.com\/de\/in-karsiyaka-izmir-wurden-tueren-von-kurden-und-aleviten-markiert.html","og_site_name":"Mit Liebe gebastelt","article_published_time":"2019-03-23T00:36:59+00:00","author":"admin","twitter_card":"summary_large_image","twitter_misc":{"Verfasst von":"admin","Gesch\u00e4tzte Lesezeit":"1\u00a0Minute"},"schema":{"@context":"https:\/\/schema.org","@graph":[{"@type":"WebPage","@id":"https:\/\/www.xn--krtler-3ya.com\/de\/in-karsiyaka-izmir-wurden-tueren-von-kurden-und-aleviten-markiert.html","url":"https:\/\/www.xn--krtler-3ya.com\/de\/in-karsiyaka-izmir-wurden-tueren-von-kurden-und-aleviten-markiert.html","name":"In Kar\u015f\u0131yaka, Izmir wurden T\u00fcren von Kurden und Aleviten markiert - Mit Liebe gebastelt","isPartOf":{"@id":"https:\/\/www.xn--krtler-3ya.com\/de#website"},"primaryImageOfPage":{"@id":"https:\/\/www.xn--krtler-3ya.com\/de\/in-karsiyaka-izmir-wurden-tueren-von-kurden-und-aleviten-markiert.html#primaryimage"},"image":{"@id":"https:\/\/www.xn--krtler-3ya.com\/de\/in-karsiyaka-izmir-wurden-tueren-von-kurden-und-aleviten-markiert.html#primaryimage"},"thumbnailUrl":"https:\/\/www.xn--krtler-3ya.com\/wp-content\/uploads\/2019\/03\/izmir-karsiyaka-kurt-ve-alevilerin-evleri-isaretlendi.jpg","datePublished":"2019-03-23T00:36:59+00:00","dateModified":"2019-03-23T00:36:59+00:00","author":{"@id":"https:\/\/www.xn--krtler-3ya.com\/de#\/schema\/person\/6bcd5bbe2e1493cacc77180c1bd84881"},"breadcrumb":{"@id":"https:\/\/www.xn--krtler-3ya.com\/de\/in-karsiyaka-izmir-wurden-tueren-von-kurden-und-aleviten-markiert.html#breadcrumb"},"inLanguage":"de","potentialAction":[{"@type":"ReadAction","target":["https:\/\/www.xn--krtler-3ya.com\/de\/in-karsiyaka-izmir-wurden-tueren-von-kurden-und-aleviten-markiert.html"]}]},{"@type":"ImageObject","inLanguage":"de","@id":"https:\/\/www.xn--krtler-3ya.com\/de\/in-karsiyaka-izmir-wurden-tueren-von-kurden-und-aleviten-markiert.html#primaryimage","url":"https:\/\/www.xn--krtler-3ya.com\/wp-content\/uploads\/2019\/03\/izmir-karsiyaka-kurt-ve-alevilerin-evleri-isaretlendi.jpg","contentUrl":"https:\/\/www.xn--krtler-3ya.com\/wp-content\/uploads\/2019\/03\/izmir-karsiyaka-kurt-ve-alevilerin-evleri-isaretlendi.jpg","width":690,"height":390},{"@type":"BreadcrumbList","@id":"https:\/\/www.xn--krtler-3ya.com\/de\/in-karsiyaka-izmir-wurden-tueren-von-kurden-und-aleviten-markiert.html#breadcrumb","itemListElement":[{"@type":"ListItem","position":1,"name":"Startseite","item":"https:\/\/www.xn--krtler-3ya.com\/de"},{"@type":"ListItem","position":2,"name":"In Kar\u015f\u0131yaka, Izmir wurden T\u00fcren von Kurden und Aleviten markiert"}]},{"@type":"WebSite","@id":"https:\/\/www.xn--krtler-3ya.com\/de#website","url":"https:\/\/www.xn--krtler-3ya.com\/de","name":"k\u00fcrtler","description":"","potentialAction":[{"@type":"SearchAction","target":{"@type":"EntryPoint","urlTemplate":"https:\/\/www.xn--krtler-3ya.com\/de?s={search_term_string}"},"query-input":{"@type":"PropertyValueSpecification","valueRequired":true,"valueName":"search_term_string"}}],"inLanguage":"de"},{"@type":"Person","@id":"https:\/\/www.xn--krtler-3ya.com\/de#\/schema\/person\/6bcd5bbe2e1493cacc77180c1bd84881","name":"admin","image":{"@type":"ImageObject","inLanguage":"de","@id":"https:\/\/www.xn--krtler-3ya.com\/de#\/schema\/person\/image\/","url":"https:\/\/www.xn--krtler-3ya.com\/wp-content\/litespeed\/avatar\/de8faab9da60e77876a3fba9edd82f20.jpg?ver=1777431259","contentUrl":"https:\/\/www.xn--krtler-3ya.com\/wp-content\/litespeed\/avatar\/de8faab9da60e77876a3fba9edd82f20.jpg?ver=1777431259","caption":"admin"},"sameAs":["https:\/\/kora24.de"],"url":"https:\/\/www.xn--krtler-3ya.com\/de\/author\/youssef"}]}},"amp_enabled":true,"_links":{"self":[{"href":"https:\/\/www.xn--krtler-3ya.com\/de\/wp-json\/wp\/v2\/posts\/29355","targetHints":{"allow":["GET"]}}],"collection":[{"href":"https:\/\/www.xn--krtler-3ya.com\/de\/wp-json\/wp\/v2\/posts"}],"about":[{"href":"https:\/\/www.xn--krtler-3ya.com\/de\/wp-json\/wp\/v2\/types\/post"}],"author":[{"embeddable":true,"href":"https:\/\/www.xn--krtler-3ya.com\/de\/wp-json\/wp\/v2\/users\/1"}],"replies":[{"embeddable":true,"href":"https:\/\/www.xn--krtler-3ya.com\/de\/wp-json\/wp\/v2\/comments?post=29355"}],"version-history":[{"count":0,"href":"https:\/\/www.xn--krtler-3ya.com\/de\/wp-json\/wp\/v2\/posts\/29355\/revisions"}],"wp:featuredmedia":[{"embeddable":true,"href":"https:\/\/www.xn--krtler-3ya.com\/de\/wp-json\/wp\/v2\/media\/26614"}],"wp:attachment":[{"href":"https:\/\/www.xn--krtler-3ya.com\/de\/wp-json\/wp\/v2\/media?parent=29355"}],"wp:term":[{"taxonomy":"category","embeddable":true,"href":"https:\/\/www.xn--krtler-3ya.com\/de\/wp-json\/wp\/v2\/categories?post=29355"},{"taxonomy":"post_tag","embeddable":true,"href":"https:\/\/www.xn--krtler-3ya.com\/de\/wp-json\/wp\/v2\/tags?post=29355"}],"curies":[{"name":"wp","href":"https:\/\/api.w.org\/{rel}","templated":true}]}}