{"id":29370,"date":"2019-10-18T21:46:14","date_gmt":"2019-10-18T21:46:14","guid":{"rendered":"https:\/\/www.xn--krtler-3ya.com\/wer-ist-rojda-senses-woher-kommt-sie.html"},"modified":"2019-10-18T21:46:14","modified_gmt":"2019-10-18T21:46:14","slug":"wer-ist-rojda-senses-woher-kommt-sie","status":"publish","type":"post","link":"https:\/\/www.xn--krtler-3ya.com\/de\/wer-ist-rojda-senses-woher-kommt-sie.html","title":{"rendered":"Wer ist Rojda \u015eenses? Woher kommt sie?"},"content":{"rendered":"<p><strong> Rojda \u015eenses<\/strong>, deren richtiger Name <strong>Kadriye \u015eenses<\/strong> ist, wurde im Bezirk <strong>Kurtalan<\/strong> in der Provinz Siirt geboren.<\/p>\n<p>&nbsp;<\/p>\n<table class=\"infobox biography vcard alignright\">\n<tbody>\n<tr>\n<th class=\"fn\" colspan=\"2\">\n<h2><span id=\"ebru-sahin-biyografisi\"><strong><span class=\"fn\">Rojda \u015eenses Biographie<\/span><\/strong><\/span><\/h2>\n<\/th>\n<\/tr>\n<tr>\n<td colspan=\"2\"><\/td>\n<\/tr>\n<tr>\n<th scope=\"row\">Geburt<\/th>\n<td>1978-Siirt -Kurtalan<\/td>\n<\/tr>\n<tr>\n<th scope=\"row\">Beruf<\/th>\n<td class=\"kategori\">S\u00e4ngerin<\/td>\n<\/tr>\n<tr>\n<th scope=\"row\">Aktive Jahre<\/th>\n<td>1992-Gegenwart<\/td>\n<\/tr>\n<tr>\n<th scope=\"row\">Herkunft<\/th>\n<td>Kurdisch<\/td>\n<\/tr>\n<tr>\n<th scope=\"row\">Burcu<\/th>\n<td>Steinbock<\/td>\n<\/tr>\n<tr>\n<th scope=\"row\">Heirat(en)<\/th>\n<td>Alaattin Ayko\u00e7<\/td>\n<\/tr>\n<tr>\n<th scope=\"row\">Bildung<\/th>\n<td>Kulturzentrum Mesopotamien<\/td>\n<\/tr>\n<tr>\n<th scope=\"row\">L\u00e4nge<\/th>\n<td>1.70<\/td>\n<\/tr>\n<tr>\n<th scope=\"row\">Kilo<\/th>\n<td>60<\/td>\n<\/tr>\n<tr>\n<th scope=\"row\">Augenfarbe<\/th>\n<td>Braun<\/td>\n<\/tr>\n<tr>\n<th scope=\"row\">Alben<\/th>\n<td><strong>Ji B\u00eer Nabin , Koma Xerzan,<\/strong> 1997 <strong>Sonda Me<\/strong>, 1997 <strong>R\u00fbkena Min<\/strong>, 2005 <strong>Sebra Min<\/strong>, 2006<\/p>\n<p><strong>Mem \u00fb Z\u00een<\/strong><br \/>\n<strong>Shahiya Stranan<\/strong><br \/>\n<strong>\u015eevbuh\u00earka Dengb\u00eajan<\/strong>, Roj TV <strong>Hat<\/strong>, 2011 <strong>Stran\u00ean Bijart\u00ee<\/strong>, 2012 <strong>Kezi<\/strong>, 2014<\/p>\n<\/td>\n<\/tr>\n<tr>\n<th scope=\"row\">Auszeichnungen<\/th>\n<td><\/td>\n<\/tr>\n<tr>\n<th scope=\"row\">Offizielle Konten<\/th>\n<td><a href=\"https:\/\/www.instagram.com\/rojdasenses\/?hl=tr\"><strong><span class=\"url\">INSTAGRAM<\/span><\/strong><\/a><\/p>\n<p><span style=\"color: #0000ff;\"><a style=\"color: #0000ff;\" href=\"https:\/\/www.facebook.com\/rojdasensesfan\"><strong>Facebook<\/strong><\/a><\/span><\/p>\n<p><a href=\"https:\/\/www.youtube.com\/channel\/UCfROret0MpV2YXYwPSE1EKw\"><span style=\"color: #0000ff;\"><strong>Youtube<\/strong><\/span><\/a><br \/>\n<a href=\"https:\/\/twitter.com\/RojdaSenses\"><span style=\"color: #0000ff;\"><strong>Twitter<\/strong><\/span><\/a><\/td>\n<\/tr>\n<\/tbody>\n<\/table>\n<p><strong>Rojda \u015eenses<\/strong> ist die J\u00fcngste der Familie. <strong>Rojda<\/strong> besuchte die Grundschule in ihrer Heimatstadt Kurtalan und wanderte dann nach Istanbul aus, um ihre Schulausbildung fortzusetzen.<\/p>\n<h2><strong><span style=\"color: #ff0000;\">Woher kommt Rojda?<\/span><\/strong><\/h2>\n<p><strong>Rojda \u015eenses<\/strong> stammt aus dem Bezirk <strong>Kurtalan<\/strong> <strong>in Siirt<\/strong>.<\/p>\n<h2><strong><span style=\"color: #ff0000;\">Rojdas Musikleben<\/span><\/strong><\/h2>\n<p>Man kann sagen, dass <strong>Rojda<\/strong> bei der Musik, f\u00fcr die sie sich interessierte, Gl\u00fcck hatte, denn sie lernte<strong>&#8222;Koma Gul\u00e9n Xerzan<\/strong>&#8220; kennen, eine kurdische Musikgruppe, die von ihrem Bruder <strong>\u00c7iya<\/strong> gegr\u00fcndet worden war.(1991) Nach einiger Zeit wurde die Arbeit der Gruppe im<strong> MKM (Mesopotamia Cultural Centre)<\/strong> fortgesetzt. Die Gruppe<strong>&#8222;Koma Gul\u00e9n Xerzan<\/strong>&#8222;, zu der <strong>Rojda<\/strong> geh\u00f6rte, ver\u00f6ffentlichte ein Album mit dem Titel<strong>&#8222;Ji<\/strong> <strong>B\u00eer Nabin<\/strong>&#8222;<strong>(Die Unvergesslichen<\/strong>). Im Jahr 1997 erreichten sie mit dem Album<strong>&#8222;Sonda Me<\/strong>&#8220; (Unser Gel\u00fcbde) ein breiteres Publikum. Der Song<strong>&#8222;Helimcan<\/strong>&#8220; aus dem Album<strong>&#8222;Sonda Me<\/strong>&#8222;, gesungen von <strong>Rojda<\/strong>, wurde gesch\u00e4tzt und wurde zu einem wichtigen Wendepunkt f\u00fcr sie. Jetzt ist jeder neugierig auf die Stimme, die &#8222;Helimcan&#8220; singt. Gegen <strong>Rojda<\/strong> wurden verschiedene Ermittlungen wegen des Vorwurfs der Organisationspropaganda eingeleitet, weil sie auf Kurdisch sang. 1997 war sie an der Gr\u00fcndung der ber\u00fchmten Gruppe <strong> Koma Asm\u00een<\/strong> beteiligt, die aus 11 Frauen besteht.<\/p>\n<p> Nach einer Weile musste er Koma <strong>Asm\u00een<\/strong>aufgrund der intensiven Arbeit von Koma <strong>Gul\u00ean Xerzan<\/strong>, deren Mitglied er war, verlassen. Das dritte Album der Gruppe, <strong>R\u00fbkena Min<\/strong> (G\u00fcler Y\u00fczl\u00fcm), war 2005 der musikalische Durchbruch. Die Musikvideos der Lieder &#8222;memet kan\u00ee&#8220; und &#8222;elo d\u00eeno&#8220; aus dem Album R\u00fbkena Min wurden f\u00fcr den ersten Preis des Musikvideofestivals in Zaxo nominiert. Im Jahr 2006 verl\u00e4sst <strong>Rojda<\/strong> Koma Gul\u00ean Xerzan. Sie ver\u00f6ffentlicht ein Soloalbum mit dem Titel &#8222;Sebra m\u0131n&#8220;. Sie bereitete den Song &#8222;Wey D\u0131l&#8220;, der von <strong>Dengb\u00eaj \u015eak\u0131ro<\/strong>gesungen wurde, als Duett in einem Musikvideo vor. Dieser Clip machte einen gro\u00dfen Eindruck.<br \/>\nSie beteiligte sich an den &#8222;\u015eahiya strana&#8220;-Alben (in 1 und 2) mit ihren Liedern &#8222;Hinne B\u00eene&#8220; und &#8222;Delal\u00ea&#8220;. Sie spielte die Rolle der &#8222;Mirban\u00fb&#8220; in dem Theaterst\u00fcck &#8222;Hamlet&#8220; von W. Sheakespeare, das vom Diyarbak\u0131r Metropolitan City Theatre und der niederl\u00e4ndischen Theatergruppe Theatre Rast koproduziert wurde. Das St\u00fcck wurde auf internationalen Festivals und in Europa gezeigt. Die Auff\u00fchrungen werden immer noch von Zeit zu Zeit fortgesetzt.<\/p>\n<p>Sie sang das Lied &#8222;Day\u00ea Li Min&#8220; in dem Film &#8222;Halan Geldi&#8220;, der in der T\u00fcrkei und auf Zypern gedreht wurde. Sie sang das Lied<strong>&#8222;Day miro<\/strong> &#8220; in &#8222;Government Woman 1&#8220;, der in Midyat, Mardin, gedreht wurde. Zuletzt machte sie mit einem Lied auf das Massaker an den Jesiden in Shengal aufmerksam und drehte das Musikvideo in den D\u00f6rfern, in denen die Jesiden leben, und ver\u00f6ffentlichte es.<\/p>\n<p class=\"title style-scope ytd-video-primary-info-renderer\">In den letzten Jahren hat er mit dem Lied <strong>D\u00eesa D\u00eelan<\/strong> bewiesen, dass er nichts von seiner Leistung eingeb\u00fc\u00dft hat.<\/p>\n<p><strong>Rojda \u015eenses<\/strong> lebt derzeit in Istanbul. Sie setzt ihr Musikstudium bei M.K.M. fort. <\/p>\n<p>&nbsp;<\/p>\n","protected":false},"excerpt":{"rendered":"<p>Rojda \u015eenses, deren richtiger Name Kadriye \u015eenses ist, wurde im Bezirk Kurtalan in der Provinz Siirt geboren. &nbsp; Rojda \u015eenses Biographie Geburt 1978-Siirt -Kurtalan Beruf S\u00e4ngerin Aktive Jahre 1992-Gegenwart Herkunft Kurdisch Burcu Steinbock Heirat(en) Alaattin Ayko\u00e7 Bildung Kulturzentrum Mesopotamien L\u00e4nge 1.70 Kilo 60 Augenfarbe Braun Alben Ji B\u00eer Nabin , Koma Xerzan, 1997 Sonda Me, &hellip;<\/p>\n","protected":false},"author":1,"featured_media":26930,"comment_status":"open","ping_status":"closed","sticky":false,"template":"","format":"standard","meta":{"footnotes":""},"categories":[6640],"tags":[6643,6644,6646,6641,6642,6645,6647],"class_list":["post-29370","post","type-post","status-publish","format-standard","has-post-thumbnail","hentry","category-wer-ist-er-woher-kommt-er","tag-rojda-senses-de","tag-rojda-senses-frau","tag-rojda-senses-kiye-de","tag-wer-ist-kadriye-senses","tag-wer-ist-rojda","tag-wer-ist-rojda-senses","tag-woher-kommt-rojda-senses"],"yoast_head":"<!-- This site is optimized with the Yoast SEO plugin v23.7 - https:\/\/yoast.com\/wordpress\/plugins\/seo\/ -->\n<title>Wer ist Rojda \u015eenses? Woher kommt sie? - Mit Liebe gebastelt<\/title>\n<meta name=\"robots\" content=\"index, follow, max-snippet:-1, max-image-preview:large, max-video-preview:-1\" \/>\n<link rel=\"canonical\" href=\"https:\/\/www.xn--krtler-3ya.com\/de\/wer-ist-rojda-senses-woher-kommt-sie.html\" \/>\n<meta property=\"og:locale\" content=\"de_DE\" \/>\n<meta property=\"og:type\" content=\"article\" \/>\n<meta property=\"og:title\" content=\"Wer ist Rojda \u015eenses? Woher kommt sie? - Mit Liebe gebastelt\" \/>\n<meta property=\"og:description\" content=\"Rojda \u015eenses, deren richtiger Name Kadriye \u015eenses ist, wurde im Bezirk Kurtalan in der Provinz Siirt geboren. &nbsp; Rojda \u015eenses Biographie Geburt 1978-Siirt -Kurtalan Beruf S\u00e4ngerin Aktive Jahre 1992-Gegenwart Herkunft Kurdisch Burcu Steinbock Heirat(en) Alaattin Ayko\u00e7 Bildung Kulturzentrum Mesopotamien L\u00e4nge 1.70 Kilo 60 Augenfarbe Braun Alben Ji B\u00eer Nabin , Koma Xerzan, 1997 Sonda Me, &hellip;\" \/>\n<meta property=\"og:url\" content=\"https:\/\/www.xn--krtler-3ya.com\/de\/wer-ist-rojda-senses-woher-kommt-sie.html\" \/>\n<meta property=\"og:site_name\" content=\"Mit Liebe gebastelt\" \/>\n<meta property=\"article:published_time\" content=\"2019-10-18T21:46:14+00:00\" \/>\n<meta property=\"og:image\" content=\"https:\/\/www.xn--krtler-3ya.com\/wp-content\/uploads\/2019\/10\/rojda-senses-kimdir.jpg\" \/>\n\t<meta property=\"og:image:width\" content=\"640\" \/>\n\t<meta property=\"og:image:height\" content=\"360\" \/>\n\t<meta property=\"og:image:type\" content=\"image\/jpeg\" \/>\n<meta name=\"author\" content=\"admin\" \/>\n<meta name=\"twitter:card\" content=\"summary_large_image\" \/>\n<meta name=\"twitter:label1\" content=\"Verfasst von\" \/>\n\t<meta name=\"twitter:data1\" content=\"admin\" \/>\n\t<meta name=\"twitter:label2\" content=\"Gesch\u00e4tzte Lesezeit\" \/>\n\t<meta name=\"twitter:data2\" content=\"3\u00a0Minuten\" \/>\n<script type=\"application\/ld+json\" class=\"yoast-schema-graph\">{\"@context\":\"https:\/\/schema.org\",\"@graph\":[{\"@type\":\"WebPage\",\"@id\":\"https:\/\/www.xn--krtler-3ya.com\/de\/wer-ist-rojda-senses-woher-kommt-sie.html\",\"url\":\"https:\/\/www.xn--krtler-3ya.com\/de\/wer-ist-rojda-senses-woher-kommt-sie.html\",\"name\":\"Wer ist Rojda \u015eenses? Woher kommt sie? - Mit Liebe gebastelt\",\"isPartOf\":{\"@id\":\"https:\/\/www.xn--krtler-3ya.com\/de#website\"},\"primaryImageOfPage\":{\"@id\":\"https:\/\/www.xn--krtler-3ya.com\/de\/wer-ist-rojda-senses-woher-kommt-sie.html#primaryimage\"},\"image\":{\"@id\":\"https:\/\/www.xn--krtler-3ya.com\/de\/wer-ist-rojda-senses-woher-kommt-sie.html#primaryimage\"},\"thumbnailUrl\":\"https:\/\/www.xn--krtler-3ya.com\/wp-content\/uploads\/2019\/10\/rojda-senses-kimdir.jpg\",\"datePublished\":\"2019-10-18T21:46:14+00:00\",\"dateModified\":\"2019-10-18T21:46:14+00:00\",\"author\":{\"@id\":\"https:\/\/www.xn--krtler-3ya.com\/de#\/schema\/person\/6bcd5bbe2e1493cacc77180c1bd84881\"},\"breadcrumb\":{\"@id\":\"https:\/\/www.xn--krtler-3ya.com\/de\/wer-ist-rojda-senses-woher-kommt-sie.html#breadcrumb\"},\"inLanguage\":\"de\",\"potentialAction\":[{\"@type\":\"ReadAction\",\"target\":[\"https:\/\/www.xn--krtler-3ya.com\/de\/wer-ist-rojda-senses-woher-kommt-sie.html\"]}]},{\"@type\":\"ImageObject\",\"inLanguage\":\"de\",\"@id\":\"https:\/\/www.xn--krtler-3ya.com\/de\/wer-ist-rojda-senses-woher-kommt-sie.html#primaryimage\",\"url\":\"https:\/\/www.xn--krtler-3ya.com\/wp-content\/uploads\/2019\/10\/rojda-senses-kimdir.jpg\",\"contentUrl\":\"https:\/\/www.xn--krtler-3ya.com\/wp-content\/uploads\/2019\/10\/rojda-senses-kimdir.jpg\",\"width\":640,\"height\":360},{\"@type\":\"BreadcrumbList\",\"@id\":\"https:\/\/www.xn--krtler-3ya.com\/de\/wer-ist-rojda-senses-woher-kommt-sie.html#breadcrumb\",\"itemListElement\":[{\"@type\":\"ListItem\",\"position\":1,\"name\":\"Startseite\",\"item\":\"https:\/\/www.xn--krtler-3ya.com\/de\"},{\"@type\":\"ListItem\",\"position\":2,\"name\":\"Wer ist Rojda \u015eenses? Woher kommt sie?\"}]},{\"@type\":\"WebSite\",\"@id\":\"https:\/\/www.xn--krtler-3ya.com\/de#website\",\"url\":\"https:\/\/www.xn--krtler-3ya.com\/de\",\"name\":\"k\u00fcrtler\",\"description\":\"\",\"potentialAction\":[{\"@type\":\"SearchAction\",\"target\":{\"@type\":\"EntryPoint\",\"urlTemplate\":\"https:\/\/www.xn--krtler-3ya.com\/de?s={search_term_string}\"},\"query-input\":{\"@type\":\"PropertyValueSpecification\",\"valueRequired\":true,\"valueName\":\"search_term_string\"}}],\"inLanguage\":\"de\"},{\"@type\":\"Person\",\"@id\":\"https:\/\/www.xn--krtler-3ya.com\/de#\/schema\/person\/6bcd5bbe2e1493cacc77180c1bd84881\",\"name\":\"admin\",\"image\":{\"@type\":\"ImageObject\",\"inLanguage\":\"de\",\"@id\":\"https:\/\/www.xn--krtler-3ya.com\/de#\/schema\/person\/image\/\",\"url\":\"https:\/\/www.xn--krtler-3ya.com\/wp-content\/litespeed\/avatar\/de8faab9da60e77876a3fba9edd82f20.jpg?ver=1777431259\",\"contentUrl\":\"https:\/\/www.xn--krtler-3ya.com\/wp-content\/litespeed\/avatar\/de8faab9da60e77876a3fba9edd82f20.jpg?ver=1777431259\",\"caption\":\"admin\"},\"sameAs\":[\"https:\/\/kora24.de\"],\"url\":\"https:\/\/www.xn--krtler-3ya.com\/de\/author\/youssef\"}]}<\/script>\n<!-- \/ Yoast SEO plugin. -->","yoast_head_json":{"title":"Wer ist Rojda \u015eenses? Woher kommt sie? - Mit Liebe gebastelt","robots":{"index":"index","follow":"follow","max-snippet":"max-snippet:-1","max-image-preview":"max-image-preview:large","max-video-preview":"max-video-preview:-1"},"canonical":"https:\/\/www.xn--krtler-3ya.com\/de\/wer-ist-rojda-senses-woher-kommt-sie.html","og_locale":"de_DE","og_type":"article","og_title":"Wer ist Rojda \u015eenses? Woher kommt sie? - Mit Liebe gebastelt","og_description":"Rojda \u015eenses, deren richtiger Name Kadriye \u015eenses ist, wurde im Bezirk Kurtalan in der Provinz Siirt geboren. &nbsp; Rojda \u015eenses Biographie Geburt 1978-Siirt -Kurtalan Beruf S\u00e4ngerin Aktive Jahre 1992-Gegenwart Herkunft Kurdisch Burcu Steinbock Heirat(en) Alaattin Ayko\u00e7 Bildung Kulturzentrum Mesopotamien L\u00e4nge 1.70 Kilo 60 Augenfarbe Braun Alben Ji B\u00eer Nabin , Koma Xerzan, 1997 Sonda Me, &hellip;","og_url":"https:\/\/www.xn--krtler-3ya.com\/de\/wer-ist-rojda-senses-woher-kommt-sie.html","og_site_name":"Mit Liebe gebastelt","article_published_time":"2019-10-18T21:46:14+00:00","og_image":[{"width":640,"height":360,"url":"https:\/\/www.xn--krtler-3ya.com\/wp-content\/uploads\/2019\/10\/rojda-senses-kimdir.jpg","type":"image\/jpeg"}],"author":"admin","twitter_card":"summary_large_image","twitter_misc":{"Verfasst von":"admin","Gesch\u00e4tzte Lesezeit":"3\u00a0Minuten"},"schema":{"@context":"https:\/\/schema.org","@graph":[{"@type":"WebPage","@id":"https:\/\/www.xn--krtler-3ya.com\/de\/wer-ist-rojda-senses-woher-kommt-sie.html","url":"https:\/\/www.xn--krtler-3ya.com\/de\/wer-ist-rojda-senses-woher-kommt-sie.html","name":"Wer ist Rojda \u015eenses? Woher kommt sie? - Mit Liebe gebastelt","isPartOf":{"@id":"https:\/\/www.xn--krtler-3ya.com\/de#website"},"primaryImageOfPage":{"@id":"https:\/\/www.xn--krtler-3ya.com\/de\/wer-ist-rojda-senses-woher-kommt-sie.html#primaryimage"},"image":{"@id":"https:\/\/www.xn--krtler-3ya.com\/de\/wer-ist-rojda-senses-woher-kommt-sie.html#primaryimage"},"thumbnailUrl":"https:\/\/www.xn--krtler-3ya.com\/wp-content\/uploads\/2019\/10\/rojda-senses-kimdir.jpg","datePublished":"2019-10-18T21:46:14+00:00","dateModified":"2019-10-18T21:46:14+00:00","author":{"@id":"https:\/\/www.xn--krtler-3ya.com\/de#\/schema\/person\/6bcd5bbe2e1493cacc77180c1bd84881"},"breadcrumb":{"@id":"https:\/\/www.xn--krtler-3ya.com\/de\/wer-ist-rojda-senses-woher-kommt-sie.html#breadcrumb"},"inLanguage":"de","potentialAction":[{"@type":"ReadAction","target":["https:\/\/www.xn--krtler-3ya.com\/de\/wer-ist-rojda-senses-woher-kommt-sie.html"]}]},{"@type":"ImageObject","inLanguage":"de","@id":"https:\/\/www.xn--krtler-3ya.com\/de\/wer-ist-rojda-senses-woher-kommt-sie.html#primaryimage","url":"https:\/\/www.xn--krtler-3ya.com\/wp-content\/uploads\/2019\/10\/rojda-senses-kimdir.jpg","contentUrl":"https:\/\/www.xn--krtler-3ya.com\/wp-content\/uploads\/2019\/10\/rojda-senses-kimdir.jpg","width":640,"height":360},{"@type":"BreadcrumbList","@id":"https:\/\/www.xn--krtler-3ya.com\/de\/wer-ist-rojda-senses-woher-kommt-sie.html#breadcrumb","itemListElement":[{"@type":"ListItem","position":1,"name":"Startseite","item":"https:\/\/www.xn--krtler-3ya.com\/de"},{"@type":"ListItem","position":2,"name":"Wer ist Rojda \u015eenses? Woher kommt sie?"}]},{"@type":"WebSite","@id":"https:\/\/www.xn--krtler-3ya.com\/de#website","url":"https:\/\/www.xn--krtler-3ya.com\/de","name":"k\u00fcrtler","description":"","potentialAction":[{"@type":"SearchAction","target":{"@type":"EntryPoint","urlTemplate":"https:\/\/www.xn--krtler-3ya.com\/de?s={search_term_string}"},"query-input":{"@type":"PropertyValueSpecification","valueRequired":true,"valueName":"search_term_string"}}],"inLanguage":"de"},{"@type":"Person","@id":"https:\/\/www.xn--krtler-3ya.com\/de#\/schema\/person\/6bcd5bbe2e1493cacc77180c1bd84881","name":"admin","image":{"@type":"ImageObject","inLanguage":"de","@id":"https:\/\/www.xn--krtler-3ya.com\/de#\/schema\/person\/image\/","url":"https:\/\/www.xn--krtler-3ya.com\/wp-content\/litespeed\/avatar\/de8faab9da60e77876a3fba9edd82f20.jpg?ver=1777431259","contentUrl":"https:\/\/www.xn--krtler-3ya.com\/wp-content\/litespeed\/avatar\/de8faab9da60e77876a3fba9edd82f20.jpg?ver=1777431259","caption":"admin"},"sameAs":["https:\/\/kora24.de"],"url":"https:\/\/www.xn--krtler-3ya.com\/de\/author\/youssef"}]}},"amp_enabled":true,"_links":{"self":[{"href":"https:\/\/www.xn--krtler-3ya.com\/de\/wp-json\/wp\/v2\/posts\/29370","targetHints":{"allow":["GET"]}}],"collection":[{"href":"https:\/\/www.xn--krtler-3ya.com\/de\/wp-json\/wp\/v2\/posts"}],"about":[{"href":"https:\/\/www.xn--krtler-3ya.com\/de\/wp-json\/wp\/v2\/types\/post"}],"author":[{"embeddable":true,"href":"https:\/\/www.xn--krtler-3ya.com\/de\/wp-json\/wp\/v2\/users\/1"}],"replies":[{"embeddable":true,"href":"https:\/\/www.xn--krtler-3ya.com\/de\/wp-json\/wp\/v2\/comments?post=29370"}],"version-history":[{"count":0,"href":"https:\/\/www.xn--krtler-3ya.com\/de\/wp-json\/wp\/v2\/posts\/29370\/revisions"}],"wp:featuredmedia":[{"embeddable":true,"href":"https:\/\/www.xn--krtler-3ya.com\/de\/wp-json\/wp\/v2\/media\/26930"}],"wp:attachment":[{"href":"https:\/\/www.xn--krtler-3ya.com\/de\/wp-json\/wp\/v2\/media?parent=29370"}],"wp:term":[{"taxonomy":"category","embeddable":true,"href":"https:\/\/www.xn--krtler-3ya.com\/de\/wp-json\/wp\/v2\/categories?post=29370"},{"taxonomy":"post_tag","embeddable":true,"href":"https:\/\/www.xn--krtler-3ya.com\/de\/wp-json\/wp\/v2\/tags?post=29370"}],"curies":[{"name":"wp","href":"https:\/\/api.w.org\/{rel}","templated":true}]}}