{"id":29376,"date":"2020-04-18T19:31:41","date_gmt":"2020-04-18T19:31:41","guid":{"rendered":"https:\/\/www.xn--krtler-3ya.com\/kurden-von-kirsehir.html"},"modified":"2020-04-18T19:31:41","modified_gmt":"2020-04-18T19:31:41","slug":"kurden-von-kirsehir","status":"publish","type":"post","link":"https:\/\/www.xn--krtler-3ya.com\/de\/kurden-von-kirsehir.html","title":{"rendered":"Kurden von Kirsehir"},"content":{"rendered":"<p>Alles \u00fcber <strong>Kirsehir Kurden<\/strong>finden Sie in unserer Recherche. Zuvor ver\u00f6ffentlicht <strong><span style=\"color: #0000ff;\"><a style=\"color: #0000ff;\" href=\"https:\/\/www.xn--krtler-3ya.com\/orta-ic-anadolu-kurtleri.html\">Kurden in Zentralanatolien<\/a><\/span><\/strong> In diesem Artikel werden wir uns auf <strong>die Kurden von K\u0131r\u015fehir<\/strong> in<strong> Zentralanatolien<\/strong> konzentrieren.<\/p>\n<h2><strong><span style=\"color: #ff0000;\">Wann sind die Kurden von Kirsehir ausgewandert?<\/span><\/strong><\/h2>\n<p><strong>Die Kurden von K\u0131r\u015fehir sind,<\/strong> wie andere <strong>Kurden Zentralanatoliens<\/strong>, <strong>aus der Geographie Kurdistans<\/strong> eingewandert. Zwar gab es auch schon vorher <strong>kurdische<\/strong> Migrationen, doch fanden sie im Allgemeinen Ende des 17. Jahrhunderts mit den Umsiedlungserlassen und Deportationen statt, die <strong>vom osmanischen Staat<\/strong> durchgef\u00fchrt wurden. Die meisten der heutigen <strong>kurdischen<\/strong> D\u00f6rfer in <strong>K\u0131r\u015fehir<\/strong> und seinen Bezirken wurden nach diesen <strong>osmanischen<\/strong> Deportationen gegr\u00fcndet.  <\/p>\n<h2><span style=\"color: #ff0000;\"><strong>Wie hoch ist die Bev\u00f6lkerungszahl der Kirsehir-Kurden?<\/strong><\/span><\/h2>\n<p>Wir k\u00f6nnen sagen, dass die Gesamtbev\u00f6lkerung <strong>der Kurden von K\u0131r\u015fehir<\/strong> \u00fcber 60 Tausend betr\u00e4gt. Die kurdische Bev\u00f6lkerung von K\u0131r\u015fehir konzentriert sich auf das Zentrum und die D\u00f6rfer<strong>, \u00c7i\u00e7ekda\u011f\u0131, Boztepe, Ak\u00e7akent und<\/strong> einige D\u00f6rfer von<strong>Kaman<\/strong>. 70 Prozent des Bezirks <strong>Boztepe<\/strong> und 60 Prozent <strong>des Bezirks \u00c7i\u00e7ekda\u011f\u0131<\/strong> <strong>sind kurdisch<\/strong>. Auch in den Bezirken Kaman und <strong>Ak\u00e7akent<\/strong> gibt es einige <strong>kurdische<\/strong> D\u00f6rfer. Es zeigt sich, dass <strong>die kurdischen D\u00f6rfer<\/strong> entweder aneinander grenzen oder nur einen sehr geringen Abstand zueinander haben.<\/p>\n<figure id=\"attachment_27153\" aria-describedby=\"caption-attachment-27153\" style=\"width: 480px\" class=\"wp-caption aligncenter\"><img loading=\"lazy\" decoding=\"async\" class=\"wp-image-9777 size-full\" src=\"https:\/\/www.xn--krtler-3ya.com\/wp-content\/uploads\/2020\/04\/kirsehir-kurtler-haritasi.jpg\" alt=\"\" width=\"480\" height=\"360\"><figcaption id=\"caption-attachment-27153\" class=\"wp-caption-text\">Karte mit der Verteilung <strong>der Kurden in Kirsehir<\/strong><\/figcaption><\/figure>\n<h2><span style=\"color: #ff0000;\">Allgemeine Situation der Kurden in Kirsehir<\/span><\/h2>\n<p>Leider wurde die Mehrheit der <strong>Kurden von K\u0131r\u015fehir<\/strong> assimiliert und von ihrer eigenen Identit\u00e4t weg t\u00fcrkisiert. Obwohl einige Familien sensibel sind, wenn es darum geht, <strong>Kurdisch<\/strong> zu sprechen und zu lehren, kann die Mehrheit nicht einmal <strong>Kurdisch<\/strong>. Wo auch immer wir sind, bitte sch\u00fctzen Sie unsere Muttersprache, unsere <strong>kurdische Sprache<\/strong><strong>,<\/strong> h\u00f6ren Sie<strong>kurdische Musik<\/strong> und lehren Sie <strong>Kurdisch<\/strong>, vor allem im h\u00e4uslichen und famili\u00e4ren Umfeld, und geben Sie es an zuk\u00fcnftige Generationen weiter.<\/p>\n<figure id=\"attachment_27145\" aria-describedby=\"caption-attachment-27145\" style=\"width: 750px\" class=\"wp-caption aligncenter\"><img loading=\"lazy\" decoding=\"async\" class=\"wp-image-9753 size-full\" src=\"https:\/\/www.xn--krtler-3ya.com\/wp-content\/uploads\/2020\/04\/kirsehir-kurtleri.jpg\" alt=\"\" width=\"750\" height=\"696\"><figcaption id=\"caption-attachment-27145\" class=\"wp-caption-text\"><strong><em>Kurdisches Dorf von K\u0131r\u015fehir Zentrum Tosunburnu Re\u015fwan Stamm<\/em><\/strong> <em>1958<\/em><\/figcaption><\/figure>\n<h2><span style=\"color: #ff0000;\"><br \/>\nKurdische D\u00f6rfer im Zentrum von Kirsehir<\/span><\/h2>\n<p>Gollu K\u00f6rpinar(Kaniya kurik) Seyrekkoy(Hurmik) Taburoglu Tasinburnu(Mala bene) Yesiloba(Guri)<\/p>\n<h2><span style=\"color: #ff0000;\"><strong>Kurdische D\u00f6rfer im Bezirk Boztepe<\/strong><\/span><\/h2>\n<p>Einige<strong><em>  Kurdische und t\u00fcrkische Namen von kurdischen D\u00f6rfern<\/em><\/strong><\/p>\n<p>Sayib\u00ee:<br \/>\nHarmanalt\u0131 Haladin:<br \/>\n\u00d6ks\u00fczkale \u00c7amal\u00ea:<br \/>\n\u00c7amalak P\u0131zb\u00ean\u0131ka J\u00ear:<\/p>\n<p>\u015euayipli Xaladino: Hatuno\u011flu Cedida Ereb\u00ee(Otko):<br \/>\nYenido\u011fanl\u0131 Horla:<br \/>\nEskido\u011fanl\u0131 \u00c7\u0131dal\u00ee:<br \/>\n\u00c7i\u011fdeli H\u00fbseyn\u00ee:<br \/>\nH\u00fcseyinli K\u00fbl\u0131k:<br \/>\nK\u00fclh\u00fcy\u00fck U\u00e7k\u00ee:<\/p>\n<p>\u00dc\u00e7kuyu Cevirme \u00c7imenli Suro: Uzunpinar B\u00fcy\u00fckk\u0131\u015fla Karaca\u00f6ren<\/p>\n<h2><span style=\"color: #ff0000;\"><strong>Kurdische D\u00f6rfer im Bezirk Cicekdagi<\/strong><\/span><\/h2>\n<p>Kurdische und t\u00fcrkische Namen von einigen <strong>kurdischen<\/strong> D\u00f6rfern Sorik: Ac\u0131k\u00f6y Galikan: Alahac\u0131l\u0131 Torin:<br \/>\nBah\u00e7ep\u0131nar Zekera:<br \/>\nYaln\u0131za\u011fa\u00e7 Ramiko Ho\u00e7\u0131k:<br \/>\n\u00c7anakp\u0131nar Kungus(Ramik):<br \/>\nDogankash Konir(Okchiyan):<\/p>\n<p>Konurkale Qi\u015fleh: Mahmutlu Gedar:<br \/>\nPohrek Berkati:<\/p>\n<p>Barakli (K\u00fcng\u00fcs):Harmanpinar Gedar:<\/p>\n<p>P\u00f6hrenk Sahinoglu Zekere:Yalnizaga\u00e7 <\/p>\n<figure id=\"attachment_27146\" aria-describedby=\"caption-attachment-27146\" style=\"width: 603px\" class=\"wp-caption aligncenter\"><img loading=\"lazy\" decoding=\"async\" class=\"wp-image-9754 size-full\" src=\"https:\/\/www.xn--krtler-3ya.com\/wp-content\/uploads\/2020\/04\/kurdenkirsehire.jpg\" alt=\"\" width=\"603\" height=\"414\"><figcaption id=\"caption-attachment-27146\" class=\"wp-caption-text\"><strong>Konir (Konurkale), ein kurdisches Dorf im Bezirk \u00c7i\u00e7ekda\u011f\u0131, 1970er Jahre<\/strong><\/figcaption><\/figure>\n<h3><strong><span style=\"color: #ff0000;\">Kurze Geschichte von \u00c7i\u00e7ekda\u011f\u0131<\/span><\/strong><\/h3>\n<div class=\"\" data-block=\"true\" data-editor=\"2r42l\" data-offset-key=\"fukqs-0-0\">\n<div class=\"_1mf _1mj\" data-offset-key=\"fukqs-0-0\">\n<p><span data-offset-key=\"fukqs-0-0\">Die Stadt Mecidiye ist das Zentrum des f\u00fcr die <strong>Reswan-Kurden<\/strong> eingerichteten Stammesgebietes. W\u00e4hrend der republikanischen Zeit wurde die Stadt nach dem nahegelegenen Berg \u00c7i\u00e7ek benannt<strong>.<\/strong> Sie wurde von den <strong>Kurden von<\/strong> <strong>Mifikan und \u015e\u00eaxbilan<\/strong>, Zweigen des<strong>Re\u015fwan-Stammes<\/strong>, gegr\u00fcndet. <\/span><\/p>\n<p>&nbsp;<\/p>\n<\/div>\n<\/div>\n<h2><span style=\"color: #ff0000;\"><strong>Kurdische D\u00f6rfer in der Provinz Kaman<\/strong><\/span><\/h2>\n<p>Agapinar Cadirli Hacibayram Cadirli Kormehmet (Bilikan\/B\u00easki)Hirfanl\u0131 KekilliAli Mollaosmanlar<\/p>\n<h2><strong><span style=\"color: #ff0000;\"><br \/>\nKurdische D\u00f6rfer von Ak\u00e7akent<\/span><\/strong><\/h2>\n<p>Kaniya K\u00fbr\u0131k: K\u00f6rpinar Hurmik: Seyrekk\u00f6y Mala Ben\u00ea: Ta\u015f\u0131nburnu G\u00fbri: Yesiloba Avanoglu<\/p>\n<h2><span style=\"color: #ff0000;\"><strong>Kurdische St\u00e4mme siedelten in K\u0131r\u015fehir<\/strong><\/span><\/h2>\n<p>&nbsp;<\/p>\n<div class=\"\" data-block=\"true\" data-editor=\"2r42l\" data-offset-key=\"7vep8-0-0\">\n<div class=\"_1mf _1mj\" data-offset-key=\"7vep8-0-0\"><span data-offset-key=\"7vep8-0-0\"><strong>Mifikan und \u015e\u00eaxbilan Ox\u00e7\u0131yan<\/strong>, Zweige des <strong>Re\u015fwan-Stammes<\/strong> <strong>, Bereketli<\/strong><\/span><\/div>\n<\/div>\n<p>MIFK\u00ce(KIRSEHiR BEREKETA CiCEKDAGI) \u00dcmranl\u0131 (auch bekannt als Amarl\u0131 und \u0130mranl\u0131) Mahan\u00ee (sie leben in und um K\u0131r\u015fehir und sind als Kara-Kurden bekannt) Die ersten kurdischen D\u00f6rfer i<strong>n K\u0131r\u015fehir<\/strong> wurden von den Re\u015fwans (Re\u015fi) gegr\u00fcndet. <strong>Die Re\u015fis<\/strong> geh\u00f6rten zu den St\u00e4mmen, die von den osmanischen Exilanten am meisten zersplittert und vertrieben wurden. Der Nomadenstamm verbreitete sich bis nach Chorasan im Osten, in die arabischen W\u00fcsten im S\u00fcden, in die Region Serhad im Norden, in das Hochland von Ad\u0131yaman und in die Region Ankara-Haymana im Westen. Im Jahr 1600 wurden sie in die Provinz Syria-Rakka und 1677 in die Region Ad\u0131yaman-Besni-Kahta verbannt. Vor der Ansiedlung in Zentralanatolien nutzten die Reswans die Region Ankara-Haymana als Hochebene mit ihren schwarzen Zelten aus Ziegenhaar. Als die erzwungenen Wanderungen nach Zentralanatolien begannen, lie\u00dfen sich einige der Ko der Raschwanen zun\u00e4chst in der Region Ankara-Haymana und dann in <strong>K\u0131r\u015fehir<\/strong> nieder. Die W\u00fcstend\u00f6rfer wurden zwischen 1780-1893 gegr\u00fcndet.<\/p>\n<p><strong>www.k\u00fcrtler.com<\/strong><\/p>\n","protected":false},"excerpt":{"rendered":"<p>Alles \u00fcber Kirsehir Kurdenfinden Sie in unserer Recherche. Zuvor ver\u00f6ffentlicht Kurden in Zentralanatolien In diesem Artikel werden wir uns auf die Kurden von K\u0131r\u015fehir in Zentralanatolien konzentrieren. Wann sind die Kurden von Kirsehir ausgewandert? Die Kurden von K\u0131r\u015fehir sind, wie andere Kurden Zentralanatoliens, aus der Geographie Kurdistans eingewandert. Zwar gab es auch schon vorher kurdische &hellip;<\/p>\n","protected":false},"author":1,"featured_media":27147,"comment_status":"open","ping_status":"closed","sticky":false,"template":"","format":"standard","meta":{"footnotes":""},"categories":[6050],"tags":[6663,6664,6665,6101,6668,6667,6666],"class_list":["post-29376","post","type-post","status-publish","format-standard","has-post-thumbnail","hentry","category-kurdische-geschichte","tag-akcakent-kurden","tag-cicekdagi-kurden","tag-kurden-aus-kaman","tag-kurden-aus-zentralanatolien","tag-kurden-von-kirsehir","tag-kurdische-dorfer-in-kirsehir","tag-kurdische-stamme-von-kirsehir"],"yoast_head":"<!-- This site is optimized with the Yoast SEO plugin v23.7 - https:\/\/yoast.com\/wordpress\/plugins\/seo\/ -->\n<title>Kurden von Kirsehir - Mit Liebe gebastelt<\/title>\n<meta name=\"robots\" content=\"index, follow, max-snippet:-1, max-image-preview:large, max-video-preview:-1\" \/>\n<link rel=\"canonical\" href=\"https:\/\/www.xn--krtler-3ya.com\/de\/kurden-von-kirsehir.html\" \/>\n<meta property=\"og:locale\" content=\"de_DE\" \/>\n<meta property=\"og:type\" content=\"article\" \/>\n<meta property=\"og:title\" content=\"Kurden von Kirsehir - Mit Liebe gebastelt\" \/>\n<meta property=\"og:description\" content=\"Alles \u00fcber Kirsehir Kurdenfinden Sie in unserer Recherche. Zuvor ver\u00f6ffentlicht Kurden in Zentralanatolien In diesem Artikel werden wir uns auf die Kurden von K\u0131r\u015fehir in Zentralanatolien konzentrieren. Wann sind die Kurden von Kirsehir ausgewandert? Die Kurden von K\u0131r\u015fehir sind, wie andere Kurden Zentralanatoliens, aus der Geographie Kurdistans eingewandert. Zwar gab es auch schon vorher kurdische &hellip;\" \/>\n<meta property=\"og:url\" content=\"https:\/\/www.xn--krtler-3ya.com\/de\/kurden-von-kirsehir.html\" \/>\n<meta property=\"og:site_name\" content=\"Mit Liebe gebastelt\" \/>\n<meta property=\"article:published_time\" content=\"2020-04-18T19:31:41+00:00\" \/>\n<meta property=\"og:image\" content=\"https:\/\/www.xn--krtler-3ya.com\/wp-content\/uploads\/2020\/04\/kirsehir-kurtleri.png\" \/>\n\t<meta property=\"og:image:width\" content=\"644\" \/>\n\t<meta property=\"og:image:height\" content=\"332\" \/>\n\t<meta property=\"og:image:type\" content=\"image\/png\" \/>\n<meta name=\"author\" content=\"admin\" \/>\n<meta name=\"twitter:card\" content=\"summary_large_image\" \/>\n<meta name=\"twitter:label1\" content=\"Verfasst von\" \/>\n\t<meta name=\"twitter:data1\" content=\"admin\" \/>\n\t<meta name=\"twitter:label2\" content=\"Gesch\u00e4tzte Lesezeit\" \/>\n\t<meta name=\"twitter:data2\" content=\"4\u00a0Minuten\" \/>\n<script type=\"application\/ld+json\" class=\"yoast-schema-graph\">{\"@context\":\"https:\/\/schema.org\",\"@graph\":[{\"@type\":\"WebPage\",\"@id\":\"https:\/\/www.xn--krtler-3ya.com\/de\/kurden-von-kirsehir.html\",\"url\":\"https:\/\/www.xn--krtler-3ya.com\/de\/kurden-von-kirsehir.html\",\"name\":\"Kurden von Kirsehir - Mit Liebe gebastelt\",\"isPartOf\":{\"@id\":\"https:\/\/www.xn--krtler-3ya.com\/de#website\"},\"primaryImageOfPage\":{\"@id\":\"https:\/\/www.xn--krtler-3ya.com\/de\/kurden-von-kirsehir.html#primaryimage\"},\"image\":{\"@id\":\"https:\/\/www.xn--krtler-3ya.com\/de\/kurden-von-kirsehir.html#primaryimage\"},\"thumbnailUrl\":\"https:\/\/www.xn--krtler-3ya.com\/wp-content\/uploads\/2020\/04\/kirsehir-kurtleri.png\",\"datePublished\":\"2020-04-18T19:31:41+00:00\",\"dateModified\":\"2020-04-18T19:31:41+00:00\",\"author\":{\"@id\":\"https:\/\/www.xn--krtler-3ya.com\/de#\/schema\/person\/6bcd5bbe2e1493cacc77180c1bd84881\"},\"breadcrumb\":{\"@id\":\"https:\/\/www.xn--krtler-3ya.com\/de\/kurden-von-kirsehir.html#breadcrumb\"},\"inLanguage\":\"de\",\"potentialAction\":[{\"@type\":\"ReadAction\",\"target\":[\"https:\/\/www.xn--krtler-3ya.com\/de\/kurden-von-kirsehir.html\"]}]},{\"@type\":\"ImageObject\",\"inLanguage\":\"de\",\"@id\":\"https:\/\/www.xn--krtler-3ya.com\/de\/kurden-von-kirsehir.html#primaryimage\",\"url\":\"https:\/\/www.xn--krtler-3ya.com\/wp-content\/uploads\/2020\/04\/kirsehir-kurtleri.png\",\"contentUrl\":\"https:\/\/www.xn--krtler-3ya.com\/wp-content\/uploads\/2020\/04\/kirsehir-kurtleri.png\",\"width\":644,\"height\":332},{\"@type\":\"BreadcrumbList\",\"@id\":\"https:\/\/www.xn--krtler-3ya.com\/de\/kurden-von-kirsehir.html#breadcrumb\",\"itemListElement\":[{\"@type\":\"ListItem\",\"position\":1,\"name\":\"Startseite\",\"item\":\"https:\/\/www.xn--krtler-3ya.com\/de\"},{\"@type\":\"ListItem\",\"position\":2,\"name\":\"Kurden von Kirsehir\"}]},{\"@type\":\"WebSite\",\"@id\":\"https:\/\/www.xn--krtler-3ya.com\/de#website\",\"url\":\"https:\/\/www.xn--krtler-3ya.com\/de\",\"name\":\"k\u00fcrtler\",\"description\":\"\",\"potentialAction\":[{\"@type\":\"SearchAction\",\"target\":{\"@type\":\"EntryPoint\",\"urlTemplate\":\"https:\/\/www.xn--krtler-3ya.com\/de?s={search_term_string}\"},\"query-input\":{\"@type\":\"PropertyValueSpecification\",\"valueRequired\":true,\"valueName\":\"search_term_string\"}}],\"inLanguage\":\"de\"},{\"@type\":\"Person\",\"@id\":\"https:\/\/www.xn--krtler-3ya.com\/de#\/schema\/person\/6bcd5bbe2e1493cacc77180c1bd84881\",\"name\":\"admin\",\"image\":{\"@type\":\"ImageObject\",\"inLanguage\":\"de\",\"@id\":\"https:\/\/www.xn--krtler-3ya.com\/de#\/schema\/person\/image\/\",\"url\":\"https:\/\/www.xn--krtler-3ya.com\/wp-content\/litespeed\/avatar\/de8faab9da60e77876a3fba9edd82f20.jpg?ver=1777431259\",\"contentUrl\":\"https:\/\/www.xn--krtler-3ya.com\/wp-content\/litespeed\/avatar\/de8faab9da60e77876a3fba9edd82f20.jpg?ver=1777431259\",\"caption\":\"admin\"},\"sameAs\":[\"https:\/\/kora24.de\"],\"url\":\"https:\/\/www.xn--krtler-3ya.com\/de\/author\/youssef\"}]}<\/script>\n<!-- \/ Yoast SEO plugin. -->","yoast_head_json":{"title":"Kurden von Kirsehir - Mit Liebe gebastelt","robots":{"index":"index","follow":"follow","max-snippet":"max-snippet:-1","max-image-preview":"max-image-preview:large","max-video-preview":"max-video-preview:-1"},"canonical":"https:\/\/www.xn--krtler-3ya.com\/de\/kurden-von-kirsehir.html","og_locale":"de_DE","og_type":"article","og_title":"Kurden von Kirsehir - Mit Liebe gebastelt","og_description":"Alles \u00fcber Kirsehir Kurdenfinden Sie in unserer Recherche. Zuvor ver\u00f6ffentlicht Kurden in Zentralanatolien In diesem Artikel werden wir uns auf die Kurden von K\u0131r\u015fehir in Zentralanatolien konzentrieren. Wann sind die Kurden von Kirsehir ausgewandert? Die Kurden von K\u0131r\u015fehir sind, wie andere Kurden Zentralanatoliens, aus der Geographie Kurdistans eingewandert. Zwar gab es auch schon vorher kurdische &hellip;","og_url":"https:\/\/www.xn--krtler-3ya.com\/de\/kurden-von-kirsehir.html","og_site_name":"Mit Liebe gebastelt","article_published_time":"2020-04-18T19:31:41+00:00","og_image":[{"width":644,"height":332,"url":"https:\/\/www.xn--krtler-3ya.com\/wp-content\/uploads\/2020\/04\/kirsehir-kurtleri.png","type":"image\/png"}],"author":"admin","twitter_card":"summary_large_image","twitter_misc":{"Verfasst von":"admin","Gesch\u00e4tzte Lesezeit":"4\u00a0Minuten"},"schema":{"@context":"https:\/\/schema.org","@graph":[{"@type":"WebPage","@id":"https:\/\/www.xn--krtler-3ya.com\/de\/kurden-von-kirsehir.html","url":"https:\/\/www.xn--krtler-3ya.com\/de\/kurden-von-kirsehir.html","name":"Kurden von Kirsehir - Mit Liebe gebastelt","isPartOf":{"@id":"https:\/\/www.xn--krtler-3ya.com\/de#website"},"primaryImageOfPage":{"@id":"https:\/\/www.xn--krtler-3ya.com\/de\/kurden-von-kirsehir.html#primaryimage"},"image":{"@id":"https:\/\/www.xn--krtler-3ya.com\/de\/kurden-von-kirsehir.html#primaryimage"},"thumbnailUrl":"https:\/\/www.xn--krtler-3ya.com\/wp-content\/uploads\/2020\/04\/kirsehir-kurtleri.png","datePublished":"2020-04-18T19:31:41+00:00","dateModified":"2020-04-18T19:31:41+00:00","author":{"@id":"https:\/\/www.xn--krtler-3ya.com\/de#\/schema\/person\/6bcd5bbe2e1493cacc77180c1bd84881"},"breadcrumb":{"@id":"https:\/\/www.xn--krtler-3ya.com\/de\/kurden-von-kirsehir.html#breadcrumb"},"inLanguage":"de","potentialAction":[{"@type":"ReadAction","target":["https:\/\/www.xn--krtler-3ya.com\/de\/kurden-von-kirsehir.html"]}]},{"@type":"ImageObject","inLanguage":"de","@id":"https:\/\/www.xn--krtler-3ya.com\/de\/kurden-von-kirsehir.html#primaryimage","url":"https:\/\/www.xn--krtler-3ya.com\/wp-content\/uploads\/2020\/04\/kirsehir-kurtleri.png","contentUrl":"https:\/\/www.xn--krtler-3ya.com\/wp-content\/uploads\/2020\/04\/kirsehir-kurtleri.png","width":644,"height":332},{"@type":"BreadcrumbList","@id":"https:\/\/www.xn--krtler-3ya.com\/de\/kurden-von-kirsehir.html#breadcrumb","itemListElement":[{"@type":"ListItem","position":1,"name":"Startseite","item":"https:\/\/www.xn--krtler-3ya.com\/de"},{"@type":"ListItem","position":2,"name":"Kurden von Kirsehir"}]},{"@type":"WebSite","@id":"https:\/\/www.xn--krtler-3ya.com\/de#website","url":"https:\/\/www.xn--krtler-3ya.com\/de","name":"k\u00fcrtler","description":"","potentialAction":[{"@type":"SearchAction","target":{"@type":"EntryPoint","urlTemplate":"https:\/\/www.xn--krtler-3ya.com\/de?s={search_term_string}"},"query-input":{"@type":"PropertyValueSpecification","valueRequired":true,"valueName":"search_term_string"}}],"inLanguage":"de"},{"@type":"Person","@id":"https:\/\/www.xn--krtler-3ya.com\/de#\/schema\/person\/6bcd5bbe2e1493cacc77180c1bd84881","name":"admin","image":{"@type":"ImageObject","inLanguage":"de","@id":"https:\/\/www.xn--krtler-3ya.com\/de#\/schema\/person\/image\/","url":"https:\/\/www.xn--krtler-3ya.com\/wp-content\/litespeed\/avatar\/de8faab9da60e77876a3fba9edd82f20.jpg?ver=1777431259","contentUrl":"https:\/\/www.xn--krtler-3ya.com\/wp-content\/litespeed\/avatar\/de8faab9da60e77876a3fba9edd82f20.jpg?ver=1777431259","caption":"admin"},"sameAs":["https:\/\/kora24.de"],"url":"https:\/\/www.xn--krtler-3ya.com\/de\/author\/youssef"}]}},"amp_enabled":true,"_links":{"self":[{"href":"https:\/\/www.xn--krtler-3ya.com\/de\/wp-json\/wp\/v2\/posts\/29376","targetHints":{"allow":["GET"]}}],"collection":[{"href":"https:\/\/www.xn--krtler-3ya.com\/de\/wp-json\/wp\/v2\/posts"}],"about":[{"href":"https:\/\/www.xn--krtler-3ya.com\/de\/wp-json\/wp\/v2\/types\/post"}],"author":[{"embeddable":true,"href":"https:\/\/www.xn--krtler-3ya.com\/de\/wp-json\/wp\/v2\/users\/1"}],"replies":[{"embeddable":true,"href":"https:\/\/www.xn--krtler-3ya.com\/de\/wp-json\/wp\/v2\/comments?post=29376"}],"version-history":[{"count":0,"href":"https:\/\/www.xn--krtler-3ya.com\/de\/wp-json\/wp\/v2\/posts\/29376\/revisions"}],"wp:featuredmedia":[{"embeddable":true,"href":"https:\/\/www.xn--krtler-3ya.com\/de\/wp-json\/wp\/v2\/media\/27147"}],"wp:attachment":[{"href":"https:\/\/www.xn--krtler-3ya.com\/de\/wp-json\/wp\/v2\/media?parent=29376"}],"wp:term":[{"taxonomy":"category","embeddable":true,"href":"https:\/\/www.xn--krtler-3ya.com\/de\/wp-json\/wp\/v2\/categories?post=29376"},{"taxonomy":"post_tag","embeddable":true,"href":"https:\/\/www.xn--krtler-3ya.com\/de\/wp-json\/wp\/v2\/tags?post=29376"}],"curies":[{"name":"wp","href":"https:\/\/api.w.org\/{rel}","templated":true}]}}