{"id":29508,"date":"2021-04-10T13:24:00","date_gmt":"2021-04-10T13:24:00","guid":{"rendered":"https:\/\/www.xn--krtler-3ya.com\/agire-jiyan-bablekan-songtext-tuerkisch.html"},"modified":"2021-04-10T13:24:00","modified_gmt":"2021-04-10T13:24:00","slug":"agire-jiyan-bablekan-songtext-tuerkisch","status":"publish","type":"post","link":"https:\/\/www.xn--krtler-3ya.com\/de\/agire-jiyan-bablekan-songtext-tuerkisch.html","title":{"rendered":"Agir\u00ea J\u00eeyan Bablekan Songtext T\u00fcrkisch"},"content":{"rendered":"<p><span style=\"font-family: arial, helvetica, sans-serif;\">Die beliebte Musikgruppe <span style=\"color: #0000ff;\"><a style=\"color: #0000ff;\" href=\"https:\/\/www.xn--krtler-3ya.com\/agire-jiyan-kimdir-nerelidir.html\" target=\"_blank\" rel=\"noopener\"><strong>Agire Jiyan<\/strong><\/a><\/span>Bablekan Songtext von Bablekan und seine t\u00fcrkische \u00dcbersetzung<\/span><\/p>\n<h2><span style=\"font-family: arial, helvetica, sans-serif; color: #800000;\">Was ist Bablekan?<\/span><\/h2>\n<p><span style=\"font-family: arial, helvetica, sans-serif;\"><strong>Bablekan<\/strong> ist der Name eines <strong>kurdischen<\/strong> Halay.<\/span><\/p>\n<p>Das Lied <strong>Bablekan<\/strong> <span style=\"font-family: arial, helvetica, sans-serif;\">wurde<\/span> <strong>2003<\/strong> von <strong>Agire Jiyan<\/strong> <span style=\"font-family: arial, helvetica, sans-serif;\">mit dem Album<strong>B\u00eahna Adar\u00ea<\/strong> ver\u00f6ffentlicht.<\/span><\/p>\n<h2><span style=\"color: #800000;\"><strong><span style=\"font-family: 'arial black', sans-serif;\">Bablekan Kurdisch Songtext<\/span><\/strong><\/span><\/h2>\n<p><span style=\"font-family: arial, helvetica, sans-serif;\">Bablekan\u00ea h\u00ead\u00ee t\u00ea<\/span><br \/>\n<span style=\"font-family: arial, helvetica, sans-serif;\">\u015e\u00ear\u00ea sor ti h\u00ead\u00ee t\u00ea<\/span><br \/>\n<span style=\"font-family: arial, helvetica, sans-serif;\">Deng\u00ea ji koma el\u00ee t\u00ea<\/span><br \/>\n<span style=\"font-family: arial, helvetica, sans-serif;\">Deng\u00ea ji koma \u015f\u00ear\u00een t\u00ea<\/span><\/p>\n<p><span style=\"font-family: arial, helvetica, sans-serif;\">Koma el\u00ee l\u00eeloz e<\/span><br \/>\n<span style=\"font-family: arial, helvetica, sans-serif;\">Koma \u015f\u00ear\u00een l\u00eeloz e<\/span><br \/>\n<span style=\"font-family: arial, helvetica, sans-serif;\">Ser hev genim\u00ea toz e<\/span><br \/>\n<span style=\"font-family: arial, helvetica, sans-serif;\">Tev hev genim\u00ea boz e<\/span><\/p>\n<p><span style=\"font-family: arial, helvetica, sans-serif;\">Gul\u00ea gul\u00ea gul\u00ea gul\u00ea gul\u00ea<\/span><br \/>\n<span style=\"font-family: arial, helvetica, sans-serif;\">Esmer\u00ea naz\u00ea gul\u00ea<\/span><br \/>\n<span style=\"font-family: arial, helvetica, sans-serif;\">Gul\u00ea gul\u00ea gul\u00ea gul\u00ea gul\u00ea<\/span><br \/>\n<span style=\"font-family: arial, helvetica, sans-serif;\">Sh\u00ear\u00een\u00ea naz\u00ea gul\u00ea<\/span><\/p>\n<p><span style=\"font-family: arial, helvetica, sans-serif;\">Bablekan\u00ea hespist\u00ee<\/span><br \/>\n<span style=\"font-family: arial, helvetica, sans-serif;\">\u015e\u00ear\u00ea sor ti hespist\u00ee<\/span><br \/>\n<span style=\"font-family: arial, helvetica, sans-serif;\">Tu di secd\u00ea de nivist\u00ee<\/span><br \/>\n<span style=\"font-family: arial, helvetica, sans-serif;\">Di secdi de nivist\u00ee<\/span><\/p>\n<p><span style=\"font-family: arial, helvetica, sans-serif;\">Bablekan\u00ea ti hekar\u00ee<\/span><br \/>\n<span style=\"font-family: arial, helvetica, sans-serif;\">\u015e\u00ear\u00ea sor li hekar\u00ee<\/span><br \/>\n<span style=\"font-family: arial, helvetica, sans-serif;\">Tu ji cenge de narev\u00ee<\/span><br \/>\n<span style=\"font-family: arial, helvetica, sans-serif;\">Di ceng\u00ea de narev\u00ee<\/span><\/p>\n<p><span style=\"font-family: arial, helvetica, sans-serif;\">Die <strong>t\u00fcrkische \u00dcbersetzung<\/strong> wird so bald wie m\u00f6glich hinzugef\u00fcgt.<\/span><\/p>\n","protected":false},"excerpt":{"rendered":"<p>Die beliebte Musikgruppe Agire JiyanBablekan Songtext von Bablekan und seine t\u00fcrkische \u00dcbersetzung Was ist Bablekan? Bablekan ist der Name eines kurdischen Halay. Das Lied Bablekan wurde 2003 von Agire Jiyan mit dem AlbumB\u00eahna Adar\u00ea ver\u00f6ffentlicht. Bablekan Kurdisch Songtext Bablekan\u00ea h\u00ead\u00ee t\u00ea \u015e\u00ear\u00ea sor ti h\u00ead\u00ee t\u00ea Deng\u00ea ji koma el\u00ee t\u00ea Deng\u00ea ji koma \u015f\u00ear\u00een &hellip;<\/p>\n","protected":false},"author":1,"featured_media":27597,"comment_status":"open","ping_status":"closed","sticky":false,"template":"","format":"standard","meta":{"footnotes":""},"categories":[6034],"tags":[7167,7169,7168],"class_list":["post-29508","post","type-post","status-publish","format-standard","has-post-thumbnail","hentry","category-kurdish-songtext","tag-bablekan-gotin-de","tag-bablekan-lyrics-auf-tuerkisch","tag-bablekan-songtext"],"yoast_head":"<!-- This site is optimized with the Yoast SEO plugin v23.7 - https:\/\/yoast.com\/wordpress\/plugins\/seo\/ -->\n<title>Agir\u00ea J\u00eeyan Bablekan Songtext T\u00fcrkisch - Mit Liebe gebastelt<\/title>\n<meta name=\"robots\" content=\"index, follow, max-snippet:-1, max-image-preview:large, max-video-preview:-1\" \/>\n<link rel=\"canonical\" href=\"https:\/\/www.xn--krtler-3ya.com\/de\/agire-jiyan-bablekan-songtext-tuerkisch.html\" \/>\n<meta property=\"og:locale\" content=\"de_DE\" \/>\n<meta property=\"og:type\" content=\"article\" \/>\n<meta property=\"og:title\" content=\"Agir\u00ea J\u00eeyan Bablekan Songtext T\u00fcrkisch - Mit Liebe gebastelt\" \/>\n<meta property=\"og:description\" content=\"Die beliebte Musikgruppe Agire JiyanBablekan Songtext von Bablekan und seine t\u00fcrkische \u00dcbersetzung Was ist Bablekan? Bablekan ist der Name eines kurdischen Halay. Das Lied Bablekan wurde 2003 von Agire Jiyan mit dem AlbumB\u00eahna Adar\u00ea ver\u00f6ffentlicht. Bablekan Kurdisch Songtext Bablekan\u00ea h\u00ead\u00ee t\u00ea \u015e\u00ear\u00ea sor ti h\u00ead\u00ee t\u00ea Deng\u00ea ji koma el\u00ee t\u00ea Deng\u00ea ji koma \u015f\u00ear\u00een &hellip;\" \/>\n<meta property=\"og:url\" content=\"https:\/\/www.xn--krtler-3ya.com\/de\/agire-jiyan-bablekan-songtext-tuerkisch.html\" \/>\n<meta property=\"og:site_name\" content=\"Mit Liebe gebastelt\" \/>\n<meta property=\"article:published_time\" content=\"2021-04-10T13:24:00+00:00\" \/>\n<meta property=\"og:image\" content=\"https:\/\/www.xn--krtler-3ya.com\/wp-content\/uploads\/2021\/06\/bablekan-sozleri.png\" \/>\n\t<meta property=\"og:image:width\" content=\"640\" \/>\n\t<meta property=\"og:image:height\" content=\"350\" \/>\n\t<meta property=\"og:image:type\" content=\"image\/png\" \/>\n<meta name=\"author\" content=\"admin\" \/>\n<meta name=\"twitter:card\" content=\"summary_large_image\" \/>\n<meta name=\"twitter:label1\" content=\"Verfasst von\" \/>\n\t<meta name=\"twitter:data1\" content=\"admin\" \/>\n\t<meta name=\"twitter:label2\" content=\"Gesch\u00e4tzte Lesezeit\" \/>\n\t<meta name=\"twitter:data2\" content=\"1\u00a0Minute\" \/>\n<script type=\"application\/ld+json\" class=\"yoast-schema-graph\">{\"@context\":\"https:\/\/schema.org\",\"@graph\":[{\"@type\":\"WebPage\",\"@id\":\"https:\/\/www.xn--krtler-3ya.com\/de\/agire-jiyan-bablekan-songtext-tuerkisch.html\",\"url\":\"https:\/\/www.xn--krtler-3ya.com\/de\/agire-jiyan-bablekan-songtext-tuerkisch.html\",\"name\":\"Agir\u00ea J\u00eeyan Bablekan Songtext T\u00fcrkisch - Mit Liebe gebastelt\",\"isPartOf\":{\"@id\":\"https:\/\/www.xn--krtler-3ya.com\/de#website\"},\"primaryImageOfPage\":{\"@id\":\"https:\/\/www.xn--krtler-3ya.com\/de\/agire-jiyan-bablekan-songtext-tuerkisch.html#primaryimage\"},\"image\":{\"@id\":\"https:\/\/www.xn--krtler-3ya.com\/de\/agire-jiyan-bablekan-songtext-tuerkisch.html#primaryimage\"},\"thumbnailUrl\":\"https:\/\/www.xn--krtler-3ya.com\/wp-content\/uploads\/2021\/06\/bablekan-sozleri.png\",\"datePublished\":\"2021-04-10T13:24:00+00:00\",\"dateModified\":\"2021-04-10T13:24:00+00:00\",\"author\":{\"@id\":\"https:\/\/www.xn--krtler-3ya.com\/de#\/schema\/person\/6bcd5bbe2e1493cacc77180c1bd84881\"},\"breadcrumb\":{\"@id\":\"https:\/\/www.xn--krtler-3ya.com\/de\/agire-jiyan-bablekan-songtext-tuerkisch.html#breadcrumb\"},\"inLanguage\":\"de\",\"potentialAction\":[{\"@type\":\"ReadAction\",\"target\":[\"https:\/\/www.xn--krtler-3ya.com\/de\/agire-jiyan-bablekan-songtext-tuerkisch.html\"]}]},{\"@type\":\"ImageObject\",\"inLanguage\":\"de\",\"@id\":\"https:\/\/www.xn--krtler-3ya.com\/de\/agire-jiyan-bablekan-songtext-tuerkisch.html#primaryimage\",\"url\":\"https:\/\/www.xn--krtler-3ya.com\/wp-content\/uploads\/2021\/06\/bablekan-sozleri.png\",\"contentUrl\":\"https:\/\/www.xn--krtler-3ya.com\/wp-content\/uploads\/2021\/06\/bablekan-sozleri.png\",\"width\":640,\"height\":350},{\"@type\":\"BreadcrumbList\",\"@id\":\"https:\/\/www.xn--krtler-3ya.com\/de\/agire-jiyan-bablekan-songtext-tuerkisch.html#breadcrumb\",\"itemListElement\":[{\"@type\":\"ListItem\",\"position\":1,\"name\":\"Startseite\",\"item\":\"https:\/\/www.xn--krtler-3ya.com\/de\"},{\"@type\":\"ListItem\",\"position\":2,\"name\":\"Agir\u00ea J\u00eeyan Bablekan Songtext T\u00fcrkisch\"}]},{\"@type\":\"WebSite\",\"@id\":\"https:\/\/www.xn--krtler-3ya.com\/de#website\",\"url\":\"https:\/\/www.xn--krtler-3ya.com\/de\",\"name\":\"k\u00fcrtler\",\"description\":\"\",\"potentialAction\":[{\"@type\":\"SearchAction\",\"target\":{\"@type\":\"EntryPoint\",\"urlTemplate\":\"https:\/\/www.xn--krtler-3ya.com\/de?s={search_term_string}\"},\"query-input\":{\"@type\":\"PropertyValueSpecification\",\"valueRequired\":true,\"valueName\":\"search_term_string\"}}],\"inLanguage\":\"de\"},{\"@type\":\"Person\",\"@id\":\"https:\/\/www.xn--krtler-3ya.com\/de#\/schema\/person\/6bcd5bbe2e1493cacc77180c1bd84881\",\"name\":\"admin\",\"image\":{\"@type\":\"ImageObject\",\"inLanguage\":\"de\",\"@id\":\"https:\/\/www.xn--krtler-3ya.com\/de#\/schema\/person\/image\/\",\"url\":\"https:\/\/www.xn--krtler-3ya.com\/wp-content\/litespeed\/avatar\/de8faab9da60e77876a3fba9edd82f20.jpg?ver=1777431259\",\"contentUrl\":\"https:\/\/www.xn--krtler-3ya.com\/wp-content\/litespeed\/avatar\/de8faab9da60e77876a3fba9edd82f20.jpg?ver=1777431259\",\"caption\":\"admin\"},\"sameAs\":[\"https:\/\/kora24.de\"],\"url\":\"https:\/\/www.xn--krtler-3ya.com\/de\/author\/youssef\"}]}<\/script>\n<!-- \/ Yoast SEO plugin. -->","yoast_head_json":{"title":"Agir\u00ea J\u00eeyan Bablekan Songtext T\u00fcrkisch - Mit Liebe gebastelt","robots":{"index":"index","follow":"follow","max-snippet":"max-snippet:-1","max-image-preview":"max-image-preview:large","max-video-preview":"max-video-preview:-1"},"canonical":"https:\/\/www.xn--krtler-3ya.com\/de\/agire-jiyan-bablekan-songtext-tuerkisch.html","og_locale":"de_DE","og_type":"article","og_title":"Agir\u00ea J\u00eeyan Bablekan Songtext T\u00fcrkisch - Mit Liebe gebastelt","og_description":"Die beliebte Musikgruppe Agire JiyanBablekan Songtext von Bablekan und seine t\u00fcrkische \u00dcbersetzung Was ist Bablekan? Bablekan ist der Name eines kurdischen Halay. Das Lied Bablekan wurde 2003 von Agire Jiyan mit dem AlbumB\u00eahna Adar\u00ea ver\u00f6ffentlicht. Bablekan Kurdisch Songtext Bablekan\u00ea h\u00ead\u00ee t\u00ea \u015e\u00ear\u00ea sor ti h\u00ead\u00ee t\u00ea Deng\u00ea ji koma el\u00ee t\u00ea Deng\u00ea ji koma \u015f\u00ear\u00een &hellip;","og_url":"https:\/\/www.xn--krtler-3ya.com\/de\/agire-jiyan-bablekan-songtext-tuerkisch.html","og_site_name":"Mit Liebe gebastelt","article_published_time":"2021-04-10T13:24:00+00:00","og_image":[{"width":640,"height":350,"url":"https:\/\/www.xn--krtler-3ya.com\/wp-content\/uploads\/2021\/06\/bablekan-sozleri.png","type":"image\/png"}],"author":"admin","twitter_card":"summary_large_image","twitter_misc":{"Verfasst von":"admin","Gesch\u00e4tzte Lesezeit":"1\u00a0Minute"},"schema":{"@context":"https:\/\/schema.org","@graph":[{"@type":"WebPage","@id":"https:\/\/www.xn--krtler-3ya.com\/de\/agire-jiyan-bablekan-songtext-tuerkisch.html","url":"https:\/\/www.xn--krtler-3ya.com\/de\/agire-jiyan-bablekan-songtext-tuerkisch.html","name":"Agir\u00ea J\u00eeyan Bablekan Songtext T\u00fcrkisch - Mit Liebe gebastelt","isPartOf":{"@id":"https:\/\/www.xn--krtler-3ya.com\/de#website"},"primaryImageOfPage":{"@id":"https:\/\/www.xn--krtler-3ya.com\/de\/agire-jiyan-bablekan-songtext-tuerkisch.html#primaryimage"},"image":{"@id":"https:\/\/www.xn--krtler-3ya.com\/de\/agire-jiyan-bablekan-songtext-tuerkisch.html#primaryimage"},"thumbnailUrl":"https:\/\/www.xn--krtler-3ya.com\/wp-content\/uploads\/2021\/06\/bablekan-sozleri.png","datePublished":"2021-04-10T13:24:00+00:00","dateModified":"2021-04-10T13:24:00+00:00","author":{"@id":"https:\/\/www.xn--krtler-3ya.com\/de#\/schema\/person\/6bcd5bbe2e1493cacc77180c1bd84881"},"breadcrumb":{"@id":"https:\/\/www.xn--krtler-3ya.com\/de\/agire-jiyan-bablekan-songtext-tuerkisch.html#breadcrumb"},"inLanguage":"de","potentialAction":[{"@type":"ReadAction","target":["https:\/\/www.xn--krtler-3ya.com\/de\/agire-jiyan-bablekan-songtext-tuerkisch.html"]}]},{"@type":"ImageObject","inLanguage":"de","@id":"https:\/\/www.xn--krtler-3ya.com\/de\/agire-jiyan-bablekan-songtext-tuerkisch.html#primaryimage","url":"https:\/\/www.xn--krtler-3ya.com\/wp-content\/uploads\/2021\/06\/bablekan-sozleri.png","contentUrl":"https:\/\/www.xn--krtler-3ya.com\/wp-content\/uploads\/2021\/06\/bablekan-sozleri.png","width":640,"height":350},{"@type":"BreadcrumbList","@id":"https:\/\/www.xn--krtler-3ya.com\/de\/agire-jiyan-bablekan-songtext-tuerkisch.html#breadcrumb","itemListElement":[{"@type":"ListItem","position":1,"name":"Startseite","item":"https:\/\/www.xn--krtler-3ya.com\/de"},{"@type":"ListItem","position":2,"name":"Agir\u00ea J\u00eeyan Bablekan Songtext T\u00fcrkisch"}]},{"@type":"WebSite","@id":"https:\/\/www.xn--krtler-3ya.com\/de#website","url":"https:\/\/www.xn--krtler-3ya.com\/de","name":"k\u00fcrtler","description":"","potentialAction":[{"@type":"SearchAction","target":{"@type":"EntryPoint","urlTemplate":"https:\/\/www.xn--krtler-3ya.com\/de?s={search_term_string}"},"query-input":{"@type":"PropertyValueSpecification","valueRequired":true,"valueName":"search_term_string"}}],"inLanguage":"de"},{"@type":"Person","@id":"https:\/\/www.xn--krtler-3ya.com\/de#\/schema\/person\/6bcd5bbe2e1493cacc77180c1bd84881","name":"admin","image":{"@type":"ImageObject","inLanguage":"de","@id":"https:\/\/www.xn--krtler-3ya.com\/de#\/schema\/person\/image\/","url":"https:\/\/www.xn--krtler-3ya.com\/wp-content\/litespeed\/avatar\/de8faab9da60e77876a3fba9edd82f20.jpg?ver=1777431259","contentUrl":"https:\/\/www.xn--krtler-3ya.com\/wp-content\/litespeed\/avatar\/de8faab9da60e77876a3fba9edd82f20.jpg?ver=1777431259","caption":"admin"},"sameAs":["https:\/\/kora24.de"],"url":"https:\/\/www.xn--krtler-3ya.com\/de\/author\/youssef"}]}},"amp_enabled":true,"_links":{"self":[{"href":"https:\/\/www.xn--krtler-3ya.com\/de\/wp-json\/wp\/v2\/posts\/29508","targetHints":{"allow":["GET"]}}],"collection":[{"href":"https:\/\/www.xn--krtler-3ya.com\/de\/wp-json\/wp\/v2\/posts"}],"about":[{"href":"https:\/\/www.xn--krtler-3ya.com\/de\/wp-json\/wp\/v2\/types\/post"}],"author":[{"embeddable":true,"href":"https:\/\/www.xn--krtler-3ya.com\/de\/wp-json\/wp\/v2\/users\/1"}],"replies":[{"embeddable":true,"href":"https:\/\/www.xn--krtler-3ya.com\/de\/wp-json\/wp\/v2\/comments?post=29508"}],"version-history":[{"count":0,"href":"https:\/\/www.xn--krtler-3ya.com\/de\/wp-json\/wp\/v2\/posts\/29508\/revisions"}],"wp:featuredmedia":[{"embeddable":true,"href":"https:\/\/www.xn--krtler-3ya.com\/de\/wp-json\/wp\/v2\/media\/27597"}],"wp:attachment":[{"href":"https:\/\/www.xn--krtler-3ya.com\/de\/wp-json\/wp\/v2\/media?parent=29508"}],"wp:term":[{"taxonomy":"category","embeddable":true,"href":"https:\/\/www.xn--krtler-3ya.com\/de\/wp-json\/wp\/v2\/categories?post=29508"},{"taxonomy":"post_tag","embeddable":true,"href":"https:\/\/www.xn--krtler-3ya.com\/de\/wp-json\/wp\/v2\/tags?post=29508"}],"curies":[{"name":"wp","href":"https:\/\/api.w.org\/{rel}","templated":true}]}}