{"id":29544,"date":"2021-02-06T03:21:38","date_gmt":"2021-02-06T03:21:38","guid":{"rendered":"https:\/\/www.xn--krtler-3ya.com\/wer-ist-nihat-dogan-woher-kommt-er-ist-nihat-dogan-kurdisch.html"},"modified":"2021-02-06T03:21:38","modified_gmt":"2021-02-06T03:21:38","slug":"wer-ist-nihat-dogan-woher-kommt-er-ist-nihat-dogan-kurdisch","status":"publish","type":"post","link":"https:\/\/www.xn--krtler-3ya.com\/de\/wer-ist-nihat-dogan-woher-kommt-er-ist-nihat-dogan-kurdisch.html","title":{"rendered":"Wer ist Nihat Do\u011fan? Woher kommt er? Ist Nihat Do\u011fan kurdisch?"},"content":{"rendered":"<p><strong><br \/>\nInformationen \u00fcber<\/strong> <strong>Nihat Do\u011fan<\/strong>&#8230; Viele Dinge \u00fcber <strong>Nihat Do\u011fan<\/strong>, die es geschafft haben, von Zeit zu Zeit auf die Tagesordnung zu kommen<\/p>\n<h2><strong><span style=\"color: #ff0000;\">Woher kommt Nihat Do\u011fan?<\/span><\/strong><\/h2>\n<p>Obwohl <strong>Nihat Do\u011fan<\/strong> am 13. Februar 1976 in <strong>Istanbul<\/strong> geboren wurde, stammt er urspr\u00fcnglich <strong>aus Mu\u015f<\/strong>.<\/p>\n<h2><span style=\"color: #ff0000;\">Ist Nihat Dogan Kurde?<\/span><\/h2>\n<p><strong>Nihat Do\u011fan<\/strong> stammt <strong>von den Mu\u015f-Kurden ab<\/strong> und geh\u00f6rt <strong>dem Stamm der Bad\u0131kan<\/strong>an. Entgegen den Medienberichten <strong>ist Nihat Do\u011fan<\/strong> kein <strong>Alevit<\/strong>, sondern <strong>Sunnit<\/strong>. <strong>Nihat Do\u011fans<\/strong>politische Einstellung ist, nach seinen eigenen Worten, konservativ-demokratisch.<\/p>\n<h2 style=\"text-align: left;\"><span style=\"color: #ff0000;\"><strong>Wie alt ist Nihat Do\u011fan?<\/strong><\/span><\/h2>\n<p style=\"text-align: left;\">Nihat Do\u011fan wurde am 13. Februar 1976 geboren und ist 45 Jahre alt.<\/p>\n<div class=\"mw-parser-output\">\n<table class=\"infobox biography vcard\" style=\"background-color: #f8f9fa; border-spacing: 3px; border: 1px solid #a2a9b1; clear: right; color: black; float: right; font-size: 12.32px; line-height: 1.5em; margin: 0.5em 0px 0.5em 1em; padding: 0.2em; width: 400px; height: 689px;\">\n<tbody>\n<tr>\n<th class=\"fn\" style=\"font-size: 15.4px; text-align: center; vertical-align: top;\" colspan=\"2\">\n<h2 style=\"text-align: right;\"><strong><span class=\"fn\" style=\"color: #ff0000;\">Nihat Dogan Biographie<\/span><\/strong><\/h2>\n<\/th>\n<\/tr>\n<tr>\n<th style=\"text-align: left; vertical-align: top;\" scope=\"row\">Geburt<\/th>\n<td style=\"vertical-align: top;\">13. Februar 1976 Istanbul (urspr\u00fcnglich aus Mu\u015f) 45 Jahre alt<\/td>\n<\/tr>\n<tr>\n<th style=\"text-align: left; vertical-align: top;\" scope=\"row\">Beruf<\/th>\n<td class=\"kategori\" style=\"vertical-align: top;\">Schauspieler, S\u00e4nger, Trainer<\/td>\n<\/tr>\n<tr>\n<th style=\"text-align: left; vertical-align: top;\" scope=\"row\">Aktive Jahre<\/th>\n<td style=\"vertical-align: top;\">1995-<\/td>\n<\/tr>\n<tr>\n<th style=\"text-align: left; vertical-align: top;\" scope=\"row\">Herkunft<\/th>\n<td style=\"vertical-align: top;\">Kurdisch<\/td>\n<\/tr>\n<tr>\n<th style=\"text-align: left; vertical-align: top;\" scope=\"row\">Burcu<\/th>\n<td style=\"vertical-align: top;\">Wassermann<\/td>\n<\/tr>\n<tr>\n<th style=\"text-align: left; vertical-align: top;\" scope=\"row\">Heirat(en)<\/th>\n<td style=\"vertical-align: top;\"><\/td>\n<\/tr>\n<tr>\n<th style=\"text-align: left; vertical-align: top;\" scope=\"row\">Bildung<\/th>\n<td style=\"vertical-align: top;\"><\/td>\n<\/tr>\n<tr>\n<th style=\"text-align: left; vertical-align: top;\" scope=\"row\">L\u00e4nge<\/th>\n<td style=\"vertical-align: top;\">178<\/td>\n<\/tr>\n<tr>\n<th style=\"text-align: left; vertical-align: top;\" scope=\"row\">Kilo<\/th>\n<td style=\"vertical-align: top;\">77<\/td>\n<\/tr>\n<tr>\n<th style=\"text-align: left; vertical-align: top;\" scope=\"row\">Augenfarbe<\/th>\n<td style=\"vertical-align: top;\">Braun<\/td>\n<\/tr>\n<tr>\n<th style=\"text-align: left; vertical-align: top;\" scope=\"row\">Offizielle Website<\/th>\n<td style=\"vertical-align: top;\"><span style=\"color: #0000ff;\"><strong><a style=\"color: #0000ff;\" href=\"https:\/\/www.instagram.com\/nihatdogan\/\"><span class=\"url\">INSTAGRAM<\/span><\/a><\/strong><\/span><br \/>\n<span style=\"color: #0000ff;\"><strong><a style=\"color: #0000ff;\" href=\"https:\/\/twitter.com\/nihatdoganvevo\">TWITTER<\/a><\/strong><\/span><\/td>\n<\/tr>\n<\/tbody>\n<\/table>\n<\/div>\n<h2><strong><span style=\"color: #ff0000;\">Das Leben von Nihat Dogan<\/span><\/strong><\/h2>\n<p><strong>Nihat Do\u011fan<\/strong> verlor seinen Vater, als er 11 Jahre alt war. Die \u00c4ltesten seiner Familie wollten ihn <strong>nach Mu\u015f<\/strong> bringen, aber er wollte nicht, also blieb er weiterhin in Istanbul. Er sang auf Anfrage in einem Teegarten im Istanbuler Stadtteil Avc\u0131lar, und ein Ehepaar dort schlug ihm vor, sein Talent <strong>in Deutschland<\/strong> einzusetzen. Diesem Vorschlag folgend, ging <strong>Nihat Do\u011fan<\/strong> nach Deutschland, wo er ein Jahr lang blieb und dann in die T\u00fcrkei zur\u00fcckkehrte, als er merkte, dass er nicht ber\u00fchmt werden konnte. Der Einstieg in die Musikindustrie gelang ihm 1994 mit seinem Album <strong>&#8222;K\u0131rd\u0131n Kalbimi<\/strong>&#8222;. Im Jahr 2011 nahm er an dem von Acun Il\u0131cal\u0131 pr\u00e4sentierten Wettbewerb Survivor Celebrities- Volunteers teil und belegte den 2. Dann, im Jahr 2015, dachte er daran, am Survivor All-Star-Wettbewerb teilzunehmen, aber nach der Ermordung von \u00d6zgecan Aslan erhielt er nach seinen Worten &#8222;Du wirst schreien, nachdem du von Perversen bel\u00e4stigt wurdest, die Minir\u00f6cke tragen und sich ausziehen und von Perversen bel\u00e4stigt werden, die vom System korrumpiert sind&#8220; eine gro\u00dfe Reaktion in der \u00d6ffentlichkeit. Nach diesen Reaktionen wurde behauptet, Acun Il\u0131cal\u0131 habe ihn vom Wettbewerb Survivor All-Star 2015 ausgeschlossen, aber er sagte, er sei nicht hingegangen. Am 22.09.2012 gab er bekannt, dass er der technische Direktor von B\u00fcy\u00fckderespor ist, das in der 3. Gruppe der 1. Istanbuler Amateurliga spielt, aber Nihat Do\u011fan wurde nicht offiziell zum technischen Direktor ernannt, weil er kein Trainerdiplom hatte. Eine vom t\u00fcrkischen Fu\u00dfballverband aufgestellte Regel besagt jedoch: &#8222;Wenn es in einem Verein einen Vertragstrainer gibt, kann bei Bedarf ein Manager die Mannschaft leiten, auch wenn er kein Trainer ist.&#8220; Indem er diese Regel ausnutzte, betrat er das Feld als Manager. Dar\u00fcber hinaus wurde von Adnan \u00d6zt\u00fcrk, einem der ehemaligen Manager des Vereins, ein Antrag auf Entlassung von <strong>Nihat Do\u011fan<\/strong> gestellt, der als Mitglied des Sportvereins Galatasaray auftritt. Dieser Antrag auf Ausschluss wurde vom Vorstand des Galatasaray Sports Club positiv bewertet und der Weg wurde geebnet, damit der Antrag auf Ausschluss bei der Generalversammlung im Jahr 2015 diskutiert werden kann.    <\/p>\n<p><strong>Kurdisches Lied gesungen von Nihat Do\u011fan<\/strong><\/p>\n<p>https:\/\/www.youtube.com\/watch?v=nkM0OOxwngg Baz\u0131 televizyon programlar\u0131nda kendisini muhafazak\u00e2r demokrat olarak nitelendiren <strong>Do\u011fan<\/strong> olduk\u00e7a fazla say\u0131da alb\u00fcm ile piyasada tutunmu\u015ftur. Beyaz Tv\u2019 de yay\u0131nlanan \u201cS\u00f6ylemezsem Olmaz\u201d Tv ptogram\u0131nda yorumcu olarak \u00e7al\u0131\u015fm\u0131\u015ft\u0131r. Bir\u00e7ok Tv program\u0131nda sunuculuk ve yorumculuk yapan Nihat Do\u011fan hem m\u00fczik piyasas\u0131nda hem de Tv programc\u0131l\u0131\u011f\u0131 sekt\u00f6r\u00fcnde kendini geli\u015ftirmi\u015f ve ilerleme kaydetmi\u015ftir. Baz\u0131 d\u00f6nemlerde ani \u00e7\u0131k\u0131\u015flar ile kamuoyu tepkisini \u00fczerine \u00e7eken sanat\u00e7\u0131 bir\u00e7ok kez bu tepkilerin oda\u011f\u0131nda olmu\u015ftur. <strong>Nihat Do\u011fan<\/strong> bir d\u00f6nem Seda Sayan ile a\u015fk ya\u015fam\u0131\u015ft\u0131r.<\/p>\n<p><img loading=\"lazy\" decoding=\"async\" class=\"size-full wp-image-11843 aligncenter\" src=\"https:\/\/www.xn--krtler-3ya.com\/wp-content\/uploads\/2021\/02\/nihat-dogan-kurt-mu-biyografisi.jpg\" alt=\"nihat do\u011fan kiye\" width=\"682\" height=\"422\"><\/p>\n<h3><strong><span style=\"color: #800000;\">Alben<\/span><\/strong><\/h3>\n<p>1994 &#8222;K\u0131rd\u0131n Kalbimi&#8220; 1996 &#8222;Ayr\u0131l\u0131k Ac\u0131 Bir \u015eey&#8220; 1998 &#8222;Anlam\u0131yorlar&#8220; 2000 &#8222;Dayan Y\u00fcre\u011fim&#8220; 2001 &#8222;Z\u00fcleyha&#8220; 2002 &#8222;Zor Gelir&#8220; 2004 &#8222;Seve Seve&#8220; 2005 &#8222;Bitaninden Bitanesine&#8220; 2007 &#8222;Allah Belan\u0131 Versin&#8220; 2009 &#8222;1071&#8220; Der K\u00fcnstler, der viele Alben unterzeichnet hat, wurde in seiner Zeit von einem breiten Publikum geh\u00f6rt. <strong>Do\u011fan<\/strong>, ein bekannter K\u00fcnstler, ist f\u00fcr seinen Erfolg auf dem Musikmarkt bekannt. Der K\u00fcnstler, der seit vielen Jahren kein neues Album mehr ver\u00f6ffentlicht hat, wird von seinen Fans erwartet.<\/p>\n","protected":false},"excerpt":{"rendered":"<p>Informationen \u00fcber Nihat Do\u011fan&#8230; Viele Dinge \u00fcber Nihat Do\u011fan, die es geschafft haben, von Zeit zu Zeit auf die Tagesordnung zu kommen Woher kommt Nihat Do\u011fan? Obwohl Nihat Do\u011fan am 13. Februar 1976 in Istanbul geboren wurde, stammt er urspr\u00fcnglich aus Mu\u015f. Ist Nihat Dogan Kurde? Nihat Do\u011fan stammt von den Mu\u015f-Kurden ab und geh\u00f6rt &hellip;<\/p>\n","protected":false},"author":1,"featured_media":27506,"comment_status":"open","ping_status":"closed","sticky":false,"template":"","format":"standard","meta":{"footnotes":""},"categories":[6187,6640],"tags":[7287,7291,7292,7290,7295,7294,7289,7288,7293],"class_list":["post-29544","post","type-post","status-publish","format-standard","has-post-thumbnail","hentry","category-biographie","category-wer-ist-er-woher-kommt-er","tag-nihat-dogan-de","tag-nihat-dogan-kurdisch","tag-nihat-dogan-kurdische-lieder","tag-nihat-dogan-kurdische-sprache","tag-nihat-dogan-liebhaber","tag-nihat-dogan-seda-sayan-de","tag-wer-ist-nihat-dogan","tag-wie-alt-ist-nihat-dogan","tag-woher-nihat-dogan-kommt"],"yoast_head":"<!-- This site is optimized with the Yoast SEO plugin v23.7 - https:\/\/yoast.com\/wordpress\/plugins\/seo\/ -->\n<title>Wer ist Nihat Do\u011fan? Woher kommt er? Ist Nihat Do\u011fan kurdisch? - Mit Liebe gebastelt<\/title>\n<meta name=\"description\" content=\"Wer ist Nihat Do\u011fan? Woher kommt er? Ist Nihat Do\u011fan kurdisch? Informationen \u00fcber Nihat Do\u011fan...Viele Dinge \u00fcber Nihat Do\u011fan, der es geschafft hat, von Zeit zu Zeit auf die Tagesordnung zu kommen\" \/>\n<meta name=\"robots\" content=\"index, follow, max-snippet:-1, max-image-preview:large, max-video-preview:-1\" \/>\n<link rel=\"canonical\" href=\"https:\/\/www.xn--krtler-3ya.com\/de\/wer-ist-nihat-dogan-woher-kommt-er-ist-nihat-dogan-kurdisch.html\" \/>\n<meta property=\"og:locale\" content=\"de_DE\" \/>\n<meta property=\"og:type\" content=\"article\" \/>\n<meta property=\"og:title\" content=\"Wer ist Nihat Do\u011fan? Woher kommt er? Ist Nihat Do\u011fan kurdisch? - Mit Liebe gebastelt\" \/>\n<meta property=\"og:description\" content=\"Wer ist Nihat Do\u011fan? Woher kommt er? Ist Nihat Do\u011fan kurdisch? Informationen \u00fcber Nihat Do\u011fan...Viele Dinge \u00fcber Nihat Do\u011fan, der es geschafft hat, von Zeit zu Zeit auf die Tagesordnung zu kommen\" \/>\n<meta property=\"og:url\" content=\"https:\/\/www.xn--krtler-3ya.com\/de\/wer-ist-nihat-dogan-woher-kommt-er-ist-nihat-dogan-kurdisch.html\" \/>\n<meta property=\"og:site_name\" content=\"Mit Liebe gebastelt\" \/>\n<meta property=\"article:published_time\" content=\"2021-02-06T03:21:38+00:00\" \/>\n<meta property=\"og:image\" content=\"https:\/\/www.xn--krtler-3ya.com\/wp-content\/uploads\/2021\/02\/nihat-dogan-kimdir-nerelidir.jpg\" \/>\n\t<meta property=\"og:image:width\" content=\"650\" \/>\n\t<meta property=\"og:image:height\" content=\"339\" \/>\n\t<meta property=\"og:image:type\" content=\"image\/jpeg\" \/>\n<meta name=\"author\" content=\"admin\" \/>\n<meta name=\"twitter:card\" content=\"summary_large_image\" \/>\n<meta name=\"twitter:label1\" content=\"Verfasst von\" \/>\n\t<meta name=\"twitter:data1\" content=\"admin\" \/>\n\t<meta name=\"twitter:label2\" content=\"Gesch\u00e4tzte Lesezeit\" \/>\n\t<meta name=\"twitter:data2\" content=\"3\u00a0Minuten\" \/>\n<script type=\"application\/ld+json\" class=\"yoast-schema-graph\">{\"@context\":\"https:\/\/schema.org\",\"@graph\":[{\"@type\":\"WebPage\",\"@id\":\"https:\/\/www.xn--krtler-3ya.com\/de\/wer-ist-nihat-dogan-woher-kommt-er-ist-nihat-dogan-kurdisch.html\",\"url\":\"https:\/\/www.xn--krtler-3ya.com\/de\/wer-ist-nihat-dogan-woher-kommt-er-ist-nihat-dogan-kurdisch.html\",\"name\":\"Wer ist Nihat Do\u011fan? Woher kommt er? Ist Nihat Do\u011fan kurdisch? - Mit Liebe gebastelt\",\"isPartOf\":{\"@id\":\"https:\/\/www.xn--krtler-3ya.com\/de#website\"},\"primaryImageOfPage\":{\"@id\":\"https:\/\/www.xn--krtler-3ya.com\/de\/wer-ist-nihat-dogan-woher-kommt-er-ist-nihat-dogan-kurdisch.html#primaryimage\"},\"image\":{\"@id\":\"https:\/\/www.xn--krtler-3ya.com\/de\/wer-ist-nihat-dogan-woher-kommt-er-ist-nihat-dogan-kurdisch.html#primaryimage\"},\"thumbnailUrl\":\"https:\/\/www.xn--krtler-3ya.com\/wp-content\/uploads\/2021\/02\/nihat-dogan-kimdir-nerelidir.jpg\",\"datePublished\":\"2021-02-06T03:21:38+00:00\",\"dateModified\":\"2021-02-06T03:21:38+00:00\",\"author\":{\"@id\":\"https:\/\/www.xn--krtler-3ya.com\/de#\/schema\/person\/6bcd5bbe2e1493cacc77180c1bd84881\"},\"description\":\"Wer ist Nihat Do\u011fan? Woher kommt er? Ist Nihat Do\u011fan kurdisch? Informationen \u00fcber Nihat Do\u011fan...Viele Dinge \u00fcber Nihat Do\u011fan, der es geschafft hat, von Zeit zu Zeit auf die Tagesordnung zu kommen\",\"breadcrumb\":{\"@id\":\"https:\/\/www.xn--krtler-3ya.com\/de\/wer-ist-nihat-dogan-woher-kommt-er-ist-nihat-dogan-kurdisch.html#breadcrumb\"},\"inLanguage\":\"de\",\"potentialAction\":[{\"@type\":\"ReadAction\",\"target\":[\"https:\/\/www.xn--krtler-3ya.com\/de\/wer-ist-nihat-dogan-woher-kommt-er-ist-nihat-dogan-kurdisch.html\"]}]},{\"@type\":\"ImageObject\",\"inLanguage\":\"de\",\"@id\":\"https:\/\/www.xn--krtler-3ya.com\/de\/wer-ist-nihat-dogan-woher-kommt-er-ist-nihat-dogan-kurdisch.html#primaryimage\",\"url\":\"https:\/\/www.xn--krtler-3ya.com\/wp-content\/uploads\/2021\/02\/nihat-dogan-kimdir-nerelidir.jpg\",\"contentUrl\":\"https:\/\/www.xn--krtler-3ya.com\/wp-content\/uploads\/2021\/02\/nihat-dogan-kimdir-nerelidir.jpg\",\"width\":650,\"height\":339},{\"@type\":\"BreadcrumbList\",\"@id\":\"https:\/\/www.xn--krtler-3ya.com\/de\/wer-ist-nihat-dogan-woher-kommt-er-ist-nihat-dogan-kurdisch.html#breadcrumb\",\"itemListElement\":[{\"@type\":\"ListItem\",\"position\":1,\"name\":\"Startseite\",\"item\":\"https:\/\/www.xn--krtler-3ya.com\/de\"},{\"@type\":\"ListItem\",\"position\":2,\"name\":\"Wer ist Nihat Do\u011fan? Woher kommt er? Ist Nihat Do\u011fan kurdisch?\"}]},{\"@type\":\"WebSite\",\"@id\":\"https:\/\/www.xn--krtler-3ya.com\/de#website\",\"url\":\"https:\/\/www.xn--krtler-3ya.com\/de\",\"name\":\"k\u00fcrtler\",\"description\":\"\",\"potentialAction\":[{\"@type\":\"SearchAction\",\"target\":{\"@type\":\"EntryPoint\",\"urlTemplate\":\"https:\/\/www.xn--krtler-3ya.com\/de?s={search_term_string}\"},\"query-input\":{\"@type\":\"PropertyValueSpecification\",\"valueRequired\":true,\"valueName\":\"search_term_string\"}}],\"inLanguage\":\"de\"},{\"@type\":\"Person\",\"@id\":\"https:\/\/www.xn--krtler-3ya.com\/de#\/schema\/person\/6bcd5bbe2e1493cacc77180c1bd84881\",\"name\":\"admin\",\"image\":{\"@type\":\"ImageObject\",\"inLanguage\":\"de\",\"@id\":\"https:\/\/www.xn--krtler-3ya.com\/de#\/schema\/person\/image\/\",\"url\":\"https:\/\/www.xn--krtler-3ya.com\/wp-content\/litespeed\/avatar\/de8faab9da60e77876a3fba9edd82f20.jpg?ver=1776826433\",\"contentUrl\":\"https:\/\/www.xn--krtler-3ya.com\/wp-content\/litespeed\/avatar\/de8faab9da60e77876a3fba9edd82f20.jpg?ver=1776826433\",\"caption\":\"admin\"},\"sameAs\":[\"https:\/\/kora24.de\"],\"url\":\"https:\/\/www.xn--krtler-3ya.com\/de\/author\/youssef\"}]}<\/script>\n<!-- \/ Yoast SEO plugin. -->","yoast_head_json":{"title":"Wer ist Nihat Do\u011fan? Woher kommt er? Ist Nihat Do\u011fan kurdisch? - Mit Liebe gebastelt","description":"Wer ist Nihat Do\u011fan? Woher kommt er? Ist Nihat Do\u011fan kurdisch? Informationen \u00fcber Nihat Do\u011fan...Viele Dinge \u00fcber Nihat Do\u011fan, der es geschafft hat, von Zeit zu Zeit auf die Tagesordnung zu kommen","robots":{"index":"index","follow":"follow","max-snippet":"max-snippet:-1","max-image-preview":"max-image-preview:large","max-video-preview":"max-video-preview:-1"},"canonical":"https:\/\/www.xn--krtler-3ya.com\/de\/wer-ist-nihat-dogan-woher-kommt-er-ist-nihat-dogan-kurdisch.html","og_locale":"de_DE","og_type":"article","og_title":"Wer ist Nihat Do\u011fan? Woher kommt er? Ist Nihat Do\u011fan kurdisch? - Mit Liebe gebastelt","og_description":"Wer ist Nihat Do\u011fan? Woher kommt er? Ist Nihat Do\u011fan kurdisch? Informationen \u00fcber Nihat Do\u011fan...Viele Dinge \u00fcber Nihat Do\u011fan, der es geschafft hat, von Zeit zu Zeit auf die Tagesordnung zu kommen","og_url":"https:\/\/www.xn--krtler-3ya.com\/de\/wer-ist-nihat-dogan-woher-kommt-er-ist-nihat-dogan-kurdisch.html","og_site_name":"Mit Liebe gebastelt","article_published_time":"2021-02-06T03:21:38+00:00","og_image":[{"width":650,"height":339,"url":"https:\/\/www.xn--krtler-3ya.com\/wp-content\/uploads\/2021\/02\/nihat-dogan-kimdir-nerelidir.jpg","type":"image\/jpeg"}],"author":"admin","twitter_card":"summary_large_image","twitter_misc":{"Verfasst von":"admin","Gesch\u00e4tzte Lesezeit":"3\u00a0Minuten"},"schema":{"@context":"https:\/\/schema.org","@graph":[{"@type":"WebPage","@id":"https:\/\/www.xn--krtler-3ya.com\/de\/wer-ist-nihat-dogan-woher-kommt-er-ist-nihat-dogan-kurdisch.html","url":"https:\/\/www.xn--krtler-3ya.com\/de\/wer-ist-nihat-dogan-woher-kommt-er-ist-nihat-dogan-kurdisch.html","name":"Wer ist Nihat Do\u011fan? Woher kommt er? Ist Nihat Do\u011fan kurdisch? - Mit Liebe gebastelt","isPartOf":{"@id":"https:\/\/www.xn--krtler-3ya.com\/de#website"},"primaryImageOfPage":{"@id":"https:\/\/www.xn--krtler-3ya.com\/de\/wer-ist-nihat-dogan-woher-kommt-er-ist-nihat-dogan-kurdisch.html#primaryimage"},"image":{"@id":"https:\/\/www.xn--krtler-3ya.com\/de\/wer-ist-nihat-dogan-woher-kommt-er-ist-nihat-dogan-kurdisch.html#primaryimage"},"thumbnailUrl":"https:\/\/www.xn--krtler-3ya.com\/wp-content\/uploads\/2021\/02\/nihat-dogan-kimdir-nerelidir.jpg","datePublished":"2021-02-06T03:21:38+00:00","dateModified":"2021-02-06T03:21:38+00:00","author":{"@id":"https:\/\/www.xn--krtler-3ya.com\/de#\/schema\/person\/6bcd5bbe2e1493cacc77180c1bd84881"},"description":"Wer ist Nihat Do\u011fan? Woher kommt er? Ist Nihat Do\u011fan kurdisch? Informationen \u00fcber Nihat Do\u011fan...Viele Dinge \u00fcber Nihat Do\u011fan, der es geschafft hat, von Zeit zu Zeit auf die Tagesordnung zu kommen","breadcrumb":{"@id":"https:\/\/www.xn--krtler-3ya.com\/de\/wer-ist-nihat-dogan-woher-kommt-er-ist-nihat-dogan-kurdisch.html#breadcrumb"},"inLanguage":"de","potentialAction":[{"@type":"ReadAction","target":["https:\/\/www.xn--krtler-3ya.com\/de\/wer-ist-nihat-dogan-woher-kommt-er-ist-nihat-dogan-kurdisch.html"]}]},{"@type":"ImageObject","inLanguage":"de","@id":"https:\/\/www.xn--krtler-3ya.com\/de\/wer-ist-nihat-dogan-woher-kommt-er-ist-nihat-dogan-kurdisch.html#primaryimage","url":"https:\/\/www.xn--krtler-3ya.com\/wp-content\/uploads\/2021\/02\/nihat-dogan-kimdir-nerelidir.jpg","contentUrl":"https:\/\/www.xn--krtler-3ya.com\/wp-content\/uploads\/2021\/02\/nihat-dogan-kimdir-nerelidir.jpg","width":650,"height":339},{"@type":"BreadcrumbList","@id":"https:\/\/www.xn--krtler-3ya.com\/de\/wer-ist-nihat-dogan-woher-kommt-er-ist-nihat-dogan-kurdisch.html#breadcrumb","itemListElement":[{"@type":"ListItem","position":1,"name":"Startseite","item":"https:\/\/www.xn--krtler-3ya.com\/de"},{"@type":"ListItem","position":2,"name":"Wer ist Nihat Do\u011fan? Woher kommt er? Ist Nihat Do\u011fan kurdisch?"}]},{"@type":"WebSite","@id":"https:\/\/www.xn--krtler-3ya.com\/de#website","url":"https:\/\/www.xn--krtler-3ya.com\/de","name":"k\u00fcrtler","description":"","potentialAction":[{"@type":"SearchAction","target":{"@type":"EntryPoint","urlTemplate":"https:\/\/www.xn--krtler-3ya.com\/de?s={search_term_string}"},"query-input":{"@type":"PropertyValueSpecification","valueRequired":true,"valueName":"search_term_string"}}],"inLanguage":"de"},{"@type":"Person","@id":"https:\/\/www.xn--krtler-3ya.com\/de#\/schema\/person\/6bcd5bbe2e1493cacc77180c1bd84881","name":"admin","image":{"@type":"ImageObject","inLanguage":"de","@id":"https:\/\/www.xn--krtler-3ya.com\/de#\/schema\/person\/image\/","url":"https:\/\/www.xn--krtler-3ya.com\/wp-content\/litespeed\/avatar\/de8faab9da60e77876a3fba9edd82f20.jpg?ver=1776826433","contentUrl":"https:\/\/www.xn--krtler-3ya.com\/wp-content\/litespeed\/avatar\/de8faab9da60e77876a3fba9edd82f20.jpg?ver=1776826433","caption":"admin"},"sameAs":["https:\/\/kora24.de"],"url":"https:\/\/www.xn--krtler-3ya.com\/de\/author\/youssef"}]}},"amp_enabled":true,"_links":{"self":[{"href":"https:\/\/www.xn--krtler-3ya.com\/de\/wp-json\/wp\/v2\/posts\/29544","targetHints":{"allow":["GET"]}}],"collection":[{"href":"https:\/\/www.xn--krtler-3ya.com\/de\/wp-json\/wp\/v2\/posts"}],"about":[{"href":"https:\/\/www.xn--krtler-3ya.com\/de\/wp-json\/wp\/v2\/types\/post"}],"author":[{"embeddable":true,"href":"https:\/\/www.xn--krtler-3ya.com\/de\/wp-json\/wp\/v2\/users\/1"}],"replies":[{"embeddable":true,"href":"https:\/\/www.xn--krtler-3ya.com\/de\/wp-json\/wp\/v2\/comments?post=29544"}],"version-history":[{"count":0,"href":"https:\/\/www.xn--krtler-3ya.com\/de\/wp-json\/wp\/v2\/posts\/29544\/revisions"}],"wp:featuredmedia":[{"embeddable":true,"href":"https:\/\/www.xn--krtler-3ya.com\/de\/wp-json\/wp\/v2\/media\/27506"}],"wp:attachment":[{"href":"https:\/\/www.xn--krtler-3ya.com\/de\/wp-json\/wp\/v2\/media?parent=29544"}],"wp:term":[{"taxonomy":"category","embeddable":true,"href":"https:\/\/www.xn--krtler-3ya.com\/de\/wp-json\/wp\/v2\/categories?post=29544"},{"taxonomy":"post_tag","embeddable":true,"href":"https:\/\/www.xn--krtler-3ya.com\/de\/wp-json\/wp\/v2\/tags?post=29544"}],"curies":[{"name":"wp","href":"https:\/\/api.w.org\/{rel}","templated":true}]}}