{"id":29588,"date":"2021-03-06T17:24:49","date_gmt":"2021-03-06T17:24:49","guid":{"rendered":"https:\/\/www.xn--krtler-3ya.com\/wer-ist-hozan-aydin-woher-kommt-er.html"},"modified":"2021-03-06T17:24:49","modified_gmt":"2021-03-06T17:24:49","slug":"wer-ist-hozan-aydin-woher-kommt-er","status":"publish","type":"post","link":"https:\/\/www.xn--krtler-3ya.com\/de\/wer-ist-hozan-aydin-woher-kommt-er.html","title":{"rendered":"Wer ist Hozan Aydin? Woher kommt er?"},"content":{"rendered":"<p><strong>Wer ist Hozan Ayd\u0131n<\/strong>, einer der unersetzlichen K\u00fcnstler in der <strong>kurdischen<\/strong> Musik, <strong>wo ist sein Leben und seine Biographie<\/strong><\/p>\n<h2><span style=\"font-size: 14pt; color: #800000;\"><strong><span style=\"font-family: 'arial black', sans-serif;\">Woher kommt Hozan Aydin?<\/span><\/strong><\/span><\/h2>\n<p><strong>Hozan Ayd\u0131n<\/strong> wurde 1962 im Dorf <strong>Xindeqa<\/strong> im Bezirk <strong>Tekman<\/strong> in <strong>Erzurum<\/strong> geboren und lebt derzeit <strong>in Berlin<\/strong>, der Hauptstadt <strong>Deutschlands<\/strong>. <strong>Hozan Ayd\u0131n<\/strong> ist 60 Jahre alt.<\/p>\n<h2><span style=\"font-family: 'arial black', sans-serif; font-size: 14pt; color: #800000;\"><strong>Hozan Aydin Leben<\/strong><\/span><\/h2>\n<p><strong>Hozan Ayd\u0131n<\/strong> interessiert sich seit seinem 7. Lebensjahr f\u00fcr Musik und hat gro\u00dfe Erfolge erzielt. <strong>Hozan Ayd\u0131n<\/strong> sang bei verschiedenen Aktivit\u00e4ten in der Grundschule Lieder und als seine sch\u00f6ne Stimme von seinen Lehrern bemerkt wurde, wurde ihm geraten, in diesem Bereich zu arbeiten. Nach <strong>Hozan Ayd\u0131ns<\/strong> eigener Aussage: &#8222;Mein Grundschullehrer war Dursun \u00c7elik. Eines Tages kam mein Lehrer zu uns nach Hause. Er sagte zu meinem Vater: &#8222;Komm und \u00fcbergib mir dieses Kind, ich werde ihn mit nach Ankara nehmen und ihn an eine Musikschule geben und ich glaube, dass er ein sehr guter K\u00fcnstler werden wird.&#8220; Das Angebot wurde gemacht, aber <strong>Hozan Ayd\u0131ns<\/strong> Vater erkl\u00e4rte, dass er es nicht zulie\u00df. <strong>Hozan Ayd\u0131n<\/strong> trat 1987 in Istanbul mit einem t\u00fcrkischen Album erstmals in die Welt der Musik ein, doch die Ver\u00f6ffentlichung des Albums wurde verhindert, obwohl es auf T\u00fcrkisch war. 1990 arbeitete Ayd\u0131n im Bezirk <strong>Tekman<\/strong> und gr\u00fcndete einen Musikchor mit 57 Personen. Aufgrund des Drucks in der T\u00fcrkei musste <strong>Hozan Ayd\u0131n<\/strong> Anfang 1992 nach <strong>Europa<\/strong>gehen. Nachdem er nach<strong>Deutschland<\/strong> gegangen war, setzte <strong>Ayd\u0131n<\/strong> sein musikalisches Leben unter dem Namen Koma Xebat und sp\u00e4ter Koma Hel\u00eem Dener fort.<\/p>\n<p><img loading=\"lazy\" decoding=\"async\" class=\"size-full wp-image-13298 aligncenter\" src=\"https:\/\/www.xn--krtler-3ya.com\/wp-content\/uploads\/2021\/03\/hozan-aydin-kiye.jpg\" alt=\"hozan ayd\u0131n Leben\" width=\"550\" height=\"550\"><\/p>\n<p><strong>Meist geh\u00f6rte Lieder<\/strong><\/p>\n<p><strong>M\u00eer\u00ea Min<\/strong><br \/>\n<strong><span style=\"color: #0000ff;\"><a style=\"color: #0000ff;\" href=\"https:\/\/www.xn--krtler-3ya.com\/hozan-aydin-lori-kurtce-ve-turkce-sarki-sozleri.html\" target=\"_blank\" rel=\"noopener\">Lori<\/a><\/span><\/strong><br \/>\n<strong><span style=\"color: #0000ff;\"><a style=\"color: #0000ff;\" href=\"https:\/\/www.xn--krtler-3ya.com\/servet-tunc-esmer-turkce-sozleri.html\" target=\"_blank\" rel=\"noopener\">Br\u00fcnett<\/a><\/span><\/strong><br \/>\n<strong><span style=\"color: #0000ff;\"><a style=\"color: #0000ff;\" href=\"https:\/\/www.xn--krtler-3ya.com\/dilo-ez-bimrim-turkce-sozleri-hozan-aydin-mem-ararat-jehrmar-rojbin-kizil.html\" target=\"_blank\" rel=\"noopener\">Dilo Ez B\u0131mr\u0131m<\/a><br \/>\n<\/span><\/strong><strong>Pe Nikarim (Biborine<\/strong><\/p>\n<p><span style=\"font-size: 12pt; color: #800000;\"><strong><span style=\"font-family: 'arial black', sans-serif;\">Alben<\/span><\/strong><\/span><\/p>\n<p>Internationales Konzert 1994 \u015eevb\u00earka Dengb\u00eajan1 2001 B\u00eaje 2002 Stran\u00ean Dile Me-Bilez 2003 \u015eevb\u00earka Dengb\u00eajan -2 2005 Stran J\u00eeyane1-Bav\u00ea Min 2006 Stran J\u00eeyane2-Vej\u00een 2008<\/p>\n<h4><span style=\"font-size: 14pt; color: #800000;\"><strong><span style=\"font-family: 'arial black', sans-serif;\">Hozan Aydin Soziale Medien Konten<\/span><\/strong><\/span><\/h4>\n<p><span style=\"color: #0000ff;\"><strong><a style=\"color: #0000ff;\" href=\"https:\/\/www.facebook.com\/hozanaydinofficial\" target=\"_blank\" rel=\"noopener\">Facebook<\/a><\/strong><\/span><br \/>\n<span style=\"color: #0000ff;\"><strong><a style=\"color: #0000ff;\" href=\"https:\/\/www.youtube.com\/channel\/UCdk8bl0vwBFi1YIk2tG-6dA\" target=\"_blank\" rel=\"noopener\">Youtube<\/a><\/strong><\/span><br \/>\n<span style=\"color: #0000ff;\"><strong><a style=\"color: #0000ff;\" href=\"https:\/\/twitter.com\/stranjiyane\" target=\"_blank\" rel=\"noopener\">Twitter<\/a><\/strong><\/span><br \/>\n<span style=\"color: #0000ff;\"><strong><a style=\"color: #0000ff;\" href=\"https:\/\/www.instagram.com\/hozanaydin\/\" target=\"_blank\" rel=\"noopener\">Instagram<\/a><\/strong><\/span><\/p>\n","protected":false},"excerpt":{"rendered":"<p>Wer ist Hozan Ayd\u0131n, einer der unersetzlichen K\u00fcnstler in der kurdischen Musik, wo ist sein Leben und seine Biographie Woher kommt Hozan Aydin? Hozan Ayd\u0131n wurde 1962 im Dorf Xindeqa im Bezirk Tekman in Erzurum geboren und lebt derzeit in Berlin, der Hauptstadt Deutschlands. Hozan Ayd\u0131n ist 60 Jahre alt. Hozan Aydin Leben Hozan Ayd\u0131n &hellip;<\/p>\n","protected":false},"author":1,"featured_media":27747,"comment_status":"open","ping_status":"closed","sticky":false,"template":"","format":"standard","meta":{"footnotes":""},"categories":[6187],"tags":[7486,7485,7487],"class_list":["post-29588","post","type-post","status-publish","format-standard","has-post-thumbnail","hentry","category-biographie","tag-wer-ist-hozan-aydin","tag-wie-alt-ist-hozan-aydin","tag-woher-kommt-hozan-aydin"],"yoast_head":"<!-- This site is optimized with the Yoast SEO plugin v23.7 - https:\/\/yoast.com\/wordpress\/plugins\/seo\/ -->\n<title>Wer ist Hozan Aydin? Woher kommt er? - Mit Liebe gebastelt<\/title>\n<meta name=\"robots\" content=\"index, follow, max-snippet:-1, max-image-preview:large, max-video-preview:-1\" \/>\n<link rel=\"canonical\" href=\"https:\/\/www.xn--krtler-3ya.com\/de\/wer-ist-hozan-aydin-woher-kommt-er.html\" \/>\n<meta property=\"og:locale\" content=\"de_DE\" \/>\n<meta property=\"og:type\" content=\"article\" \/>\n<meta property=\"og:title\" content=\"Wer ist Hozan Aydin? Woher kommt er? - Mit Liebe gebastelt\" \/>\n<meta property=\"og:description\" content=\"Wer ist Hozan Ayd\u0131n, einer der unersetzlichen K\u00fcnstler in der kurdischen Musik, wo ist sein Leben und seine Biographie Woher kommt Hozan Aydin? Hozan Ayd\u0131n wurde 1962 im Dorf Xindeqa im Bezirk Tekman in Erzurum geboren und lebt derzeit in Berlin, der Hauptstadt Deutschlands. Hozan Ayd\u0131n ist 60 Jahre alt. Hozan Aydin Leben Hozan Ayd\u0131n &hellip;\" \/>\n<meta property=\"og:url\" content=\"https:\/\/www.xn--krtler-3ya.com\/de\/wer-ist-hozan-aydin-woher-kommt-er.html\" \/>\n<meta property=\"og:site_name\" content=\"Mit Liebe gebastelt\" \/>\n<meta property=\"article:published_time\" content=\"2021-03-06T17:24:49+00:00\" \/>\n<meta property=\"og:image\" content=\"https:\/\/www.xn--krtler-3ya.com\/wp-content\/uploads\/2021\/03\/hozan-aydin-kimdir-nereli.jpg\" \/>\n\t<meta property=\"og:image:width\" content=\"650\" \/>\n\t<meta property=\"og:image:height\" content=\"366\" \/>\n\t<meta property=\"og:image:type\" content=\"image\/jpeg\" \/>\n<meta name=\"author\" content=\"admin\" \/>\n<meta name=\"twitter:card\" content=\"summary_large_image\" \/>\n<meta name=\"twitter:label1\" content=\"Verfasst von\" \/>\n\t<meta name=\"twitter:data1\" content=\"admin\" \/>\n\t<meta name=\"twitter:label2\" content=\"Gesch\u00e4tzte Lesezeit\" \/>\n\t<meta name=\"twitter:data2\" content=\"2\u00a0Minuten\" \/>\n<script type=\"application\/ld+json\" class=\"yoast-schema-graph\">{\"@context\":\"https:\/\/schema.org\",\"@graph\":[{\"@type\":\"WebPage\",\"@id\":\"https:\/\/www.xn--krtler-3ya.com\/de\/wer-ist-hozan-aydin-woher-kommt-er.html\",\"url\":\"https:\/\/www.xn--krtler-3ya.com\/de\/wer-ist-hozan-aydin-woher-kommt-er.html\",\"name\":\"Wer ist Hozan Aydin? Woher kommt er? - Mit Liebe gebastelt\",\"isPartOf\":{\"@id\":\"https:\/\/www.xn--krtler-3ya.com\/de#website\"},\"primaryImageOfPage\":{\"@id\":\"https:\/\/www.xn--krtler-3ya.com\/de\/wer-ist-hozan-aydin-woher-kommt-er.html#primaryimage\"},\"image\":{\"@id\":\"https:\/\/www.xn--krtler-3ya.com\/de\/wer-ist-hozan-aydin-woher-kommt-er.html#primaryimage\"},\"thumbnailUrl\":\"https:\/\/www.xn--krtler-3ya.com\/wp-content\/uploads\/2021\/03\/hozan-aydin-kimdir-nereli.jpg\",\"datePublished\":\"2021-03-06T17:24:49+00:00\",\"dateModified\":\"2021-03-06T17:24:49+00:00\",\"author\":{\"@id\":\"https:\/\/www.xn--krtler-3ya.com\/de#\/schema\/person\/6bcd5bbe2e1493cacc77180c1bd84881\"},\"breadcrumb\":{\"@id\":\"https:\/\/www.xn--krtler-3ya.com\/de\/wer-ist-hozan-aydin-woher-kommt-er.html#breadcrumb\"},\"inLanguage\":\"de\",\"potentialAction\":[{\"@type\":\"ReadAction\",\"target\":[\"https:\/\/www.xn--krtler-3ya.com\/de\/wer-ist-hozan-aydin-woher-kommt-er.html\"]}]},{\"@type\":\"ImageObject\",\"inLanguage\":\"de\",\"@id\":\"https:\/\/www.xn--krtler-3ya.com\/de\/wer-ist-hozan-aydin-woher-kommt-er.html#primaryimage\",\"url\":\"https:\/\/www.xn--krtler-3ya.com\/wp-content\/uploads\/2021\/03\/hozan-aydin-kimdir-nereli.jpg\",\"contentUrl\":\"https:\/\/www.xn--krtler-3ya.com\/wp-content\/uploads\/2021\/03\/hozan-aydin-kimdir-nereli.jpg\",\"width\":650,\"height\":366},{\"@type\":\"BreadcrumbList\",\"@id\":\"https:\/\/www.xn--krtler-3ya.com\/de\/wer-ist-hozan-aydin-woher-kommt-er.html#breadcrumb\",\"itemListElement\":[{\"@type\":\"ListItem\",\"position\":1,\"name\":\"Startseite\",\"item\":\"https:\/\/www.xn--krtler-3ya.com\/de\"},{\"@type\":\"ListItem\",\"position\":2,\"name\":\"Wer ist Hozan Aydin? Woher kommt er?\"}]},{\"@type\":\"WebSite\",\"@id\":\"https:\/\/www.xn--krtler-3ya.com\/de#website\",\"url\":\"https:\/\/www.xn--krtler-3ya.com\/de\",\"name\":\"k\u00fcrtler\",\"description\":\"\",\"potentialAction\":[{\"@type\":\"SearchAction\",\"target\":{\"@type\":\"EntryPoint\",\"urlTemplate\":\"https:\/\/www.xn--krtler-3ya.com\/de?s={search_term_string}\"},\"query-input\":{\"@type\":\"PropertyValueSpecification\",\"valueRequired\":true,\"valueName\":\"search_term_string\"}}],\"inLanguage\":\"de\"},{\"@type\":\"Person\",\"@id\":\"https:\/\/www.xn--krtler-3ya.com\/de#\/schema\/person\/6bcd5bbe2e1493cacc77180c1bd84881\",\"name\":\"admin\",\"image\":{\"@type\":\"ImageObject\",\"inLanguage\":\"de\",\"@id\":\"https:\/\/www.xn--krtler-3ya.com\/de#\/schema\/person\/image\/\",\"url\":\"https:\/\/www.xn--krtler-3ya.com\/wp-content\/litespeed\/avatar\/de8faab9da60e77876a3fba9edd82f20.jpg?ver=1776826433\",\"contentUrl\":\"https:\/\/www.xn--krtler-3ya.com\/wp-content\/litespeed\/avatar\/de8faab9da60e77876a3fba9edd82f20.jpg?ver=1776826433\",\"caption\":\"admin\"},\"sameAs\":[\"https:\/\/kora24.de\"],\"url\":\"https:\/\/www.xn--krtler-3ya.com\/de\/author\/youssef\"}]}<\/script>\n<!-- \/ Yoast SEO plugin. -->","yoast_head_json":{"title":"Wer ist Hozan Aydin? Woher kommt er? - Mit Liebe gebastelt","robots":{"index":"index","follow":"follow","max-snippet":"max-snippet:-1","max-image-preview":"max-image-preview:large","max-video-preview":"max-video-preview:-1"},"canonical":"https:\/\/www.xn--krtler-3ya.com\/de\/wer-ist-hozan-aydin-woher-kommt-er.html","og_locale":"de_DE","og_type":"article","og_title":"Wer ist Hozan Aydin? Woher kommt er? - Mit Liebe gebastelt","og_description":"Wer ist Hozan Ayd\u0131n, einer der unersetzlichen K\u00fcnstler in der kurdischen Musik, wo ist sein Leben und seine Biographie Woher kommt Hozan Aydin? Hozan Ayd\u0131n wurde 1962 im Dorf Xindeqa im Bezirk Tekman in Erzurum geboren und lebt derzeit in Berlin, der Hauptstadt Deutschlands. Hozan Ayd\u0131n ist 60 Jahre alt. Hozan Aydin Leben Hozan Ayd\u0131n &hellip;","og_url":"https:\/\/www.xn--krtler-3ya.com\/de\/wer-ist-hozan-aydin-woher-kommt-er.html","og_site_name":"Mit Liebe gebastelt","article_published_time":"2021-03-06T17:24:49+00:00","og_image":[{"width":650,"height":366,"url":"https:\/\/www.xn--krtler-3ya.com\/wp-content\/uploads\/2021\/03\/hozan-aydin-kimdir-nereli.jpg","type":"image\/jpeg"}],"author":"admin","twitter_card":"summary_large_image","twitter_misc":{"Verfasst von":"admin","Gesch\u00e4tzte Lesezeit":"2\u00a0Minuten"},"schema":{"@context":"https:\/\/schema.org","@graph":[{"@type":"WebPage","@id":"https:\/\/www.xn--krtler-3ya.com\/de\/wer-ist-hozan-aydin-woher-kommt-er.html","url":"https:\/\/www.xn--krtler-3ya.com\/de\/wer-ist-hozan-aydin-woher-kommt-er.html","name":"Wer ist Hozan Aydin? Woher kommt er? - Mit Liebe gebastelt","isPartOf":{"@id":"https:\/\/www.xn--krtler-3ya.com\/de#website"},"primaryImageOfPage":{"@id":"https:\/\/www.xn--krtler-3ya.com\/de\/wer-ist-hozan-aydin-woher-kommt-er.html#primaryimage"},"image":{"@id":"https:\/\/www.xn--krtler-3ya.com\/de\/wer-ist-hozan-aydin-woher-kommt-er.html#primaryimage"},"thumbnailUrl":"https:\/\/www.xn--krtler-3ya.com\/wp-content\/uploads\/2021\/03\/hozan-aydin-kimdir-nereli.jpg","datePublished":"2021-03-06T17:24:49+00:00","dateModified":"2021-03-06T17:24:49+00:00","author":{"@id":"https:\/\/www.xn--krtler-3ya.com\/de#\/schema\/person\/6bcd5bbe2e1493cacc77180c1bd84881"},"breadcrumb":{"@id":"https:\/\/www.xn--krtler-3ya.com\/de\/wer-ist-hozan-aydin-woher-kommt-er.html#breadcrumb"},"inLanguage":"de","potentialAction":[{"@type":"ReadAction","target":["https:\/\/www.xn--krtler-3ya.com\/de\/wer-ist-hozan-aydin-woher-kommt-er.html"]}]},{"@type":"ImageObject","inLanguage":"de","@id":"https:\/\/www.xn--krtler-3ya.com\/de\/wer-ist-hozan-aydin-woher-kommt-er.html#primaryimage","url":"https:\/\/www.xn--krtler-3ya.com\/wp-content\/uploads\/2021\/03\/hozan-aydin-kimdir-nereli.jpg","contentUrl":"https:\/\/www.xn--krtler-3ya.com\/wp-content\/uploads\/2021\/03\/hozan-aydin-kimdir-nereli.jpg","width":650,"height":366},{"@type":"BreadcrumbList","@id":"https:\/\/www.xn--krtler-3ya.com\/de\/wer-ist-hozan-aydin-woher-kommt-er.html#breadcrumb","itemListElement":[{"@type":"ListItem","position":1,"name":"Startseite","item":"https:\/\/www.xn--krtler-3ya.com\/de"},{"@type":"ListItem","position":2,"name":"Wer ist Hozan Aydin? Woher kommt er?"}]},{"@type":"WebSite","@id":"https:\/\/www.xn--krtler-3ya.com\/de#website","url":"https:\/\/www.xn--krtler-3ya.com\/de","name":"k\u00fcrtler","description":"","potentialAction":[{"@type":"SearchAction","target":{"@type":"EntryPoint","urlTemplate":"https:\/\/www.xn--krtler-3ya.com\/de?s={search_term_string}"},"query-input":{"@type":"PropertyValueSpecification","valueRequired":true,"valueName":"search_term_string"}}],"inLanguage":"de"},{"@type":"Person","@id":"https:\/\/www.xn--krtler-3ya.com\/de#\/schema\/person\/6bcd5bbe2e1493cacc77180c1bd84881","name":"admin","image":{"@type":"ImageObject","inLanguage":"de","@id":"https:\/\/www.xn--krtler-3ya.com\/de#\/schema\/person\/image\/","url":"https:\/\/www.xn--krtler-3ya.com\/wp-content\/litespeed\/avatar\/de8faab9da60e77876a3fba9edd82f20.jpg?ver=1776826433","contentUrl":"https:\/\/www.xn--krtler-3ya.com\/wp-content\/litespeed\/avatar\/de8faab9da60e77876a3fba9edd82f20.jpg?ver=1776826433","caption":"admin"},"sameAs":["https:\/\/kora24.de"],"url":"https:\/\/www.xn--krtler-3ya.com\/de\/author\/youssef"}]}},"amp_enabled":true,"_links":{"self":[{"href":"https:\/\/www.xn--krtler-3ya.com\/de\/wp-json\/wp\/v2\/posts\/29588","targetHints":{"allow":["GET"]}}],"collection":[{"href":"https:\/\/www.xn--krtler-3ya.com\/de\/wp-json\/wp\/v2\/posts"}],"about":[{"href":"https:\/\/www.xn--krtler-3ya.com\/de\/wp-json\/wp\/v2\/types\/post"}],"author":[{"embeddable":true,"href":"https:\/\/www.xn--krtler-3ya.com\/de\/wp-json\/wp\/v2\/users\/1"}],"replies":[{"embeddable":true,"href":"https:\/\/www.xn--krtler-3ya.com\/de\/wp-json\/wp\/v2\/comments?post=29588"}],"version-history":[{"count":0,"href":"https:\/\/www.xn--krtler-3ya.com\/de\/wp-json\/wp\/v2\/posts\/29588\/revisions"}],"wp:featuredmedia":[{"embeddable":true,"href":"https:\/\/www.xn--krtler-3ya.com\/de\/wp-json\/wp\/v2\/media\/27747"}],"wp:attachment":[{"href":"https:\/\/www.xn--krtler-3ya.com\/de\/wp-json\/wp\/v2\/media?parent=29588"}],"wp:term":[{"taxonomy":"category","embeddable":true,"href":"https:\/\/www.xn--krtler-3ya.com\/de\/wp-json\/wp\/v2\/categories?post=29588"},{"taxonomy":"post_tag","embeddable":true,"href":"https:\/\/www.xn--krtler-3ya.com\/de\/wp-json\/wp\/v2\/tags?post=29588"}],"curies":[{"name":"wp","href":"https:\/\/api.w.org\/{rel}","templated":true}]}}