{"id":29622,"date":"2021-04-17T19:28:18","date_gmt":"2021-04-17T19:28:18","guid":{"rendered":"https:\/\/www.xn--krtler-3ya.com\/wer-ist-karapete-xaco-woher-kommt-er.html"},"modified":"2021-04-17T19:28:18","modified_gmt":"2021-04-17T19:28:18","slug":"wer-ist-karapete-xaco-woher-kommt-er","status":"publish","type":"post","link":"https:\/\/www.xn--krtler-3ya.com\/de\/wer-ist-karapete-xaco-woher-kommt-er.html","title":{"rendered":"Wer ist Karapet\u00ea Xa\u00e7o? Woher kommt er?"},"content":{"rendered":"<p><span style=\"font-family: arial, helvetica, sans-serif;\"><strong>Weiser Barde des Ostens: Karapate Xa\u00e7o<br \/>\n<\/strong><\/span><\/p>\n<h2><span style=\"color: #800000;\"><strong><span style=\"font-family: 'arial black', sans-serif;\">Woher kommt Karapet\u00ea Xa\u00e7o?<\/span><\/strong><\/span><\/h2>\n<p><span style=\"font-family: arial, helvetica, sans-serif;\">Obwohl sein Geburtsdatum laut den offiziellen Angaben in seinem Pass als 3. September 1900 angenommen wird, gibt es auch Informationen, dass <strong>Karapate<\/strong> 1903 und 1908 geboren sein k\u00f6nnte.  <\/span><\/p>\n<p><span style=\"font-family: arial, helvetica, sans-serif;\"> <strong> Karapate Xa\u00e7o<\/strong> oder <strong>Gerab\u00eat\u00ea Xa\u00e7o<\/strong> wurde in dem Dorf Bileyder (Binatl\u0131) im Bezirk <strong>Be\u015firi<\/strong> in <strong>Batman<\/strong> geboren<strong>.<\/strong> <\/span><\/p>\n<h2><span style=\"color: #800000;\"><strong><span style=\"font-family: 'arial black', sans-serif;\">Das Leben von Karapet\u00ea Xa\u00e7o<\/span><\/strong><\/span><\/h2>\n<p><span style=\"font-family: arial, helvetica, sans-serif;\"><strong>Ein ungewisser Anfang und ein halbes Jahrhundert der Migration<\/strong><\/span><\/p>\n<p><span style=\"font-family: arial, helvetica, sans-serif;\">So bunt die kulturelle und berufliche Identit\u00e4t von <strong>Karapate Xa\u00e7o<\/strong>auch ist, so unsicher und dunkel ist die erste Periode seines Lebens f\u00fcr ihn. Die Zweideutigkeit von <strong>Karapates<\/strong> Biographie zeigt sich bereits bei der Angabe seines Geburtsjahres. Unabh\u00e4ngig von Karapates Geburtsdatum kann man jedoch sagen, dass er in der Atmosph\u00e4re, die durch die politischen, politischen und milit\u00e4rischen Entwicklungen zu Beginn des 20. Das 20. Jahrhundert, das mit der Ausrufung der konstitutionellen Monarchie und den Balkankriegen begann, setzte sich mit dem Ersten Weltkrieg fort, der tiefere Br\u00fcche mit sich brachte. W\u00e4hrend all diese Ereignisse zu einigen administrativen und sozialen Ver\u00e4nderungen in den \u00f6stlichen Provinzen des Osmanischen Reiches f\u00fchrten, beginnt die eigentliche Geschichte von <strong>Karapate<\/strong> mit der Deportation der Armenier 1915.      <\/span><\/p>\n<p><span style=\"font-family: arial, helvetica, sans-serif;\">Zum Zeitpunkt der Geburt <strong>von Karapate<\/strong> war die betreffende Region als Garzan-Distrikt der Provinz Diyarbak\u0131r bekannt. Der Ort und die Zeit von Karapates Geburt bestimmten also schon zu Beginn seiner Reise sein Schicksal. <\/span><\/p>\n<p><span style=\"font-family: arial, helvetica, sans-serif;\"><strong>Karapate<\/strong>, der zur Zeit der armenischen Deportation noch ein Kind war, wurde mit seiner Schwester und seinem Bruder Zeuge der Ermordung seiner Mutter und seines Vaters vor ihrem Haus. <strong>Karapate<\/strong> \u00fcberlebte mit seinen 3 Geschwistern mit Hilfe eines Soldaten, aber das n\u00e4chste Ereignis, das er \u00fcberwinden musste, war der<strong>&#8222;Scheich Said Aufstand<\/strong>&#8222;, der 1925 in der Gegend von Elaz\u0131\u011f, Bing\u00f6l und Diyarbak\u0131r stattfand. der Prozess, der als &#8222;Migrationsreise&#8220; bezeichnet wird. Nach diesem Vorfall floh <strong>Karapate<\/strong> 1929 mitten in der Nacht nach Syrien, und dies war der Beginn seiner langen Migrationsreise. <strong>Karapate<\/strong> lebte etwa 20 Jahre lang in Qamischli, Heseke und Beirut. Seine Jugend verbrachte er 15 Jahre lang als Soldat in der franz\u00f6sischen Fremdenlegion. Karapates Dienst- und Auswanderungsweg f\u00fchrte ihn zu Yeva, die in Qamishli seine Lebenspartnerin wurde. <strong>Karapate<\/strong>, der aus dieser Ehe 4 T\u00f6chter und 1 Sohn hatte, reiste 1946 mit seiner Frau Yeva und seinem jungen Sohn Serop \u00fcber Batumi nach Armenien, als die Sowjetunion nach dem Ende des Zweiten Weltkriegs beschloss, ihre T\u00fcren f\u00fcr Armenier in der Diaspora zu \u00f6ffnen, und lebte bis zu seinem Lebensende mit seinen Kindern und Enkelkindern in dem Dorf &#8218;Solxoza Tsaran&#8216; (Viertes Solhoz) in Eriwan.     <\/span><\/p>\n<p><span style=\"font-family: arial, helvetica, sans-serif;\"><img loading=\"lazy\" decoding=\"async\" class=\"size-full wp-image-12665 aligncenter\" src=\"https:\/\/www.xn--krtler-3ya.com\/wp-content\/uploads\/2021\/06\/Karapete-Xaco-hayati.jpg\" alt=\"Karapet\u00ea Xa\u00e7o Biographie\" width=\"550\" height=\"550\"><\/span><\/p>\n<h3><span style=\"font-family: 'arial black', sans-serif; color: #800000;\"><strong>M\u00fcndliche \u00dcberbringer des sozialen Ged\u00e4chtnisses<\/strong><\/span><\/h3>\n<p><span style=\"font-family: arial, helvetica, sans-serif;\">Obwohl die ersten 10 Jahre <strong>von Karapate<\/strong> in Eriwan im Vergleich zu den folgenden Jahren relativ dunkel waren, sollte es noch bis 1955 dauern, bis diese neue Migration begann, eine neue Geschichte f\u00fcr sich zu schreiben. 1955 begann der Staatliche Rundfunk von Armenien mit der Ausstrahlung von Sendungen in kurdischer Sprache und erweiterte bald darauf seine Sendepolitik mit prominenten kurdischen Dichtern, Schriftstellern, P\u00e4dagogen, kurdischer Musik, Literatur, Vertretern der m\u00fcndlichen Kultur und Dschegbejs. <strong>Karapate Xa\u00e7o<\/strong> war einer der ersten dengbej-Vertreter des Senders, der von der kurdischen Gemeinschaft mit Interesse verfolgt wurde, insbesondere in Regionen, in denen die kurdische Sprache verboten war. <strong>Karapate<\/strong> Xa\u00e7o war einer der ersten Dengbej-Vertreter des Radios, der von der kurdischen Gemeinschaft mit Interesse verfolgt wurde, vor allem in Regionen, in denen die kurdische Sprache verboten war. <strong>Karapate<\/strong>, der die Ereignisse, die er erlebte und h\u00f6rte, durch Musik erz\u00e4hlte und diese Klams gewisserma\u00dfen als Liebhaber sang, sang sein Leben lang keine anderen Klams als kurdische.    <\/span><\/p>\n<p><span style=\"font-family: arial, helvetica, sans-serif;\"><strong>Karapate<\/strong> hat einen gro\u00dfen Anteil an der \u00dcbertragung der Denbej-Tradition in das 21. <strong>Karapate<\/strong>, einer der wichtigsten Akteure f\u00fcr die Existenz der kurdischen Musik heute, verstarb am 15. Januar 2005 und hinterlie\u00df ein gro\u00dfes Verm\u00e4chtnis als Symbol der kurdischen Melodien.  <\/span><\/p>\n","protected":false},"excerpt":{"rendered":"<p>Weiser Barde des Ostens: Karapate Xa\u00e7o Woher kommt Karapet\u00ea Xa\u00e7o? Obwohl sein Geburtsdatum laut den offiziellen Angaben in seinem Pass als 3. September 1900 angenommen wird, gibt es auch Informationen, dass Karapate 1903 und 1908 geboren sein k\u00f6nnte. Karapate Xa\u00e7o oder Gerab\u00eat\u00ea Xa\u00e7o wurde in dem Dorf Bileyder (Binatl\u0131) im Bezirk Be\u015firi in Batman geboren. &hellip;<\/p>\n","protected":false},"author":1,"featured_media":27642,"comment_status":"open","ping_status":"closed","sticky":false,"template":"","format":"standard","meta":{"footnotes":""},"categories":[6187],"tags":[7610,7613,7611,7614,7612],"class_list":["post-29622","post","type-post","status-publish","format-standard","has-post-thumbnail","hentry","category-biographie","tag-ist-karapete-xaco-armenisch","tag-karapete-xaco-kiye-de","tag-karapete-xaco-leben","tag-karapete-xaco-der","tag-wer-ist-karapete-xaco-life"],"yoast_head":"<!-- This site is optimized with the Yoast SEO plugin v23.7 - https:\/\/yoast.com\/wordpress\/plugins\/seo\/ -->\n<title>Wer ist Karapet\u00ea Xa\u00e7o? Woher kommt er? - Mit Liebe gebastelt<\/title>\n<meta name=\"robots\" content=\"index, follow, max-snippet:-1, max-image-preview:large, max-video-preview:-1\" \/>\n<link rel=\"canonical\" href=\"https:\/\/www.xn--krtler-3ya.com\/de\/wer-ist-karapete-xaco-woher-kommt-er.html\" \/>\n<meta property=\"og:locale\" content=\"de_DE\" \/>\n<meta property=\"og:type\" content=\"article\" \/>\n<meta property=\"og:title\" content=\"Wer ist Karapet\u00ea Xa\u00e7o? Woher kommt er? - Mit Liebe gebastelt\" \/>\n<meta property=\"og:description\" content=\"Weiser Barde des Ostens: Karapate Xa\u00e7o Woher kommt Karapet\u00ea Xa\u00e7o? Obwohl sein Geburtsdatum laut den offiziellen Angaben in seinem Pass als 3. September 1900 angenommen wird, gibt es auch Informationen, dass Karapate 1903 und 1908 geboren sein k\u00f6nnte. Karapate Xa\u00e7o oder Gerab\u00eat\u00ea Xa\u00e7o wurde in dem Dorf Bileyder (Binatl\u0131) im Bezirk Be\u015firi in Batman geboren. &hellip;\" \/>\n<meta property=\"og:url\" content=\"https:\/\/www.xn--krtler-3ya.com\/de\/wer-ist-karapete-xaco-woher-kommt-er.html\" \/>\n<meta property=\"og:site_name\" content=\"Mit Liebe gebastelt\" \/>\n<meta property=\"article:published_time\" content=\"2021-04-17T19:28:18+00:00\" \/>\n<meta property=\"og:image\" content=\"https:\/\/www.xn--krtler-3ya.com\/wp-content\/uploads\/2021\/06\/Karapete-Xaco-kimdir-nereli.jpg\" \/>\n\t<meta property=\"og:image:width\" content=\"640\" \/>\n\t<meta property=\"og:image:height\" content=\"360\" \/>\n\t<meta property=\"og:image:type\" content=\"image\/jpeg\" \/>\n<meta name=\"author\" content=\"admin\" \/>\n<meta name=\"twitter:card\" content=\"summary_large_image\" \/>\n<meta name=\"twitter:label1\" content=\"Verfasst von\" \/>\n\t<meta name=\"twitter:data1\" content=\"admin\" \/>\n\t<meta name=\"twitter:label2\" content=\"Gesch\u00e4tzte Lesezeit\" \/>\n\t<meta name=\"twitter:data2\" content=\"3\u00a0Minuten\" \/>\n<script type=\"application\/ld+json\" class=\"yoast-schema-graph\">{\"@context\":\"https:\/\/schema.org\",\"@graph\":[{\"@type\":\"WebPage\",\"@id\":\"https:\/\/www.xn--krtler-3ya.com\/de\/wer-ist-karapete-xaco-woher-kommt-er.html\",\"url\":\"https:\/\/www.xn--krtler-3ya.com\/de\/wer-ist-karapete-xaco-woher-kommt-er.html\",\"name\":\"Wer ist Karapet\u00ea Xa\u00e7o? Woher kommt er? - Mit Liebe gebastelt\",\"isPartOf\":{\"@id\":\"https:\/\/www.xn--krtler-3ya.com\/de#website\"},\"primaryImageOfPage\":{\"@id\":\"https:\/\/www.xn--krtler-3ya.com\/de\/wer-ist-karapete-xaco-woher-kommt-er.html#primaryimage\"},\"image\":{\"@id\":\"https:\/\/www.xn--krtler-3ya.com\/de\/wer-ist-karapete-xaco-woher-kommt-er.html#primaryimage\"},\"thumbnailUrl\":\"https:\/\/www.xn--krtler-3ya.com\/wp-content\/uploads\/2021\/06\/Karapete-Xaco-kimdir-nereli.jpg\",\"datePublished\":\"2021-04-17T19:28:18+00:00\",\"dateModified\":\"2021-04-17T19:28:18+00:00\",\"author\":{\"@id\":\"https:\/\/www.xn--krtler-3ya.com\/de#\/schema\/person\/6bcd5bbe2e1493cacc77180c1bd84881\"},\"breadcrumb\":{\"@id\":\"https:\/\/www.xn--krtler-3ya.com\/de\/wer-ist-karapete-xaco-woher-kommt-er.html#breadcrumb\"},\"inLanguage\":\"de\",\"potentialAction\":[{\"@type\":\"ReadAction\",\"target\":[\"https:\/\/www.xn--krtler-3ya.com\/de\/wer-ist-karapete-xaco-woher-kommt-er.html\"]}]},{\"@type\":\"ImageObject\",\"inLanguage\":\"de\",\"@id\":\"https:\/\/www.xn--krtler-3ya.com\/de\/wer-ist-karapete-xaco-woher-kommt-er.html#primaryimage\",\"url\":\"https:\/\/www.xn--krtler-3ya.com\/wp-content\/uploads\/2021\/06\/Karapete-Xaco-kimdir-nereli.jpg\",\"contentUrl\":\"https:\/\/www.xn--krtler-3ya.com\/wp-content\/uploads\/2021\/06\/Karapete-Xaco-kimdir-nereli.jpg\",\"width\":640,\"height\":360},{\"@type\":\"BreadcrumbList\",\"@id\":\"https:\/\/www.xn--krtler-3ya.com\/de\/wer-ist-karapete-xaco-woher-kommt-er.html#breadcrumb\",\"itemListElement\":[{\"@type\":\"ListItem\",\"position\":1,\"name\":\"Startseite\",\"item\":\"https:\/\/www.xn--krtler-3ya.com\/de\"},{\"@type\":\"ListItem\",\"position\":2,\"name\":\"Wer ist Karapet\u00ea Xa\u00e7o? Woher kommt er?\"}]},{\"@type\":\"WebSite\",\"@id\":\"https:\/\/www.xn--krtler-3ya.com\/de#website\",\"url\":\"https:\/\/www.xn--krtler-3ya.com\/de\",\"name\":\"k\u00fcrtler\",\"description\":\"\",\"potentialAction\":[{\"@type\":\"SearchAction\",\"target\":{\"@type\":\"EntryPoint\",\"urlTemplate\":\"https:\/\/www.xn--krtler-3ya.com\/de?s={search_term_string}\"},\"query-input\":{\"@type\":\"PropertyValueSpecification\",\"valueRequired\":true,\"valueName\":\"search_term_string\"}}],\"inLanguage\":\"de\"},{\"@type\":\"Person\",\"@id\":\"https:\/\/www.xn--krtler-3ya.com\/de#\/schema\/person\/6bcd5bbe2e1493cacc77180c1bd84881\",\"name\":\"admin\",\"image\":{\"@type\":\"ImageObject\",\"inLanguage\":\"de\",\"@id\":\"https:\/\/www.xn--krtler-3ya.com\/de#\/schema\/person\/image\/\",\"url\":\"https:\/\/www.xn--krtler-3ya.com\/wp-content\/litespeed\/avatar\/de8faab9da60e77876a3fba9edd82f20.jpg?ver=1777431259\",\"contentUrl\":\"https:\/\/www.xn--krtler-3ya.com\/wp-content\/litespeed\/avatar\/de8faab9da60e77876a3fba9edd82f20.jpg?ver=1777431259\",\"caption\":\"admin\"},\"sameAs\":[\"https:\/\/kora24.de\"],\"url\":\"https:\/\/www.xn--krtler-3ya.com\/de\/author\/youssef\"}]}<\/script>\n<!-- \/ Yoast SEO plugin. -->","yoast_head_json":{"title":"Wer ist Karapet\u00ea Xa\u00e7o? Woher kommt er? - Mit Liebe gebastelt","robots":{"index":"index","follow":"follow","max-snippet":"max-snippet:-1","max-image-preview":"max-image-preview:large","max-video-preview":"max-video-preview:-1"},"canonical":"https:\/\/www.xn--krtler-3ya.com\/de\/wer-ist-karapete-xaco-woher-kommt-er.html","og_locale":"de_DE","og_type":"article","og_title":"Wer ist Karapet\u00ea Xa\u00e7o? Woher kommt er? - Mit Liebe gebastelt","og_description":"Weiser Barde des Ostens: Karapate Xa\u00e7o Woher kommt Karapet\u00ea Xa\u00e7o? Obwohl sein Geburtsdatum laut den offiziellen Angaben in seinem Pass als 3. September 1900 angenommen wird, gibt es auch Informationen, dass Karapate 1903 und 1908 geboren sein k\u00f6nnte. Karapate Xa\u00e7o oder Gerab\u00eat\u00ea Xa\u00e7o wurde in dem Dorf Bileyder (Binatl\u0131) im Bezirk Be\u015firi in Batman geboren. &hellip;","og_url":"https:\/\/www.xn--krtler-3ya.com\/de\/wer-ist-karapete-xaco-woher-kommt-er.html","og_site_name":"Mit Liebe gebastelt","article_published_time":"2021-04-17T19:28:18+00:00","og_image":[{"width":640,"height":360,"url":"https:\/\/www.xn--krtler-3ya.com\/wp-content\/uploads\/2021\/06\/Karapete-Xaco-kimdir-nereli.jpg","type":"image\/jpeg"}],"author":"admin","twitter_card":"summary_large_image","twitter_misc":{"Verfasst von":"admin","Gesch\u00e4tzte Lesezeit":"3\u00a0Minuten"},"schema":{"@context":"https:\/\/schema.org","@graph":[{"@type":"WebPage","@id":"https:\/\/www.xn--krtler-3ya.com\/de\/wer-ist-karapete-xaco-woher-kommt-er.html","url":"https:\/\/www.xn--krtler-3ya.com\/de\/wer-ist-karapete-xaco-woher-kommt-er.html","name":"Wer ist Karapet\u00ea Xa\u00e7o? Woher kommt er? - Mit Liebe gebastelt","isPartOf":{"@id":"https:\/\/www.xn--krtler-3ya.com\/de#website"},"primaryImageOfPage":{"@id":"https:\/\/www.xn--krtler-3ya.com\/de\/wer-ist-karapete-xaco-woher-kommt-er.html#primaryimage"},"image":{"@id":"https:\/\/www.xn--krtler-3ya.com\/de\/wer-ist-karapete-xaco-woher-kommt-er.html#primaryimage"},"thumbnailUrl":"https:\/\/www.xn--krtler-3ya.com\/wp-content\/uploads\/2021\/06\/Karapete-Xaco-kimdir-nereli.jpg","datePublished":"2021-04-17T19:28:18+00:00","dateModified":"2021-04-17T19:28:18+00:00","author":{"@id":"https:\/\/www.xn--krtler-3ya.com\/de#\/schema\/person\/6bcd5bbe2e1493cacc77180c1bd84881"},"breadcrumb":{"@id":"https:\/\/www.xn--krtler-3ya.com\/de\/wer-ist-karapete-xaco-woher-kommt-er.html#breadcrumb"},"inLanguage":"de","potentialAction":[{"@type":"ReadAction","target":["https:\/\/www.xn--krtler-3ya.com\/de\/wer-ist-karapete-xaco-woher-kommt-er.html"]}]},{"@type":"ImageObject","inLanguage":"de","@id":"https:\/\/www.xn--krtler-3ya.com\/de\/wer-ist-karapete-xaco-woher-kommt-er.html#primaryimage","url":"https:\/\/www.xn--krtler-3ya.com\/wp-content\/uploads\/2021\/06\/Karapete-Xaco-kimdir-nereli.jpg","contentUrl":"https:\/\/www.xn--krtler-3ya.com\/wp-content\/uploads\/2021\/06\/Karapete-Xaco-kimdir-nereli.jpg","width":640,"height":360},{"@type":"BreadcrumbList","@id":"https:\/\/www.xn--krtler-3ya.com\/de\/wer-ist-karapete-xaco-woher-kommt-er.html#breadcrumb","itemListElement":[{"@type":"ListItem","position":1,"name":"Startseite","item":"https:\/\/www.xn--krtler-3ya.com\/de"},{"@type":"ListItem","position":2,"name":"Wer ist Karapet\u00ea Xa\u00e7o? Woher kommt er?"}]},{"@type":"WebSite","@id":"https:\/\/www.xn--krtler-3ya.com\/de#website","url":"https:\/\/www.xn--krtler-3ya.com\/de","name":"k\u00fcrtler","description":"","potentialAction":[{"@type":"SearchAction","target":{"@type":"EntryPoint","urlTemplate":"https:\/\/www.xn--krtler-3ya.com\/de?s={search_term_string}"},"query-input":{"@type":"PropertyValueSpecification","valueRequired":true,"valueName":"search_term_string"}}],"inLanguage":"de"},{"@type":"Person","@id":"https:\/\/www.xn--krtler-3ya.com\/de#\/schema\/person\/6bcd5bbe2e1493cacc77180c1bd84881","name":"admin","image":{"@type":"ImageObject","inLanguage":"de","@id":"https:\/\/www.xn--krtler-3ya.com\/de#\/schema\/person\/image\/","url":"https:\/\/www.xn--krtler-3ya.com\/wp-content\/litespeed\/avatar\/de8faab9da60e77876a3fba9edd82f20.jpg?ver=1777431259","contentUrl":"https:\/\/www.xn--krtler-3ya.com\/wp-content\/litespeed\/avatar\/de8faab9da60e77876a3fba9edd82f20.jpg?ver=1777431259","caption":"admin"},"sameAs":["https:\/\/kora24.de"],"url":"https:\/\/www.xn--krtler-3ya.com\/de\/author\/youssef"}]}},"amp_enabled":true,"_links":{"self":[{"href":"https:\/\/www.xn--krtler-3ya.com\/de\/wp-json\/wp\/v2\/posts\/29622","targetHints":{"allow":["GET"]}}],"collection":[{"href":"https:\/\/www.xn--krtler-3ya.com\/de\/wp-json\/wp\/v2\/posts"}],"about":[{"href":"https:\/\/www.xn--krtler-3ya.com\/de\/wp-json\/wp\/v2\/types\/post"}],"author":[{"embeddable":true,"href":"https:\/\/www.xn--krtler-3ya.com\/de\/wp-json\/wp\/v2\/users\/1"}],"replies":[{"embeddable":true,"href":"https:\/\/www.xn--krtler-3ya.com\/de\/wp-json\/wp\/v2\/comments?post=29622"}],"version-history":[{"count":0,"href":"https:\/\/www.xn--krtler-3ya.com\/de\/wp-json\/wp\/v2\/posts\/29622\/revisions"}],"wp:featuredmedia":[{"embeddable":true,"href":"https:\/\/www.xn--krtler-3ya.com\/de\/wp-json\/wp\/v2\/media\/27642"}],"wp:attachment":[{"href":"https:\/\/www.xn--krtler-3ya.com\/de\/wp-json\/wp\/v2\/media?parent=29622"}],"wp:term":[{"taxonomy":"category","embeddable":true,"href":"https:\/\/www.xn--krtler-3ya.com\/de\/wp-json\/wp\/v2\/categories?post=29622"},{"taxonomy":"post_tag","embeddable":true,"href":"https:\/\/www.xn--krtler-3ya.com\/de\/wp-json\/wp\/v2\/tags?post=29622"}],"curies":[{"name":"wp","href":"https:\/\/api.w.org\/{rel}","templated":true}]}}