{"id":29686,"date":"2020-07-13T22:38:06","date_gmt":"2020-07-13T22:38:06","guid":{"rendered":"https:\/\/www.xn--krtler-3ya.com\/kurden-von-istanbul.html"},"modified":"2020-07-13T22:38:06","modified_gmt":"2020-07-13T22:38:06","slug":"kurden-von-istanbul","status":"publish","type":"post","link":"https:\/\/www.xn--krtler-3ya.com\/de\/kurden-von-istanbul.html","title":{"rendered":"Kurden von Istanbul"},"content":{"rendered":"<p>Es gibt eine dichte <strong>kurdische<\/strong> Bev\u00f6lkerung <strong>in Istanbul<\/strong><strong>.<\/strong> Die meisten der<strong>in Istanbul<\/strong> lebenden <strong>Kurden<\/strong> sind aufgrund der Konflikte in der <strong>kurdischen<\/strong> Geographie in den 90er Jahren, <a rel=\"dofollow\" href=\"http:\/\/avcilarpapim.net\/\" title=\"Avc\u0131lar Begleitpersonen\">Avc\u0131lar Eskorte<\/a> und aus wirtschaftlichen Gr\u00fcnden ausgewandert.<\/p>\n<h2><span style=\"color: #ff0000;\">Wie hoch ist der kurdische Bev\u00f6lkerungsanteil in Istanbul?<\/span><\/h2>\n<p><strong>Die kurdische Bev\u00f6lkerung in Istanbul<\/strong> bel\u00e4uft sich auf etwa <strong>2 Millionen <a rel=\"dofollow\" href=\"http:\/\/avrupayakasipapim.net\/\" title=\"Europ\u00e4ische Begleitpersonen\">Europ\u00e4er<\/a><\/strong>, was 13 Prozent <strong>der Bev\u00f6lkerung Istanbuls<\/strong> entspricht.<\/p>\n<h2><strong><span style=\"color: #ff0000;\">Stadtteile mit kurdischer Nachbarschaft in Istanbul<\/span><\/strong><\/h2>\n<p>Ba\u011fc\u0131lar Esenyurt Avc\u0131lar Ba\u015fak\u015fehir Zeytinburnu K\u00fc\u00e7\u00fck\u00e7ekmece Ata\u015fehir Bak\u0131rk\u00f6y Gaziosmanpa\u015fa Sancaktepe Sultangazi Die 5 kurdischen <a rel=\"dofollow\" href=\"http:\/\/bahcelievlerpapim.net\/\" title=\"Bahcelievler Eskorte\">Bah\u00e7elievler Begleitprovinzen<\/a> mit der h\u00f6chsten Einwanderung nach Istanbul sind <strong>Diyarbak\u0131r, Siirt, Erzurum, Van, Mardin<\/strong>.<\/p>\n","protected":false},"excerpt":{"rendered":"<p>Es gibt eine dichte kurdische Bev\u00f6lkerung in Istanbul. Die meisten derin Istanbul lebenden Kurden sind aufgrund der Konflikte in der kurdischen Geographie in den 90er Jahren, Avc\u0131lar Eskorte und aus wirtschaftlichen Gr\u00fcnden ausgewandert. Wie hoch ist der kurdische Bev\u00f6lkerungsanteil in Istanbul? Die kurdische Bev\u00f6lkerung in Istanbul bel\u00e4uft sich auf etwa 2 Millionen Europ\u00e4er, was 13 &hellip;<\/p>\n","protected":false},"author":1,"featured_media":27394,"comment_status":"open","ping_status":"closed","sticky":false,"template":"","format":"standard","meta":{"footnotes":""},"categories":[6050],"tags":[7881,7880,7882],"class_list":["post-29686","post","type-post","status-publish","format-standard","has-post-thumbnail","hentry","category-kurdische-geschichte","tag-istanbul-kurdische-bevoelkerung","tag-istanbul-kurdische-viertel","tag-kurdische-viertel-in-istanbul"],"yoast_head":"<!-- This site is optimized with the Yoast SEO plugin v23.7 - https:\/\/yoast.com\/wordpress\/plugins\/seo\/ -->\n<title>Kurden von Istanbul - Mit Liebe gebastelt<\/title>\n<meta name=\"robots\" content=\"index, follow, max-snippet:-1, max-image-preview:large, max-video-preview:-1\" \/>\n<link rel=\"canonical\" href=\"https:\/\/www.xn--krtler-3ya.com\/de\/kurden-von-istanbul.html\" \/>\n<meta property=\"og:locale\" content=\"de_DE\" \/>\n<meta property=\"og:type\" content=\"article\" \/>\n<meta property=\"og:title\" content=\"Kurden von Istanbul - Mit Liebe gebastelt\" \/>\n<meta property=\"og:description\" content=\"Es gibt eine dichte kurdische Bev\u00f6lkerung in Istanbul. Die meisten derin Istanbul lebenden Kurden sind aufgrund der Konflikte in der kurdischen Geographie in den 90er Jahren, Avc\u0131lar Eskorte und aus wirtschaftlichen Gr\u00fcnden ausgewandert. Wie hoch ist der kurdische Bev\u00f6lkerungsanteil in Istanbul? Die kurdische Bev\u00f6lkerung in Istanbul bel\u00e4uft sich auf etwa 2 Millionen Europ\u00e4er, was 13 &hellip;\" \/>\n<meta property=\"og:url\" content=\"https:\/\/www.xn--krtler-3ya.com\/de\/kurden-von-istanbul.html\" \/>\n<meta property=\"og:site_name\" content=\"Mit Liebe gebastelt\" \/>\n<meta property=\"article:published_time\" content=\"2020-07-13T22:38:06+00:00\" \/>\n<meta property=\"og:image\" content=\"https:\/\/www.xn--krtler-3ya.com\/wp-content\/uploads\/2020\/07\/istanbul-kurtleri.jpg\" \/>\n\t<meta property=\"og:image:width\" content=\"650\" \/>\n\t<meta property=\"og:image:height\" content=\"384\" \/>\n\t<meta property=\"og:image:type\" content=\"image\/jpeg\" \/>\n<meta name=\"author\" content=\"admin\" \/>\n<meta name=\"twitter:card\" content=\"summary_large_image\" \/>\n<meta name=\"twitter:label1\" content=\"Verfasst von\" \/>\n\t<meta name=\"twitter:data1\" content=\"admin\" \/>\n\t<meta name=\"twitter:label2\" content=\"Gesch\u00e4tzte Lesezeit\" \/>\n\t<meta name=\"twitter:data2\" content=\"1\u00a0Minute\" \/>\n<script type=\"application\/ld+json\" class=\"yoast-schema-graph\">{\"@context\":\"https:\/\/schema.org\",\"@graph\":[{\"@type\":\"WebPage\",\"@id\":\"https:\/\/www.xn--krtler-3ya.com\/de\/kurden-von-istanbul.html\",\"url\":\"https:\/\/www.xn--krtler-3ya.com\/de\/kurden-von-istanbul.html\",\"name\":\"Kurden von Istanbul - Mit Liebe gebastelt\",\"isPartOf\":{\"@id\":\"https:\/\/www.xn--krtler-3ya.com\/de#website\"},\"primaryImageOfPage\":{\"@id\":\"https:\/\/www.xn--krtler-3ya.com\/de\/kurden-von-istanbul.html#primaryimage\"},\"image\":{\"@id\":\"https:\/\/www.xn--krtler-3ya.com\/de\/kurden-von-istanbul.html#primaryimage\"},\"thumbnailUrl\":\"https:\/\/www.xn--krtler-3ya.com\/wp-content\/uploads\/2020\/07\/istanbul-kurtleri.jpg\",\"datePublished\":\"2020-07-13T22:38:06+00:00\",\"dateModified\":\"2020-07-13T22:38:06+00:00\",\"author\":{\"@id\":\"https:\/\/www.xn--krtler-3ya.com\/de#\/schema\/person\/6bcd5bbe2e1493cacc77180c1bd84881\"},\"breadcrumb\":{\"@id\":\"https:\/\/www.xn--krtler-3ya.com\/de\/kurden-von-istanbul.html#breadcrumb\"},\"inLanguage\":\"de\",\"potentialAction\":[{\"@type\":\"ReadAction\",\"target\":[\"https:\/\/www.xn--krtler-3ya.com\/de\/kurden-von-istanbul.html\"]}]},{\"@type\":\"ImageObject\",\"inLanguage\":\"de\",\"@id\":\"https:\/\/www.xn--krtler-3ya.com\/de\/kurden-von-istanbul.html#primaryimage\",\"url\":\"https:\/\/www.xn--krtler-3ya.com\/wp-content\/uploads\/2020\/07\/istanbul-kurtleri.jpg\",\"contentUrl\":\"https:\/\/www.xn--krtler-3ya.com\/wp-content\/uploads\/2020\/07\/istanbul-kurtleri.jpg\",\"width\":650,\"height\":384},{\"@type\":\"BreadcrumbList\",\"@id\":\"https:\/\/www.xn--krtler-3ya.com\/de\/kurden-von-istanbul.html#breadcrumb\",\"itemListElement\":[{\"@type\":\"ListItem\",\"position\":1,\"name\":\"Startseite\",\"item\":\"https:\/\/www.xn--krtler-3ya.com\/de\"},{\"@type\":\"ListItem\",\"position\":2,\"name\":\"Kurden von Istanbul\"}]},{\"@type\":\"WebSite\",\"@id\":\"https:\/\/www.xn--krtler-3ya.com\/de#website\",\"url\":\"https:\/\/www.xn--krtler-3ya.com\/de\",\"name\":\"k\u00fcrtler\",\"description\":\"\",\"potentialAction\":[{\"@type\":\"SearchAction\",\"target\":{\"@type\":\"EntryPoint\",\"urlTemplate\":\"https:\/\/www.xn--krtler-3ya.com\/de?s={search_term_string}\"},\"query-input\":{\"@type\":\"PropertyValueSpecification\",\"valueRequired\":true,\"valueName\":\"search_term_string\"}}],\"inLanguage\":\"de\"},{\"@type\":\"Person\",\"@id\":\"https:\/\/www.xn--krtler-3ya.com\/de#\/schema\/person\/6bcd5bbe2e1493cacc77180c1bd84881\",\"name\":\"admin\",\"image\":{\"@type\":\"ImageObject\",\"inLanguage\":\"de\",\"@id\":\"https:\/\/www.xn--krtler-3ya.com\/de#\/schema\/person\/image\/\",\"url\":\"https:\/\/www.xn--krtler-3ya.com\/wp-content\/litespeed\/avatar\/de8faab9da60e77876a3fba9edd82f20.jpg?ver=1777431259\",\"contentUrl\":\"https:\/\/www.xn--krtler-3ya.com\/wp-content\/litespeed\/avatar\/de8faab9da60e77876a3fba9edd82f20.jpg?ver=1777431259\",\"caption\":\"admin\"},\"sameAs\":[\"https:\/\/kora24.de\"],\"url\":\"https:\/\/www.xn--krtler-3ya.com\/de\/author\/youssef\"}]}<\/script>\n<!-- \/ Yoast SEO plugin. -->","yoast_head_json":{"title":"Kurden von Istanbul - Mit Liebe gebastelt","robots":{"index":"index","follow":"follow","max-snippet":"max-snippet:-1","max-image-preview":"max-image-preview:large","max-video-preview":"max-video-preview:-1"},"canonical":"https:\/\/www.xn--krtler-3ya.com\/de\/kurden-von-istanbul.html","og_locale":"de_DE","og_type":"article","og_title":"Kurden von Istanbul - Mit Liebe gebastelt","og_description":"Es gibt eine dichte kurdische Bev\u00f6lkerung in Istanbul. Die meisten derin Istanbul lebenden Kurden sind aufgrund der Konflikte in der kurdischen Geographie in den 90er Jahren, Avc\u0131lar Eskorte und aus wirtschaftlichen Gr\u00fcnden ausgewandert. Wie hoch ist der kurdische Bev\u00f6lkerungsanteil in Istanbul? Die kurdische Bev\u00f6lkerung in Istanbul bel\u00e4uft sich auf etwa 2 Millionen Europ\u00e4er, was 13 &hellip;","og_url":"https:\/\/www.xn--krtler-3ya.com\/de\/kurden-von-istanbul.html","og_site_name":"Mit Liebe gebastelt","article_published_time":"2020-07-13T22:38:06+00:00","og_image":[{"width":650,"height":384,"url":"https:\/\/www.xn--krtler-3ya.com\/wp-content\/uploads\/2020\/07\/istanbul-kurtleri.jpg","type":"image\/jpeg"}],"author":"admin","twitter_card":"summary_large_image","twitter_misc":{"Verfasst von":"admin","Gesch\u00e4tzte Lesezeit":"1\u00a0Minute"},"schema":{"@context":"https:\/\/schema.org","@graph":[{"@type":"WebPage","@id":"https:\/\/www.xn--krtler-3ya.com\/de\/kurden-von-istanbul.html","url":"https:\/\/www.xn--krtler-3ya.com\/de\/kurden-von-istanbul.html","name":"Kurden von Istanbul - Mit Liebe gebastelt","isPartOf":{"@id":"https:\/\/www.xn--krtler-3ya.com\/de#website"},"primaryImageOfPage":{"@id":"https:\/\/www.xn--krtler-3ya.com\/de\/kurden-von-istanbul.html#primaryimage"},"image":{"@id":"https:\/\/www.xn--krtler-3ya.com\/de\/kurden-von-istanbul.html#primaryimage"},"thumbnailUrl":"https:\/\/www.xn--krtler-3ya.com\/wp-content\/uploads\/2020\/07\/istanbul-kurtleri.jpg","datePublished":"2020-07-13T22:38:06+00:00","dateModified":"2020-07-13T22:38:06+00:00","author":{"@id":"https:\/\/www.xn--krtler-3ya.com\/de#\/schema\/person\/6bcd5bbe2e1493cacc77180c1bd84881"},"breadcrumb":{"@id":"https:\/\/www.xn--krtler-3ya.com\/de\/kurden-von-istanbul.html#breadcrumb"},"inLanguage":"de","potentialAction":[{"@type":"ReadAction","target":["https:\/\/www.xn--krtler-3ya.com\/de\/kurden-von-istanbul.html"]}]},{"@type":"ImageObject","inLanguage":"de","@id":"https:\/\/www.xn--krtler-3ya.com\/de\/kurden-von-istanbul.html#primaryimage","url":"https:\/\/www.xn--krtler-3ya.com\/wp-content\/uploads\/2020\/07\/istanbul-kurtleri.jpg","contentUrl":"https:\/\/www.xn--krtler-3ya.com\/wp-content\/uploads\/2020\/07\/istanbul-kurtleri.jpg","width":650,"height":384},{"@type":"BreadcrumbList","@id":"https:\/\/www.xn--krtler-3ya.com\/de\/kurden-von-istanbul.html#breadcrumb","itemListElement":[{"@type":"ListItem","position":1,"name":"Startseite","item":"https:\/\/www.xn--krtler-3ya.com\/de"},{"@type":"ListItem","position":2,"name":"Kurden von Istanbul"}]},{"@type":"WebSite","@id":"https:\/\/www.xn--krtler-3ya.com\/de#website","url":"https:\/\/www.xn--krtler-3ya.com\/de","name":"k\u00fcrtler","description":"","potentialAction":[{"@type":"SearchAction","target":{"@type":"EntryPoint","urlTemplate":"https:\/\/www.xn--krtler-3ya.com\/de?s={search_term_string}"},"query-input":{"@type":"PropertyValueSpecification","valueRequired":true,"valueName":"search_term_string"}}],"inLanguage":"de"},{"@type":"Person","@id":"https:\/\/www.xn--krtler-3ya.com\/de#\/schema\/person\/6bcd5bbe2e1493cacc77180c1bd84881","name":"admin","image":{"@type":"ImageObject","inLanguage":"de","@id":"https:\/\/www.xn--krtler-3ya.com\/de#\/schema\/person\/image\/","url":"https:\/\/www.xn--krtler-3ya.com\/wp-content\/litespeed\/avatar\/de8faab9da60e77876a3fba9edd82f20.jpg?ver=1777431259","contentUrl":"https:\/\/www.xn--krtler-3ya.com\/wp-content\/litespeed\/avatar\/de8faab9da60e77876a3fba9edd82f20.jpg?ver=1777431259","caption":"admin"},"sameAs":["https:\/\/kora24.de"],"url":"https:\/\/www.xn--krtler-3ya.com\/de\/author\/youssef"}]}},"amp_enabled":true,"_links":{"self":[{"href":"https:\/\/www.xn--krtler-3ya.com\/de\/wp-json\/wp\/v2\/posts\/29686","targetHints":{"allow":["GET"]}}],"collection":[{"href":"https:\/\/www.xn--krtler-3ya.com\/de\/wp-json\/wp\/v2\/posts"}],"about":[{"href":"https:\/\/www.xn--krtler-3ya.com\/de\/wp-json\/wp\/v2\/types\/post"}],"author":[{"embeddable":true,"href":"https:\/\/www.xn--krtler-3ya.com\/de\/wp-json\/wp\/v2\/users\/1"}],"replies":[{"embeddable":true,"href":"https:\/\/www.xn--krtler-3ya.com\/de\/wp-json\/wp\/v2\/comments?post=29686"}],"version-history":[{"count":0,"href":"https:\/\/www.xn--krtler-3ya.com\/de\/wp-json\/wp\/v2\/posts\/29686\/revisions"}],"wp:featuredmedia":[{"embeddable":true,"href":"https:\/\/www.xn--krtler-3ya.com\/de\/wp-json\/wp\/v2\/media\/27394"}],"wp:attachment":[{"href":"https:\/\/www.xn--krtler-3ya.com\/de\/wp-json\/wp\/v2\/media?parent=29686"}],"wp:term":[{"taxonomy":"category","embeddable":true,"href":"https:\/\/www.xn--krtler-3ya.com\/de\/wp-json\/wp\/v2\/categories?post=29686"},{"taxonomy":"post_tag","embeddable":true,"href":"https:\/\/www.xn--krtler-3ya.com\/de\/wp-json\/wp\/v2\/tags?post=29686"}],"curies":[{"name":"wp","href":"https:\/\/api.w.org\/{rel}","templated":true}]}}