{"id":29690,"date":"2020-06-23T02:03:57","date_gmt":"2020-06-23T02:03:57","guid":{"rendered":"https:\/\/www.xn--krtler-3ya.com\/wer-ist-feyyaz-duman-und-woher-kommt-er-ist-er-kurde.html"},"modified":"2020-06-23T02:03:57","modified_gmt":"2020-06-23T02:03:57","slug":"wer-ist-feyyaz-duman-und-woher-kommt-er-ist-er-kurde","status":"publish","type":"post","link":"https:\/\/www.xn--krtler-3ya.com\/de\/wer-ist-feyyaz-duman-und-woher-kommt-er-ist-er-kurde.html","title":{"rendered":"Wer ist Feyyaz Duman und woher kommt er? Ist er Kurde?"},"content":{"rendered":"<p><strong> Feyyaz Duman<\/strong>, der die Rolle des<strong>&#8222;Arif<\/strong>&#8220; in der in den letzten Jahren erschienenen Serie<strong>&#8222;Woman<\/strong>&#8220; spielte,<strong> stammt urspr\u00fcnglich aus dem Ort, aus dem er stammt,<\/strong>Kurzbiografie.<\/p>\n<h2><strong><span style=\"color: #ff0000;\">Woher kommt Feyyaz Duman?<\/span><\/strong><\/h2>\n<p><strong>Feyyaz Duman<\/strong> wurde am 1. Januar 1982 in <strong>Mardin<\/strong> geboren. Er ist 39 Jahre alt und 1,82 Meter gro\u00df.<\/p>\n<h2><strong><span style=\"color: #ff0000;\">Ist Feyyaz Duman kurdisch?<\/span><\/strong><\/h2>\n<p><strong>Feyyaz Duman<\/strong> stammt urspr\u00fcnglich aus Mardin und <strong>ist Kurde<\/strong>.<\/p>\n<p><img loading=\"lazy\" decoding=\"async\" class=\"size-full wp-image-11166 aligncenter\" src=\"https:\/\/www.xn--krtler-3ya.com\/wp-content\/uploads\/2020\/06\/feyyaz-duman-kurt-mu.jpg\" alt=\"Ist Feyyaz Duman ein Kurde?\" width=\"500\" height=\"456\"><\/p>\n<h2><span style=\"color: #ff0000;\">Das Leben von Feyyaz Duman<\/span><\/h2>\n<p><strong>Feyyaz Duman<\/strong> wurde in Mardin geboren und kam 1988-1989 im Alter von sechs Jahren nach Istanbul. Er schloss seine Grund-, Mittel- und Oberschulausbildung in Istanbul ab. Schon in seiner Jugend interessierte er sich f\u00fcr Theater und Kino. Im Alter von 16 Jahren begann er, im Kino und Theater zu spielen. Sein Grundstudium absolvierte er am staatlichen Konservatorium. Er machte seinen Abschluss an der Abteilung f\u00fcr Volkst\u00e4nze des staatlichen Konservatoriums der Universit\u00e4t Istanbul. Sie erwarb einen Master-Abschluss an der Universit\u00e4t Kocaeli, aber als sie die Sprachpr\u00fcfung nicht bestand, beschloss sie, ins Ausland zu gehen, um ihre Fremdsprachenkenntnisse zu verbessern. Nach ihrem Abschluss ging sie 2007 f\u00fcr eine Schauspielausbildung nach New York. Nachdem er eine gewisse Zeit in New York verbracht hatte, kehrte er in die T\u00fcrkei zur\u00fcck. Der junge Schauspieler, der seine Ausbildung an der Spitze seiner Karriere abschloss, gewann 2014 den Preis f\u00fcr den besten Schauspieler beim 51. internationalen Filmfestival Goldene Orange. Der erste H\u00f6hepunkt in <strong>Feyyaz Dumans<\/strong>Karriere als Filmschauspieler ist der Film &#8222;Song of My Mother&#8220;, in dem er die Hauptrolle spielte. Feyyaz Duman, der in dem Film &#8222;Song of My Mother&#8220; die Rolle des &#8222;Ali&#8220; spielte, stellte die realistischste und nat\u00fcrlichste Mutter-Sohn-Bindung mit &#8222;Z\u00fcbeyde Ronahi&#8220; dar. Ab diesem Film wurde Feyyaz Duman mit dem Preis f\u00fcr den besten Schauspieler ausgezeichnet, und sein Name wurde wieder auf einigen Gipfeln geschrieben. Dieser Film war f\u00fcr ihn der Wendepunkt in seiner Schauspielerei. Auch in den Jahren zuvor wirkte er in einigen Werken mit. Im Jahr 1999 spielte er in dem Kurzfilm &#8222;Boran&#8220;, der sein erstes Projekt war. Feyyaz Duman, der seine Schauspielkarriere anstrebte, spielte in dem Film &#8222;Photo&#8220;, der 2001 sein eigenes Projekt war. <strong>Feyyaz Duman<\/strong> spielte die Rolle des<strong>&#8222;Arif<\/strong>&#8220; in der Dramaserie <strong>Woman<\/strong>, deren Drehbuchautorin Hande Altayl\u0131 die japanische Serie &#8222;Woman&#8220; adaptierte. Im Jahr 2020 spielte er die Rolle des &#8222;Naz\u0131m&#8220; in der Serie Dam. Der junge Schauspieler, der ein erfolgreiches Schauspielabenteuer hinter sich hat, betrat im September 2019 mit &#8222;Zozan \u015eim\u015fek&#8220; die Welt. Feyyaz Duman spielte in vielen Filmen und Serien mit. Er wurde auch von verschiedenen gro\u00dfen Filmfestivals ausgezeichnet.          <\/p>\n<h2><strong><span style=\"color: #ff0000;\">Das Privatleben von Feyyaz Duman<\/span><\/strong><\/h2>\n<figure id=\"attachment_27385\" aria-describedby=\"caption-attachment-27385\" style=\"width: 590px\" class=\"wp-caption aligncenter\"><img loading=\"lazy\" decoding=\"async\" class=\"wp-image-11167 size-full\" src=\"https:\/\/www.xn--krtler-3ya.com\/wp-content\/uploads\/2020\/06\/feyyaz-dumanin-esi-zozan-simsek.jpg\" alt=\"Feyyaz Duman's Frau\" width=\"590\" height=\"468\"><figcaption id=\"caption-attachment-27385\" class=\"wp-caption-text\">Von der Hochzeitsfeier von <strong>Feyyaz Duman<\/strong><\/figcaption><\/figure>\n<p>Der erfolgreiche Schauspieler <strong>Feyyaz Duman<\/strong> heiratete 2019<strong>Zozan \u015eim\u015fek<\/strong>.<\/p>\n<h2><strong><span style=\"color: #ff0000;\">Feyyaz Duman Soziale Medien Konten<\/span><\/strong><\/h2>\n<p><span style=\"color: #0000ff;\"><strong><a style=\"color: #0000ff;\" href=\"https:\/\/www.instagram.com\/duman_feyyaz\">Instagram<\/a><\/strong><\/span><br \/>\n<span style=\"color: #0000ff;\"><strong><a style=\"color: #0000ff;\" href=\"https:\/\/twitter.com\/DumanFeyyaz\">Twitter<\/a><\/strong><\/span><\/p>\n<h2><span style=\"color: #ff0000;\">Erhaltene Auszeichnungen<\/span><\/h2>\n<ul>\n<li>2014 &#8211; Sarajevo Film Festival &#8211; Preis f\u00fcr den besten Schauspieler &#8211; Das Lied meiner Mutter<\/li>\n<li>2014 &#8211; Golden Orange Film Festival &#8211; Preis f\u00fcr den besten Schauspieler &#8211; Das Lied meiner Mutter<\/li>\n<li>2015 &#8211; Internationales Filmfestival Belgien &#8211; Preis f\u00fcr den besten Darsteller &#8211; Lied meiner Mutter<\/li>\n<li>2015 &#8211; Duhok Film Festival &#8211; Auszeichnung als bester Schauspieler<\/li>\n<\/ul>\n<h2><span style=\"color: #ff0000;\">Serien und Filme, in denen er eine Rolle spielte<\/span><\/h2>\n<ul>\n<li>2018 &#8211; Zwischen den Ruinen (Kurzfilm)<\/li>\n<li>2017-2018 &#8211; Kad\u0131n (Arif) (TV-Serie)<\/li>\n<li>2017 &#8211; Eine schwierige Entscheidung (Nezir) (Kinofilm)<\/li>\n<li>2017 &#8211; Zagros (Zagros) (Kinofilm)<\/li>\n<li>2017 &#8211; Verlass mich nie (Adil) (Kinofilm)<\/li>\n<li>2016 &#8211; \u0130\u00e7erde (Serkan) (TV-Serie)<\/li>\n<li>2014 &#8211; Mardan (Morad) (Kinofilm)<\/li>\n<li>2014 &#8211; Annemin \u015eark\u0131s\u0131 (Ali) (Kinofilm)<\/li>\n<li>2013 &#8211; Sweet Pepper Land (Kinofilm)<\/li>\n<li>2011 &#8211; Si Tu Meurs, Je Te Tue (Azad) (Kinofilm)<\/li>\n<li>2008 &#8211; Wie sp\u00e4t ist es? (Kurzfilm) <\/li>\n<li>2001 &#8211; Foto\u011fraf (Faruk) (Kinofilm)<\/li>\n<li>1999 &#8211; Boran (Kurzfilm)<\/li>\n<\/ul>\n","protected":false},"excerpt":{"rendered":"<p>Feyyaz Duman, der die Rolle des&#8222;Arif&#8220; in der in den letzten Jahren erschienenen Serie&#8222;Woman&#8220; spielte, stammt urspr\u00fcnglich aus dem Ort, aus dem er stammt,Kurzbiografie. Woher kommt Feyyaz Duman? Feyyaz Duman wurde am 1. Januar 1982 in Mardin geboren. Er ist 39 Jahre alt und 1,82 Meter gro\u00df. Ist Feyyaz Duman kurdisch? Feyyaz Duman stammt urspr\u00fcnglich &hellip;<\/p>\n","protected":false},"author":1,"featured_media":27383,"comment_status":"open","ping_status":"closed","sticky":false,"template":"","format":"standard","meta":{"footnotes":""},"categories":[6187,6875,6640],"tags":[7896,7897,7898,7901,7899,7900],"class_list":["post-29690","post","type-post","status-publish","format-standard","has-post-thumbnail","hentry","category-biographie","category-kurdische-beruehmtheiten","category-wer-ist-er-woher-kommt-er","tag-feyyaz-duman-de","tag-feyyaz-duman-frau","tag-feyyaz-duman-instagram-de","tag-feyyaz-rauchen-alter","tag-wer-ist-feyyaz-duman","tag-woher-kommt-feyyaz-duman"],"yoast_head":"<!-- This site is optimized with the Yoast SEO plugin v23.7 - https:\/\/yoast.com\/wordpress\/plugins\/seo\/ -->\n<title>Wer ist Feyyaz Duman und woher kommt er? Ist er Kurde? - Mit Liebe gebastelt<\/title>\n<meta name=\"robots\" content=\"index, follow, max-snippet:-1, max-image-preview:large, max-video-preview:-1\" \/>\n<link rel=\"canonical\" href=\"https:\/\/www.xn--krtler-3ya.com\/de\/wer-ist-feyyaz-duman-und-woher-kommt-er-ist-er-kurde.html\" \/>\n<meta property=\"og:locale\" content=\"de_DE\" \/>\n<meta property=\"og:type\" content=\"article\" \/>\n<meta property=\"og:title\" content=\"Wer ist Feyyaz Duman und woher kommt er? Ist er Kurde? - Mit Liebe gebastelt\" \/>\n<meta property=\"og:description\" content=\"Feyyaz Duman, der die Rolle des&#8222;Arif&#8220; in der in den letzten Jahren erschienenen Serie&#8222;Woman&#8220; spielte, stammt urspr\u00fcnglich aus dem Ort, aus dem er stammt,Kurzbiografie. Woher kommt Feyyaz Duman? Feyyaz Duman wurde am 1. Januar 1982 in Mardin geboren. Er ist 39 Jahre alt und 1,82 Meter gro\u00df. Ist Feyyaz Duman kurdisch? Feyyaz Duman stammt urspr\u00fcnglich &hellip;\" \/>\n<meta property=\"og:url\" content=\"https:\/\/www.xn--krtler-3ya.com\/de\/wer-ist-feyyaz-duman-und-woher-kommt-er-ist-er-kurde.html\" \/>\n<meta property=\"og:site_name\" content=\"Mit Liebe gebastelt\" \/>\n<meta property=\"article:published_time\" content=\"2020-06-23T02:03:57+00:00\" \/>\n<meta property=\"og:image\" content=\"https:\/\/www.xn--krtler-3ya.com\/wp-content\/uploads\/2020\/06\/feyyaz-duman-kimdir-nerelidir.jpg\" \/>\n\t<meta property=\"og:image:width\" content=\"640\" \/>\n\t<meta property=\"og:image:height\" content=\"393\" \/>\n\t<meta property=\"og:image:type\" content=\"image\/jpeg\" \/>\n<meta name=\"author\" content=\"admin\" \/>\n<meta name=\"twitter:card\" content=\"summary_large_image\" \/>\n<meta name=\"twitter:label1\" content=\"Verfasst von\" \/>\n\t<meta name=\"twitter:data1\" content=\"admin\" \/>\n\t<meta name=\"twitter:label2\" content=\"Gesch\u00e4tzte Lesezeit\" \/>\n\t<meta name=\"twitter:data2\" content=\"3\u00a0Minuten\" \/>\n<script type=\"application\/ld+json\" class=\"yoast-schema-graph\">{\"@context\":\"https:\/\/schema.org\",\"@graph\":[{\"@type\":\"WebPage\",\"@id\":\"https:\/\/www.xn--krtler-3ya.com\/de\/wer-ist-feyyaz-duman-und-woher-kommt-er-ist-er-kurde.html\",\"url\":\"https:\/\/www.xn--krtler-3ya.com\/de\/wer-ist-feyyaz-duman-und-woher-kommt-er-ist-er-kurde.html\",\"name\":\"Wer ist Feyyaz Duman und woher kommt er? Ist er Kurde? - Mit Liebe gebastelt\",\"isPartOf\":{\"@id\":\"https:\/\/www.xn--krtler-3ya.com\/de#website\"},\"primaryImageOfPage\":{\"@id\":\"https:\/\/www.xn--krtler-3ya.com\/de\/wer-ist-feyyaz-duman-und-woher-kommt-er-ist-er-kurde.html#primaryimage\"},\"image\":{\"@id\":\"https:\/\/www.xn--krtler-3ya.com\/de\/wer-ist-feyyaz-duman-und-woher-kommt-er-ist-er-kurde.html#primaryimage\"},\"thumbnailUrl\":\"https:\/\/www.xn--krtler-3ya.com\/wp-content\/uploads\/2020\/06\/feyyaz-duman-kimdir-nerelidir.jpg\",\"datePublished\":\"2020-06-23T02:03:57+00:00\",\"dateModified\":\"2020-06-23T02:03:57+00:00\",\"author\":{\"@id\":\"https:\/\/www.xn--krtler-3ya.com\/de#\/schema\/person\/6bcd5bbe2e1493cacc77180c1bd84881\"},\"breadcrumb\":{\"@id\":\"https:\/\/www.xn--krtler-3ya.com\/de\/wer-ist-feyyaz-duman-und-woher-kommt-er-ist-er-kurde.html#breadcrumb\"},\"inLanguage\":\"de\",\"potentialAction\":[{\"@type\":\"ReadAction\",\"target\":[\"https:\/\/www.xn--krtler-3ya.com\/de\/wer-ist-feyyaz-duman-und-woher-kommt-er-ist-er-kurde.html\"]}]},{\"@type\":\"ImageObject\",\"inLanguage\":\"de\",\"@id\":\"https:\/\/www.xn--krtler-3ya.com\/de\/wer-ist-feyyaz-duman-und-woher-kommt-er-ist-er-kurde.html#primaryimage\",\"url\":\"https:\/\/www.xn--krtler-3ya.com\/wp-content\/uploads\/2020\/06\/feyyaz-duman-kimdir-nerelidir.jpg\",\"contentUrl\":\"https:\/\/www.xn--krtler-3ya.com\/wp-content\/uploads\/2020\/06\/feyyaz-duman-kimdir-nerelidir.jpg\",\"width\":640,\"height\":393},{\"@type\":\"BreadcrumbList\",\"@id\":\"https:\/\/www.xn--krtler-3ya.com\/de\/wer-ist-feyyaz-duman-und-woher-kommt-er-ist-er-kurde.html#breadcrumb\",\"itemListElement\":[{\"@type\":\"ListItem\",\"position\":1,\"name\":\"Startseite\",\"item\":\"https:\/\/www.xn--krtler-3ya.com\/de\"},{\"@type\":\"ListItem\",\"position\":2,\"name\":\"Wer ist Feyyaz Duman und woher kommt er? Ist er Kurde?\"}]},{\"@type\":\"WebSite\",\"@id\":\"https:\/\/www.xn--krtler-3ya.com\/de#website\",\"url\":\"https:\/\/www.xn--krtler-3ya.com\/de\",\"name\":\"k\u00fcrtler\",\"description\":\"\",\"potentialAction\":[{\"@type\":\"SearchAction\",\"target\":{\"@type\":\"EntryPoint\",\"urlTemplate\":\"https:\/\/www.xn--krtler-3ya.com\/de?s={search_term_string}\"},\"query-input\":{\"@type\":\"PropertyValueSpecification\",\"valueRequired\":true,\"valueName\":\"search_term_string\"}}],\"inLanguage\":\"de\"},{\"@type\":\"Person\",\"@id\":\"https:\/\/www.xn--krtler-3ya.com\/de#\/schema\/person\/6bcd5bbe2e1493cacc77180c1bd84881\",\"name\":\"admin\",\"image\":{\"@type\":\"ImageObject\",\"inLanguage\":\"de\",\"@id\":\"https:\/\/www.xn--krtler-3ya.com\/de#\/schema\/person\/image\/\",\"url\":\"https:\/\/www.xn--krtler-3ya.com\/wp-content\/litespeed\/avatar\/de8faab9da60e77876a3fba9edd82f20.jpg?ver=1776826433\",\"contentUrl\":\"https:\/\/www.xn--krtler-3ya.com\/wp-content\/litespeed\/avatar\/de8faab9da60e77876a3fba9edd82f20.jpg?ver=1776826433\",\"caption\":\"admin\"},\"sameAs\":[\"https:\/\/kora24.de\"],\"url\":\"https:\/\/www.xn--krtler-3ya.com\/de\/author\/youssef\"}]}<\/script>\n<!-- \/ Yoast SEO plugin. -->","yoast_head_json":{"title":"Wer ist Feyyaz Duman und woher kommt er? Ist er Kurde? - Mit Liebe gebastelt","robots":{"index":"index","follow":"follow","max-snippet":"max-snippet:-1","max-image-preview":"max-image-preview:large","max-video-preview":"max-video-preview:-1"},"canonical":"https:\/\/www.xn--krtler-3ya.com\/de\/wer-ist-feyyaz-duman-und-woher-kommt-er-ist-er-kurde.html","og_locale":"de_DE","og_type":"article","og_title":"Wer ist Feyyaz Duman und woher kommt er? Ist er Kurde? - Mit Liebe gebastelt","og_description":"Feyyaz Duman, der die Rolle des&#8222;Arif&#8220; in der in den letzten Jahren erschienenen Serie&#8222;Woman&#8220; spielte, stammt urspr\u00fcnglich aus dem Ort, aus dem er stammt,Kurzbiografie. Woher kommt Feyyaz Duman? Feyyaz Duman wurde am 1. Januar 1982 in Mardin geboren. Er ist 39 Jahre alt und 1,82 Meter gro\u00df. Ist Feyyaz Duman kurdisch? Feyyaz Duman stammt urspr\u00fcnglich &hellip;","og_url":"https:\/\/www.xn--krtler-3ya.com\/de\/wer-ist-feyyaz-duman-und-woher-kommt-er-ist-er-kurde.html","og_site_name":"Mit Liebe gebastelt","article_published_time":"2020-06-23T02:03:57+00:00","og_image":[{"width":640,"height":393,"url":"https:\/\/www.xn--krtler-3ya.com\/wp-content\/uploads\/2020\/06\/feyyaz-duman-kimdir-nerelidir.jpg","type":"image\/jpeg"}],"author":"admin","twitter_card":"summary_large_image","twitter_misc":{"Verfasst von":"admin","Gesch\u00e4tzte Lesezeit":"3\u00a0Minuten"},"schema":{"@context":"https:\/\/schema.org","@graph":[{"@type":"WebPage","@id":"https:\/\/www.xn--krtler-3ya.com\/de\/wer-ist-feyyaz-duman-und-woher-kommt-er-ist-er-kurde.html","url":"https:\/\/www.xn--krtler-3ya.com\/de\/wer-ist-feyyaz-duman-und-woher-kommt-er-ist-er-kurde.html","name":"Wer ist Feyyaz Duman und woher kommt er? Ist er Kurde? - Mit Liebe gebastelt","isPartOf":{"@id":"https:\/\/www.xn--krtler-3ya.com\/de#website"},"primaryImageOfPage":{"@id":"https:\/\/www.xn--krtler-3ya.com\/de\/wer-ist-feyyaz-duman-und-woher-kommt-er-ist-er-kurde.html#primaryimage"},"image":{"@id":"https:\/\/www.xn--krtler-3ya.com\/de\/wer-ist-feyyaz-duman-und-woher-kommt-er-ist-er-kurde.html#primaryimage"},"thumbnailUrl":"https:\/\/www.xn--krtler-3ya.com\/wp-content\/uploads\/2020\/06\/feyyaz-duman-kimdir-nerelidir.jpg","datePublished":"2020-06-23T02:03:57+00:00","dateModified":"2020-06-23T02:03:57+00:00","author":{"@id":"https:\/\/www.xn--krtler-3ya.com\/de#\/schema\/person\/6bcd5bbe2e1493cacc77180c1bd84881"},"breadcrumb":{"@id":"https:\/\/www.xn--krtler-3ya.com\/de\/wer-ist-feyyaz-duman-und-woher-kommt-er-ist-er-kurde.html#breadcrumb"},"inLanguage":"de","potentialAction":[{"@type":"ReadAction","target":["https:\/\/www.xn--krtler-3ya.com\/de\/wer-ist-feyyaz-duman-und-woher-kommt-er-ist-er-kurde.html"]}]},{"@type":"ImageObject","inLanguage":"de","@id":"https:\/\/www.xn--krtler-3ya.com\/de\/wer-ist-feyyaz-duman-und-woher-kommt-er-ist-er-kurde.html#primaryimage","url":"https:\/\/www.xn--krtler-3ya.com\/wp-content\/uploads\/2020\/06\/feyyaz-duman-kimdir-nerelidir.jpg","contentUrl":"https:\/\/www.xn--krtler-3ya.com\/wp-content\/uploads\/2020\/06\/feyyaz-duman-kimdir-nerelidir.jpg","width":640,"height":393},{"@type":"BreadcrumbList","@id":"https:\/\/www.xn--krtler-3ya.com\/de\/wer-ist-feyyaz-duman-und-woher-kommt-er-ist-er-kurde.html#breadcrumb","itemListElement":[{"@type":"ListItem","position":1,"name":"Startseite","item":"https:\/\/www.xn--krtler-3ya.com\/de"},{"@type":"ListItem","position":2,"name":"Wer ist Feyyaz Duman und woher kommt er? Ist er Kurde?"}]},{"@type":"WebSite","@id":"https:\/\/www.xn--krtler-3ya.com\/de#website","url":"https:\/\/www.xn--krtler-3ya.com\/de","name":"k\u00fcrtler","description":"","potentialAction":[{"@type":"SearchAction","target":{"@type":"EntryPoint","urlTemplate":"https:\/\/www.xn--krtler-3ya.com\/de?s={search_term_string}"},"query-input":{"@type":"PropertyValueSpecification","valueRequired":true,"valueName":"search_term_string"}}],"inLanguage":"de"},{"@type":"Person","@id":"https:\/\/www.xn--krtler-3ya.com\/de#\/schema\/person\/6bcd5bbe2e1493cacc77180c1bd84881","name":"admin","image":{"@type":"ImageObject","inLanguage":"de","@id":"https:\/\/www.xn--krtler-3ya.com\/de#\/schema\/person\/image\/","url":"https:\/\/www.xn--krtler-3ya.com\/wp-content\/litespeed\/avatar\/de8faab9da60e77876a3fba9edd82f20.jpg?ver=1776826433","contentUrl":"https:\/\/www.xn--krtler-3ya.com\/wp-content\/litespeed\/avatar\/de8faab9da60e77876a3fba9edd82f20.jpg?ver=1776826433","caption":"admin"},"sameAs":["https:\/\/kora24.de"],"url":"https:\/\/www.xn--krtler-3ya.com\/de\/author\/youssef"}]}},"amp_enabled":true,"_links":{"self":[{"href":"https:\/\/www.xn--krtler-3ya.com\/de\/wp-json\/wp\/v2\/posts\/29690","targetHints":{"allow":["GET"]}}],"collection":[{"href":"https:\/\/www.xn--krtler-3ya.com\/de\/wp-json\/wp\/v2\/posts"}],"about":[{"href":"https:\/\/www.xn--krtler-3ya.com\/de\/wp-json\/wp\/v2\/types\/post"}],"author":[{"embeddable":true,"href":"https:\/\/www.xn--krtler-3ya.com\/de\/wp-json\/wp\/v2\/users\/1"}],"replies":[{"embeddable":true,"href":"https:\/\/www.xn--krtler-3ya.com\/de\/wp-json\/wp\/v2\/comments?post=29690"}],"version-history":[{"count":0,"href":"https:\/\/www.xn--krtler-3ya.com\/de\/wp-json\/wp\/v2\/posts\/29690\/revisions"}],"wp:featuredmedia":[{"embeddable":true,"href":"https:\/\/www.xn--krtler-3ya.com\/de\/wp-json\/wp\/v2\/media\/27383"}],"wp:attachment":[{"href":"https:\/\/www.xn--krtler-3ya.com\/de\/wp-json\/wp\/v2\/media?parent=29690"}],"wp:term":[{"taxonomy":"category","embeddable":true,"href":"https:\/\/www.xn--krtler-3ya.com\/de\/wp-json\/wp\/v2\/categories?post=29690"},{"taxonomy":"post_tag","embeddable":true,"href":"https:\/\/www.xn--krtler-3ya.com\/de\/wp-json\/wp\/v2\/tags?post=29690"}],"curies":[{"name":"wp","href":"https:\/\/api.w.org\/{rel}","templated":true}]}}