{"id":29693,"date":"2020-06-16T20:49:24","date_gmt":"2020-06-16T20:49:24","guid":{"rendered":"https:\/\/www.xn--krtler-3ya.com\/artvin-kurden.html"},"modified":"2020-06-16T20:49:24","modified_gmt":"2020-06-16T20:49:24","slug":"artvin-kurden","status":"publish","type":"post","link":"https:\/\/www.xn--krtler-3ya.com\/de\/artvin-kurden.html","title":{"rendered":"Artvin Kurden"},"content":{"rendered":"<p><strong>Ist Artvin kurdisch?<\/strong><\/p>\n<p><strong>In Artvin<\/strong>, einer der St\u00e4dte am \u00f6stlichen Schwarzen Meer, gibt es nur sehr wenige einheimische <strong>Kurden<\/strong>. Im Bezirk Ardanu\u00e7 nahe der Grenze zu<strong>Ardahan<\/strong> gibt es nur wenige Kurden. Es ist bekannt, dass es saisonale Wanderungen <a title=\"Maltepe Eskorte\" href=\"http:\/\/maltepepapim.net\/\" rel=\"dofollow\">von Maltepe-Begleitern<\/a> aus Igdir und anderen <strong>kurdischen<\/strong> St\u00e4dten ins Hochland gibt, um <strong>in Artvin<\/strong> Vieh zu z\u00fcchten. Mit den Migrationen der letzten Jahre liegt der Anteil <strong>der kurdischen<\/strong> Bev\u00f6lkerung<strong> in Artvin<\/strong> bei etwa 5 Prozent.<\/p>\n<p><img loading=\"lazy\" decoding=\"async\" class=\"alignnone size-full wp-image-11124\" src=\"https:\/\/www.xn--krtler-3ya.com\/wp-content\/uploads\/2020\/06\/artvin-kurt-mu.jpg\" alt=\"artvin kurd\" width=\"658\" height=\"317\"><\/p>\n<p class=\"p1\">Im Jahr 1905 fotografierte der russische Fotograf Prokudin Gorski eine kurdische Familie in Artvin.<\/p>\n<p class=\"p1\">Die beiden kleinen <a title=\"Mecidiyekoy Eskorte\" href=\"http:\/\/mecidiyekoypapim.net\/\" rel=\"dofollow\">Mecidiyek\u00f6y-Eskorte-Kinder<\/a> auf dem Foto sind barfu\u00df, das andere, das \u00e4lter zu sein scheint, hat Wollsocken an den F\u00fc\u00dfen. Die Kleidung desselben Kindes ist komplett kurdisch. Es ist die gleiche wie die Kleidung, die in den Bergregionen Kurdistans getragen wird. Vielleicht ist es die Kleidung der \u015e\u00eaxbizin\u00ee. Auf jeden Fall geh\u00f6rt Artvin auch zu den Lebensr\u00e4umen der \u015e\u00eaxbizin\u00ees. Das Foto wurde im Dorf Kvartsxan an den Ufern des Flusses \u00c7oruh im Norden von Artvin aufgenommen. Das Gebiet, in dem sich das Dorf Kvartsxan befand, ist heute eine Siedlung namens Bak\u0131rk\u00f6y mit verstreuten H\u00e4usern. Es gibt keine weiteren Spuren der kurdischen Pr\u00e4senz in <a title=\"Mersin Eskorte\" href=\"http:\/\/mersinpapim.net\/\" rel=\"dofollow\">Mersin.<\/a>         <\/p>\n<p>Der russische Fotograf Sergey Mihailovich Prokudin Gorski fotografierte den Kaukasus und seine Umgebung von 1905 bis 1912.<\/p>\n","protected":false},"excerpt":{"rendered":"<p>Ist Artvin kurdisch? In Artvin, einer der St\u00e4dte am \u00f6stlichen Schwarzen Meer, gibt es nur sehr wenige einheimische Kurden. Im Bezirk Ardanu\u00e7 nahe der Grenze zuArdahan gibt es nur wenige Kurden. Es ist bekannt, dass es saisonale Wanderungen von Maltepe-Begleitern aus Igdir und anderen kurdischen St\u00e4dten ins Hochland gibt, um in Artvin Vieh zu z\u00fcchten. &hellip;<\/p>\n","protected":false},"author":1,"featured_media":27373,"comment_status":"open","ping_status":"closed","sticky":false,"template":"","format":"standard","meta":{"footnotes":""},"categories":[6050],"tags":[7909,7908,7910,7906,7907,7891],"class_list":["post-29693","post","type-post","status-publish","format-standard","has-post-thumbnail","hentry","category-kurdische-geschichte","tag-artvin-kurden","tag-artvin-kurdische-bevoelkerung","tag-gibt-es-kurden-in-artvin","tag-ist-artvin-hopa-kurdisch","tag-ist-artvin-kurdisch","tag-kurden-am-schwarzen-meer"],"yoast_head":"<!-- This site is optimized with the Yoast SEO plugin v23.7 - https:\/\/yoast.com\/wordpress\/plugins\/seo\/ -->\n<title>Artvin Kurden - Mit Liebe gebastelt<\/title>\n<meta name=\"robots\" content=\"index, follow, max-snippet:-1, max-image-preview:large, max-video-preview:-1\" \/>\n<link rel=\"canonical\" href=\"https:\/\/www.xn--krtler-3ya.com\/de\/artvin-kurden.html\" \/>\n<meta property=\"og:locale\" content=\"de_DE\" \/>\n<meta property=\"og:type\" content=\"article\" \/>\n<meta property=\"og:title\" content=\"Artvin Kurden - Mit Liebe gebastelt\" \/>\n<meta property=\"og:description\" content=\"Ist Artvin kurdisch? In Artvin, einer der St\u00e4dte am \u00f6stlichen Schwarzen Meer, gibt es nur sehr wenige einheimische Kurden. Im Bezirk Ardanu\u00e7 nahe der Grenze zuArdahan gibt es nur wenige Kurden. Es ist bekannt, dass es saisonale Wanderungen von Maltepe-Begleitern aus Igdir und anderen kurdischen St\u00e4dten ins Hochland gibt, um in Artvin Vieh zu z\u00fcchten. &hellip;\" \/>\n<meta property=\"og:url\" content=\"https:\/\/www.xn--krtler-3ya.com\/de\/artvin-kurden.html\" \/>\n<meta property=\"og:site_name\" content=\"Mit Liebe gebastelt\" \/>\n<meta property=\"article:published_time\" content=\"2020-06-16T20:49:24+00:00\" \/>\n<meta property=\"og:image\" content=\"https:\/\/www.xn--krtler-3ya.com\/wp-content\/uploads\/2020\/06\/artvin-kurt-mu.jpg\" \/>\n\t<meta property=\"og:image:width\" content=\"658\" \/>\n\t<meta property=\"og:image:height\" content=\"317\" \/>\n\t<meta property=\"og:image:type\" content=\"image\/jpeg\" \/>\n<meta name=\"author\" content=\"admin\" \/>\n<meta name=\"twitter:card\" content=\"summary_large_image\" \/>\n<meta name=\"twitter:label1\" content=\"Verfasst von\" \/>\n\t<meta name=\"twitter:data1\" content=\"admin\" \/>\n\t<meta name=\"twitter:label2\" content=\"Gesch\u00e4tzte Lesezeit\" \/>\n\t<meta name=\"twitter:data2\" content=\"1\u00a0Minute\" \/>\n<script type=\"application\/ld+json\" class=\"yoast-schema-graph\">{\"@context\":\"https:\/\/schema.org\",\"@graph\":[{\"@type\":\"WebPage\",\"@id\":\"https:\/\/www.xn--krtler-3ya.com\/de\/artvin-kurden.html\",\"url\":\"https:\/\/www.xn--krtler-3ya.com\/de\/artvin-kurden.html\",\"name\":\"Artvin Kurden - Mit Liebe gebastelt\",\"isPartOf\":{\"@id\":\"https:\/\/www.xn--krtler-3ya.com\/de#website\"},\"primaryImageOfPage\":{\"@id\":\"https:\/\/www.xn--krtler-3ya.com\/de\/artvin-kurden.html#primaryimage\"},\"image\":{\"@id\":\"https:\/\/www.xn--krtler-3ya.com\/de\/artvin-kurden.html#primaryimage\"},\"thumbnailUrl\":\"https:\/\/www.xn--krtler-3ya.com\/wp-content\/uploads\/2020\/06\/artvin-kurtleri.png\",\"datePublished\":\"2020-06-16T20:49:24+00:00\",\"dateModified\":\"2020-06-16T20:49:24+00:00\",\"author\":{\"@id\":\"https:\/\/www.xn--krtler-3ya.com\/de#\/schema\/person\/6bcd5bbe2e1493cacc77180c1bd84881\"},\"breadcrumb\":{\"@id\":\"https:\/\/www.xn--krtler-3ya.com\/de\/artvin-kurden.html#breadcrumb\"},\"inLanguage\":\"de\",\"potentialAction\":[{\"@type\":\"ReadAction\",\"target\":[\"https:\/\/www.xn--krtler-3ya.com\/de\/artvin-kurden.html\"]}]},{\"@type\":\"ImageObject\",\"inLanguage\":\"de\",\"@id\":\"https:\/\/www.xn--krtler-3ya.com\/de\/artvin-kurden.html#primaryimage\",\"url\":\"https:\/\/www.xn--krtler-3ya.com\/wp-content\/uploads\/2020\/06\/artvin-kurtleri.png\",\"contentUrl\":\"https:\/\/www.xn--krtler-3ya.com\/wp-content\/uploads\/2020\/06\/artvin-kurtleri.png\",\"width\":650,\"height\":356},{\"@type\":\"BreadcrumbList\",\"@id\":\"https:\/\/www.xn--krtler-3ya.com\/de\/artvin-kurden.html#breadcrumb\",\"itemListElement\":[{\"@type\":\"ListItem\",\"position\":1,\"name\":\"Startseite\",\"item\":\"https:\/\/www.xn--krtler-3ya.com\/de\"},{\"@type\":\"ListItem\",\"position\":2,\"name\":\"Artvin Kurden\"}]},{\"@type\":\"WebSite\",\"@id\":\"https:\/\/www.xn--krtler-3ya.com\/de#website\",\"url\":\"https:\/\/www.xn--krtler-3ya.com\/de\",\"name\":\"k\u00fcrtler\",\"description\":\"\",\"potentialAction\":[{\"@type\":\"SearchAction\",\"target\":{\"@type\":\"EntryPoint\",\"urlTemplate\":\"https:\/\/www.xn--krtler-3ya.com\/de?s={search_term_string}\"},\"query-input\":{\"@type\":\"PropertyValueSpecification\",\"valueRequired\":true,\"valueName\":\"search_term_string\"}}],\"inLanguage\":\"de\"},{\"@type\":\"Person\",\"@id\":\"https:\/\/www.xn--krtler-3ya.com\/de#\/schema\/person\/6bcd5bbe2e1493cacc77180c1bd84881\",\"name\":\"admin\",\"image\":{\"@type\":\"ImageObject\",\"inLanguage\":\"de\",\"@id\":\"https:\/\/www.xn--krtler-3ya.com\/de#\/schema\/person\/image\/\",\"url\":\"https:\/\/www.xn--krtler-3ya.com\/wp-content\/litespeed\/avatar\/de8faab9da60e77876a3fba9edd82f20.jpg?ver=1776826433\",\"contentUrl\":\"https:\/\/www.xn--krtler-3ya.com\/wp-content\/litespeed\/avatar\/de8faab9da60e77876a3fba9edd82f20.jpg?ver=1776826433\",\"caption\":\"admin\"},\"sameAs\":[\"https:\/\/kora24.de\"],\"url\":\"https:\/\/www.xn--krtler-3ya.com\/de\/author\/youssef\"}]}<\/script>\n<!-- \/ Yoast SEO plugin. -->","yoast_head_json":{"title":"Artvin Kurden - Mit Liebe gebastelt","robots":{"index":"index","follow":"follow","max-snippet":"max-snippet:-1","max-image-preview":"max-image-preview:large","max-video-preview":"max-video-preview:-1"},"canonical":"https:\/\/www.xn--krtler-3ya.com\/de\/artvin-kurden.html","og_locale":"de_DE","og_type":"article","og_title":"Artvin Kurden - Mit Liebe gebastelt","og_description":"Ist Artvin kurdisch? In Artvin, einer der St\u00e4dte am \u00f6stlichen Schwarzen Meer, gibt es nur sehr wenige einheimische Kurden. Im Bezirk Ardanu\u00e7 nahe der Grenze zuArdahan gibt es nur wenige Kurden. Es ist bekannt, dass es saisonale Wanderungen von Maltepe-Begleitern aus Igdir und anderen kurdischen St\u00e4dten ins Hochland gibt, um in Artvin Vieh zu z\u00fcchten. &hellip;","og_url":"https:\/\/www.xn--krtler-3ya.com\/de\/artvin-kurden.html","og_site_name":"Mit Liebe gebastelt","article_published_time":"2020-06-16T20:49:24+00:00","og_image":[{"width":658,"height":317,"url":"https:\/\/www.xn--krtler-3ya.com\/wp-content\/uploads\/2020\/06\/artvin-kurt-mu.jpg","type":"image\/jpeg"}],"author":"admin","twitter_card":"summary_large_image","twitter_misc":{"Verfasst von":"admin","Gesch\u00e4tzte Lesezeit":"1\u00a0Minute"},"schema":{"@context":"https:\/\/schema.org","@graph":[{"@type":"WebPage","@id":"https:\/\/www.xn--krtler-3ya.com\/de\/artvin-kurden.html","url":"https:\/\/www.xn--krtler-3ya.com\/de\/artvin-kurden.html","name":"Artvin Kurden - Mit Liebe gebastelt","isPartOf":{"@id":"https:\/\/www.xn--krtler-3ya.com\/de#website"},"primaryImageOfPage":{"@id":"https:\/\/www.xn--krtler-3ya.com\/de\/artvin-kurden.html#primaryimage"},"image":{"@id":"https:\/\/www.xn--krtler-3ya.com\/de\/artvin-kurden.html#primaryimage"},"thumbnailUrl":"https:\/\/www.xn--krtler-3ya.com\/wp-content\/uploads\/2020\/06\/artvin-kurtleri.png","datePublished":"2020-06-16T20:49:24+00:00","dateModified":"2020-06-16T20:49:24+00:00","author":{"@id":"https:\/\/www.xn--krtler-3ya.com\/de#\/schema\/person\/6bcd5bbe2e1493cacc77180c1bd84881"},"breadcrumb":{"@id":"https:\/\/www.xn--krtler-3ya.com\/de\/artvin-kurden.html#breadcrumb"},"inLanguage":"de","potentialAction":[{"@type":"ReadAction","target":["https:\/\/www.xn--krtler-3ya.com\/de\/artvin-kurden.html"]}]},{"@type":"ImageObject","inLanguage":"de","@id":"https:\/\/www.xn--krtler-3ya.com\/de\/artvin-kurden.html#primaryimage","url":"https:\/\/www.xn--krtler-3ya.com\/wp-content\/uploads\/2020\/06\/artvin-kurtleri.png","contentUrl":"https:\/\/www.xn--krtler-3ya.com\/wp-content\/uploads\/2020\/06\/artvin-kurtleri.png","width":650,"height":356},{"@type":"BreadcrumbList","@id":"https:\/\/www.xn--krtler-3ya.com\/de\/artvin-kurden.html#breadcrumb","itemListElement":[{"@type":"ListItem","position":1,"name":"Startseite","item":"https:\/\/www.xn--krtler-3ya.com\/de"},{"@type":"ListItem","position":2,"name":"Artvin Kurden"}]},{"@type":"WebSite","@id":"https:\/\/www.xn--krtler-3ya.com\/de#website","url":"https:\/\/www.xn--krtler-3ya.com\/de","name":"k\u00fcrtler","description":"","potentialAction":[{"@type":"SearchAction","target":{"@type":"EntryPoint","urlTemplate":"https:\/\/www.xn--krtler-3ya.com\/de?s={search_term_string}"},"query-input":{"@type":"PropertyValueSpecification","valueRequired":true,"valueName":"search_term_string"}}],"inLanguage":"de"},{"@type":"Person","@id":"https:\/\/www.xn--krtler-3ya.com\/de#\/schema\/person\/6bcd5bbe2e1493cacc77180c1bd84881","name":"admin","image":{"@type":"ImageObject","inLanguage":"de","@id":"https:\/\/www.xn--krtler-3ya.com\/de#\/schema\/person\/image\/","url":"https:\/\/www.xn--krtler-3ya.com\/wp-content\/litespeed\/avatar\/de8faab9da60e77876a3fba9edd82f20.jpg?ver=1776826433","contentUrl":"https:\/\/www.xn--krtler-3ya.com\/wp-content\/litespeed\/avatar\/de8faab9da60e77876a3fba9edd82f20.jpg?ver=1776826433","caption":"admin"},"sameAs":["https:\/\/kora24.de"],"url":"https:\/\/www.xn--krtler-3ya.com\/de\/author\/youssef"}]}},"amp_enabled":true,"_links":{"self":[{"href":"https:\/\/www.xn--krtler-3ya.com\/de\/wp-json\/wp\/v2\/posts\/29693","targetHints":{"allow":["GET"]}}],"collection":[{"href":"https:\/\/www.xn--krtler-3ya.com\/de\/wp-json\/wp\/v2\/posts"}],"about":[{"href":"https:\/\/www.xn--krtler-3ya.com\/de\/wp-json\/wp\/v2\/types\/post"}],"author":[{"embeddable":true,"href":"https:\/\/www.xn--krtler-3ya.com\/de\/wp-json\/wp\/v2\/users\/1"}],"replies":[{"embeddable":true,"href":"https:\/\/www.xn--krtler-3ya.com\/de\/wp-json\/wp\/v2\/comments?post=29693"}],"version-history":[{"count":0,"href":"https:\/\/www.xn--krtler-3ya.com\/de\/wp-json\/wp\/v2\/posts\/29693\/revisions"}],"wp:featuredmedia":[{"embeddable":true,"href":"https:\/\/www.xn--krtler-3ya.com\/de\/wp-json\/wp\/v2\/media\/27373"}],"wp:attachment":[{"href":"https:\/\/www.xn--krtler-3ya.com\/de\/wp-json\/wp\/v2\/media?parent=29693"}],"wp:term":[{"taxonomy":"category","embeddable":true,"href":"https:\/\/www.xn--krtler-3ya.com\/de\/wp-json\/wp\/v2\/categories?post=29693"},{"taxonomy":"post_tag","embeddable":true,"href":"https:\/\/www.xn--krtler-3ya.com\/de\/wp-json\/wp\/v2\/tags?post=29693"}],"curies":[{"name":"wp","href":"https:\/\/api.w.org\/{rel}","templated":true}]}}