{"id":29730,"date":"2020-05-29T22:33:42","date_gmt":"2020-05-29T22:33:42","guid":{"rendered":"https:\/\/www.xn--krtler-3ya.com\/wer-ist-azer-buelbuel-woher-kommt-er-ist-er-kurdisch.html"},"modified":"2020-05-29T22:33:42","modified_gmt":"2020-05-29T22:33:42","slug":"wer-ist-azer-buelbuel-woher-kommt-er-ist-er-kurdisch","status":"publish","type":"post","link":"https:\/\/www.xn--krtler-3ya.com\/de\/wer-ist-azer-buelbuel-woher-kommt-er-ist-er-kurdisch.html","title":{"rendered":"Wer ist Azer B\u00fclb\u00fcl? Woher kommt er? Ist er kurdisch?"},"content":{"rendered":"<p><strong>Azer B\u00fclb\u00fcl<\/strong> geh\u00f6rt zu den Kultnamen <strong>der Musikwelt<\/strong>. Er ist ein K\u00fcnstler, der mit seiner Art, Lieder vorzutragen, und seinen einzigartigen Melodien zu einer \u00d6kole auf seinem Gebiet geworden ist. Er hat in seinem Leben, das man nicht als sehr lang bezeichnen kann, viele Alben aufgenommen und seine vielseitige Kunstfertigkeit unter Beweis gestellt. In diesem Artikel werden grundlegende Informationen \u00fcber ihn gegeben.   <\/p>\n<h2><strong><span style=\"color: #ff0000;\">Woher kommt Azer B\u00fclb\u00fcl?<\/span><\/strong><\/h2>\n<p><strong>Azer B\u00fclb\u00fcl<\/strong> wurde am 1. Februar 1967 im Stadtteil <strong>Arpa\u00e7ay<\/strong> in <strong>Kars<\/strong> geboren und zog schon in jungen Jahren mit seiner Familie nach Deutschland.<\/p>\n<h2><strong><span style=\"color: #ff0000;\">Ist Azer B\u00fclb\u00fcl kurdisch?<\/span><\/strong><\/h2>\n<p><strong>Azer B\u00fclb\u00fcl<\/strong> <strong>stammt aus der kurdischen Region Kars<\/strong> und hat einige seiner Lieder <strong>auf Kurdisch<\/strong> benannt<strong>.<\/strong> Sein Lied<strong> Berfu Barane<\/strong> sang er sowohl auf <strong>Kurdisch<\/strong> als auch auf <strong>T\u00fcrkisch<\/strong>.<\/p>\n<h2><strong><span style=\"color: #ff0000;\">Das Leben von Azer B\u00fclb\u00fcl<\/span><\/strong><\/h2>\n<p>Nach der Geburt von <strong>Azer B\u00fclb\u00fcl<\/strong> zog seine Familie <strong>nach Deutschland<\/strong>, wo er begann, in verschiedenen Orgasmen in Casinos zu singen. Sp\u00e4ter verlief die Zukunft von <strong>Azer B\u00fclb\u00fcl<\/strong>, auf den der Musikk\u00fcnstler <strong>Y\u0131ld\u0131z Tezcan<\/strong> aufmerksam wurde, v\u00f6llig anders.<strong> Azer B\u00fclb\u00fcls richtiger Name ist Subutay Kesgin<\/strong>und er begann sein Musikleben 1984 mit seinem ersten Album &#8222;Strange Passenger&#8220;. Obwohl er arabesk sang, entwickelte er einen einzigartigen Stil und ver\u00f6ffentlichte nach dem Erfolg seines ersten Albums ein Album nach dem anderen. W\u00e4hrend er in seiner Musikkarriere rasant vorankam, wurde er 2001 wegen Drogenkonsums zu einer 10-monatigen Haftstrafe verurteilt, die aber sp\u00e4ter in Geld umgewandelt wurde. Er gab zu, dass er in dieser Zeit Drogen konsumiert hatte und unterzog sich 4 Jahre lang einer Drogentherapie.<\/p>\n<figure id=\"attachment_27269\" aria-describedby=\"caption-attachment-27269\" style=\"width: 632px\" class=\"wp-caption aligncenter\"><img loading=\"lazy\" decoding=\"async\" class=\"wp-image-10676 size-full\" src=\"https:\/\/www.xn--krtler-3ya.com\/wp-content\/uploads\/2020\/05\/azer-bulbulun-cenaze-toreni.png\" alt=\"azer bulbul bestattung\" width=\"632\" height=\"363\"><figcaption id=\"caption-attachment-27269\" class=\"wp-caption-text\">Tausende von geliebten Menschen verabschiedeten <strong>Azer B\u00fclb\u00fcl<\/strong>auf seine letzte Reise.<\/figcaption><\/figure>\n<h2><strong><span style=\"color: #ff0000;\">Azer B\u00fclb\u00fcl Tod<\/span><\/strong><\/h2>\n<p>Im Jahr 2012, als er 44 Jahre alt war, starb er in einem Hotelzimmer <strong>in Antalya<\/strong> an einem Herzinfarkt. Sein Grab befindet sich in <strong>Istanbul Had\u0131mk\u00f6y G\u00fclbah\u00e7e<\/strong>. <\/p>\n<h2><strong><span style=\"color: #ff0000;\">Azer B\u00fclb\u00fcls Familie<\/span><\/strong><\/h2>\n<p><strong>Azer B\u00fclb\u00fcls<\/strong> Familie lebt <strong>in Deutschland<\/strong>, er war verheiratet und hat sich einmal getrennt und hat keine Kinder.<\/p>\n<h2><strong><span style=\"color: #ff0000;\">Azer Bulbul Songtext<\/span><\/strong><\/h2>\n<p>Ich habe gespielt, ich habe gespielt, ich habe gespielt in der Ungl\u00fccksszene dieser verlogenen Welt. Meine Rolle ist nicht vorbei. Sie rennen, Sie rennen, aber Sie kommen nicht an. Die Hoffnung in Ihnen w\u00e4chst so sehr, wie Sie nicht ankommen k\u00f6nnen. Ich habe nichts mehr mit dem zu tun, was ich in meinem Herzen begraben habe. Die Auferstehung der Toten ist nur f\u00fcr Gott. <\/p>\n<h2><span style=\"color: #ff0000;\">Azer-B\u00fclb\u00fcl-Alben<\/span><\/h2>\n<p>Solange <strong>Azer B\u00fclb\u00fcl <\/strong>sein k\u00fcnstlerisches Leben fortsetzte, ver\u00f6ffentlichte er eine gro\u00dfe Anzahl von Alben in Folge, fast jedes Jahr eines. In diesem Zusammenhang geh\u00f6rt er zu den produktivsten K\u00fcnstlern unseres Landes. Im Folgenden finden Sie die Alben des K\u00fcnstlers in chronologischer Reihenfolge. Hier sind diese Alben  <\/p>\n<ul>\n<li>Seltsamer Reisender 1984<\/li>\n<li>Der Name der Br\u00fcnetten ist Oya 1986<\/li>\n<li>Yalan Olur (Yoruldum) 1987<\/li>\n<li>Sch\u00f6nes M\u00e4dchen 1988<\/li>\n<li>Euphrat (Ich gehe) 1989<\/li>\n<li>Ich bin in Sie verliebt 1990<\/li>\n<li>Ein Schluck Wasser 1991<\/li>\n<li>Reise in die Berge 1993<\/li>\n<li>Ich bin Vater &amp; Bist du verletzt, O Can 1995<\/li>\n<li>Requiem (Testament) im Jahr 1996<\/li>\n<li>\u00d6stliche Brisen im Duett mit Seyfi Doganay 1996<\/li>\n<li>Eline D\u00fc\u015ft\u00fcm . Duett mit M\u00fcsl\u00fcm G\u00fcrses 1996 <\/li>\n<li>\nYine D\u00fc\u015ft\u00fcn Akl\u0131ma (Duett) Duett mit M\u00fcsl\u00fcm G\u00fcrses &amp; Mustafa Keser 1996<\/li>\n<li>Songs of My Life 1997<\/li>\n<li>Ich bin in Schwierigkeiten &amp; ich bin verletzt 1998<\/li>\n<li>Blind Bullet &amp; Ich darf dich anl\u00fcgen 1999<\/li>\n<li>Von gestern bis heute 2000<\/li>\n<li>Es fiel auf mich &amp; Warum Dedo 2000<\/li>\n<li>L\u00fcgen lieben 2001<\/li>\n<li>Ich stecke in der Klemme 2002<\/li>\n<li>Feuer brennt, wo es f\u00e4llt 2004<\/li>\n<li>Vorsprechen 2005<\/li>\n<li>Ich bin nicht ver\u00e4rgert.<\/li>\n<li>Ihr Stift zerbrach 2007<\/li>\n<li>Meine Gef\u00fchle 2011<\/li>\n<\/ul>\n<h2><span style=\"color: #ff0000;\">Filme, in denen Azer B\u00fclb\u00fcl mitspielte<\/span><\/h2>\n<p><strong>Azer B\u00fclb\u00fcl <\/strong>hat nicht nur Musikalben gemacht, sondern auch Filme in \u00dcbereinstimmung mit seinem eigenen Musikstil in der unten genannten chronologischen Reihenfolge. Hier sind diese Filme<\/p>\n<ul>\n<li>1985, Blau Blau Blau Azure: Hauptdarstellerin<\/li>\n<li>Im Jahr 1998 wurde der Hauptdarsteller von Bedel<\/li>\n<li>2002: Nebenrolle in The Russian Bride<\/li>\n<li>Im Jahr 2008 spielte er die Hauptrolle in The Debt of Loyalty<\/li>\n<li>2008, Freundlicher Hauptdarsteller<\/li>\n<li>Im Jahr 2012, als der Mafia-Boss<\/li>\n<\/ul>\n<p>Wie Sie aus der obigen Rangliste ersehen k\u00f6nnen, ist er einer der wenigen K\u00fcnstler, die in den meisten Filmen die Hauptrolle spielen und sein filmisches Talent unter Beweis stellen.<\/p>\n","protected":false},"excerpt":{"rendered":"<p>Azer B\u00fclb\u00fcl geh\u00f6rt zu den Kultnamen der Musikwelt. Er ist ein K\u00fcnstler, der mit seiner Art, Lieder vorzutragen, und seinen einzigartigen Melodien zu einer \u00d6kole auf seinem Gebiet geworden ist. Er hat in seinem Leben, das man nicht als sehr lang bezeichnen kann, viele Alben aufgenommen und seine vielseitige Kunstfertigkeit unter Beweis gestellt. In diesem &hellip;<\/p>\n","protected":false},"author":1,"featured_media":27268,"comment_status":"open","ping_status":"closed","sticky":false,"template":"","format":"standard","meta":{"footnotes":""},"categories":[6187,6875],"tags":[8068,8065,8069,8067,8066],"class_list":["post-29730","post","type-post","status-publish","format-standard","has-post-thumbnail","hentry","category-biographie","category-kurdische-beruehmtheiten","tag-azer-nachtigall-auf-kurdisch","tag-azer-nightingale-familie","tag-azer-nightingale-songtext","tag-ist-azer-bulbul-ein-kurde","tag-woher-kommt-azer-buelbuel-urspruenglich"],"yoast_head":"<!-- This site is optimized with the Yoast SEO plugin v23.7 - https:\/\/yoast.com\/wordpress\/plugins\/seo\/ -->\n<title>Wer ist Azer B\u00fclb\u00fcl? Woher kommt er? Ist er kurdisch? - Mit Liebe gebastelt<\/title>\n<meta name=\"robots\" content=\"index, follow, max-snippet:-1, max-image-preview:large, max-video-preview:-1\" \/>\n<link rel=\"canonical\" href=\"https:\/\/www.xn--krtler-3ya.com\/de\/wer-ist-azer-buelbuel-woher-kommt-er-ist-er-kurdisch.html\" \/>\n<meta property=\"og:locale\" content=\"de_DE\" \/>\n<meta property=\"og:type\" content=\"article\" \/>\n<meta property=\"og:title\" content=\"Wer ist Azer B\u00fclb\u00fcl? Woher kommt er? Ist er kurdisch? - Mit Liebe gebastelt\" \/>\n<meta property=\"og:description\" content=\"Azer B\u00fclb\u00fcl geh\u00f6rt zu den Kultnamen der Musikwelt. Er ist ein K\u00fcnstler, der mit seiner Art, Lieder vorzutragen, und seinen einzigartigen Melodien zu einer \u00d6kole auf seinem Gebiet geworden ist. Er hat in seinem Leben, das man nicht als sehr lang bezeichnen kann, viele Alben aufgenommen und seine vielseitige Kunstfertigkeit unter Beweis gestellt. In diesem &hellip;\" \/>\n<meta property=\"og:url\" content=\"https:\/\/www.xn--krtler-3ya.com\/de\/wer-ist-azer-buelbuel-woher-kommt-er-ist-er-kurdisch.html\" \/>\n<meta property=\"og:site_name\" content=\"Mit Liebe gebastelt\" \/>\n<meta property=\"article:published_time\" content=\"2020-05-29T22:33:42+00:00\" \/>\n<meta property=\"og:image\" content=\"https:\/\/www.xn--krtler-3ya.com\/wp-content\/uploads\/2020\/05\/azer-bulbul-kimdir-nerelidir.jpg\" \/>\n\t<meta property=\"og:image:width\" content=\"650\" \/>\n\t<meta property=\"og:image:height\" content=\"362\" \/>\n\t<meta property=\"og:image:type\" content=\"image\/jpeg\" \/>\n<meta name=\"author\" content=\"admin\" \/>\n<meta name=\"twitter:card\" content=\"summary_large_image\" \/>\n<meta name=\"twitter:label1\" content=\"Verfasst von\" \/>\n\t<meta name=\"twitter:data1\" content=\"admin\" \/>\n\t<meta name=\"twitter:label2\" content=\"Gesch\u00e4tzte Lesezeit\" \/>\n\t<meta name=\"twitter:data2\" content=\"4\u00a0Minuten\" \/>\n<script type=\"application\/ld+json\" class=\"yoast-schema-graph\">{\"@context\":\"https:\/\/schema.org\",\"@graph\":[{\"@type\":\"WebPage\",\"@id\":\"https:\/\/www.xn--krtler-3ya.com\/de\/wer-ist-azer-buelbuel-woher-kommt-er-ist-er-kurdisch.html\",\"url\":\"https:\/\/www.xn--krtler-3ya.com\/de\/wer-ist-azer-buelbuel-woher-kommt-er-ist-er-kurdisch.html\",\"name\":\"Wer ist Azer B\u00fclb\u00fcl? Woher kommt er? Ist er kurdisch? - Mit Liebe gebastelt\",\"isPartOf\":{\"@id\":\"https:\/\/www.xn--krtler-3ya.com\/de#website\"},\"primaryImageOfPage\":{\"@id\":\"https:\/\/www.xn--krtler-3ya.com\/de\/wer-ist-azer-buelbuel-woher-kommt-er-ist-er-kurdisch.html#primaryimage\"},\"image\":{\"@id\":\"https:\/\/www.xn--krtler-3ya.com\/de\/wer-ist-azer-buelbuel-woher-kommt-er-ist-er-kurdisch.html#primaryimage\"},\"thumbnailUrl\":\"https:\/\/www.xn--krtler-3ya.com\/wp-content\/uploads\/2020\/05\/azer-bulbul-kimdir-nerelidir.jpg\",\"datePublished\":\"2020-05-29T22:33:42+00:00\",\"dateModified\":\"2020-05-29T22:33:42+00:00\",\"author\":{\"@id\":\"https:\/\/www.xn--krtler-3ya.com\/de#\/schema\/person\/6bcd5bbe2e1493cacc77180c1bd84881\"},\"breadcrumb\":{\"@id\":\"https:\/\/www.xn--krtler-3ya.com\/de\/wer-ist-azer-buelbuel-woher-kommt-er-ist-er-kurdisch.html#breadcrumb\"},\"inLanguage\":\"de\",\"potentialAction\":[{\"@type\":\"ReadAction\",\"target\":[\"https:\/\/www.xn--krtler-3ya.com\/de\/wer-ist-azer-buelbuel-woher-kommt-er-ist-er-kurdisch.html\"]}]},{\"@type\":\"ImageObject\",\"inLanguage\":\"de\",\"@id\":\"https:\/\/www.xn--krtler-3ya.com\/de\/wer-ist-azer-buelbuel-woher-kommt-er-ist-er-kurdisch.html#primaryimage\",\"url\":\"https:\/\/www.xn--krtler-3ya.com\/wp-content\/uploads\/2020\/05\/azer-bulbul-kimdir-nerelidir.jpg\",\"contentUrl\":\"https:\/\/www.xn--krtler-3ya.com\/wp-content\/uploads\/2020\/05\/azer-bulbul-kimdir-nerelidir.jpg\",\"width\":650,\"height\":362},{\"@type\":\"BreadcrumbList\",\"@id\":\"https:\/\/www.xn--krtler-3ya.com\/de\/wer-ist-azer-buelbuel-woher-kommt-er-ist-er-kurdisch.html#breadcrumb\",\"itemListElement\":[{\"@type\":\"ListItem\",\"position\":1,\"name\":\"Startseite\",\"item\":\"https:\/\/www.xn--krtler-3ya.com\/de\"},{\"@type\":\"ListItem\",\"position\":2,\"name\":\"Wer ist Azer B\u00fclb\u00fcl? Woher kommt er? Ist er kurdisch?\"}]},{\"@type\":\"WebSite\",\"@id\":\"https:\/\/www.xn--krtler-3ya.com\/de#website\",\"url\":\"https:\/\/www.xn--krtler-3ya.com\/de\",\"name\":\"k\u00fcrtler\",\"description\":\"\",\"potentialAction\":[{\"@type\":\"SearchAction\",\"target\":{\"@type\":\"EntryPoint\",\"urlTemplate\":\"https:\/\/www.xn--krtler-3ya.com\/de?s={search_term_string}\"},\"query-input\":{\"@type\":\"PropertyValueSpecification\",\"valueRequired\":true,\"valueName\":\"search_term_string\"}}],\"inLanguage\":\"de\"},{\"@type\":\"Person\",\"@id\":\"https:\/\/www.xn--krtler-3ya.com\/de#\/schema\/person\/6bcd5bbe2e1493cacc77180c1bd84881\",\"name\":\"admin\",\"image\":{\"@type\":\"ImageObject\",\"inLanguage\":\"de\",\"@id\":\"https:\/\/www.xn--krtler-3ya.com\/de#\/schema\/person\/image\/\",\"url\":\"https:\/\/www.xn--krtler-3ya.com\/wp-content\/litespeed\/avatar\/de8faab9da60e77876a3fba9edd82f20.jpg?ver=1777431259\",\"contentUrl\":\"https:\/\/www.xn--krtler-3ya.com\/wp-content\/litespeed\/avatar\/de8faab9da60e77876a3fba9edd82f20.jpg?ver=1777431259\",\"caption\":\"admin\"},\"sameAs\":[\"https:\/\/kora24.de\"],\"url\":\"https:\/\/www.xn--krtler-3ya.com\/de\/author\/youssef\"}]}<\/script>\n<!-- \/ Yoast SEO plugin. -->","yoast_head_json":{"title":"Wer ist Azer B\u00fclb\u00fcl? Woher kommt er? Ist er kurdisch? - Mit Liebe gebastelt","robots":{"index":"index","follow":"follow","max-snippet":"max-snippet:-1","max-image-preview":"max-image-preview:large","max-video-preview":"max-video-preview:-1"},"canonical":"https:\/\/www.xn--krtler-3ya.com\/de\/wer-ist-azer-buelbuel-woher-kommt-er-ist-er-kurdisch.html","og_locale":"de_DE","og_type":"article","og_title":"Wer ist Azer B\u00fclb\u00fcl? Woher kommt er? Ist er kurdisch? - Mit Liebe gebastelt","og_description":"Azer B\u00fclb\u00fcl geh\u00f6rt zu den Kultnamen der Musikwelt. Er ist ein K\u00fcnstler, der mit seiner Art, Lieder vorzutragen, und seinen einzigartigen Melodien zu einer \u00d6kole auf seinem Gebiet geworden ist. Er hat in seinem Leben, das man nicht als sehr lang bezeichnen kann, viele Alben aufgenommen und seine vielseitige Kunstfertigkeit unter Beweis gestellt. In diesem &hellip;","og_url":"https:\/\/www.xn--krtler-3ya.com\/de\/wer-ist-azer-buelbuel-woher-kommt-er-ist-er-kurdisch.html","og_site_name":"Mit Liebe gebastelt","article_published_time":"2020-05-29T22:33:42+00:00","og_image":[{"width":650,"height":362,"url":"https:\/\/www.xn--krtler-3ya.com\/wp-content\/uploads\/2020\/05\/azer-bulbul-kimdir-nerelidir.jpg","type":"image\/jpeg"}],"author":"admin","twitter_card":"summary_large_image","twitter_misc":{"Verfasst von":"admin","Gesch\u00e4tzte Lesezeit":"4\u00a0Minuten"},"schema":{"@context":"https:\/\/schema.org","@graph":[{"@type":"WebPage","@id":"https:\/\/www.xn--krtler-3ya.com\/de\/wer-ist-azer-buelbuel-woher-kommt-er-ist-er-kurdisch.html","url":"https:\/\/www.xn--krtler-3ya.com\/de\/wer-ist-azer-buelbuel-woher-kommt-er-ist-er-kurdisch.html","name":"Wer ist Azer B\u00fclb\u00fcl? Woher kommt er? Ist er kurdisch? - Mit Liebe gebastelt","isPartOf":{"@id":"https:\/\/www.xn--krtler-3ya.com\/de#website"},"primaryImageOfPage":{"@id":"https:\/\/www.xn--krtler-3ya.com\/de\/wer-ist-azer-buelbuel-woher-kommt-er-ist-er-kurdisch.html#primaryimage"},"image":{"@id":"https:\/\/www.xn--krtler-3ya.com\/de\/wer-ist-azer-buelbuel-woher-kommt-er-ist-er-kurdisch.html#primaryimage"},"thumbnailUrl":"https:\/\/www.xn--krtler-3ya.com\/wp-content\/uploads\/2020\/05\/azer-bulbul-kimdir-nerelidir.jpg","datePublished":"2020-05-29T22:33:42+00:00","dateModified":"2020-05-29T22:33:42+00:00","author":{"@id":"https:\/\/www.xn--krtler-3ya.com\/de#\/schema\/person\/6bcd5bbe2e1493cacc77180c1bd84881"},"breadcrumb":{"@id":"https:\/\/www.xn--krtler-3ya.com\/de\/wer-ist-azer-buelbuel-woher-kommt-er-ist-er-kurdisch.html#breadcrumb"},"inLanguage":"de","potentialAction":[{"@type":"ReadAction","target":["https:\/\/www.xn--krtler-3ya.com\/de\/wer-ist-azer-buelbuel-woher-kommt-er-ist-er-kurdisch.html"]}]},{"@type":"ImageObject","inLanguage":"de","@id":"https:\/\/www.xn--krtler-3ya.com\/de\/wer-ist-azer-buelbuel-woher-kommt-er-ist-er-kurdisch.html#primaryimage","url":"https:\/\/www.xn--krtler-3ya.com\/wp-content\/uploads\/2020\/05\/azer-bulbul-kimdir-nerelidir.jpg","contentUrl":"https:\/\/www.xn--krtler-3ya.com\/wp-content\/uploads\/2020\/05\/azer-bulbul-kimdir-nerelidir.jpg","width":650,"height":362},{"@type":"BreadcrumbList","@id":"https:\/\/www.xn--krtler-3ya.com\/de\/wer-ist-azer-buelbuel-woher-kommt-er-ist-er-kurdisch.html#breadcrumb","itemListElement":[{"@type":"ListItem","position":1,"name":"Startseite","item":"https:\/\/www.xn--krtler-3ya.com\/de"},{"@type":"ListItem","position":2,"name":"Wer ist Azer B\u00fclb\u00fcl? Woher kommt er? Ist er kurdisch?"}]},{"@type":"WebSite","@id":"https:\/\/www.xn--krtler-3ya.com\/de#website","url":"https:\/\/www.xn--krtler-3ya.com\/de","name":"k\u00fcrtler","description":"","potentialAction":[{"@type":"SearchAction","target":{"@type":"EntryPoint","urlTemplate":"https:\/\/www.xn--krtler-3ya.com\/de?s={search_term_string}"},"query-input":{"@type":"PropertyValueSpecification","valueRequired":true,"valueName":"search_term_string"}}],"inLanguage":"de"},{"@type":"Person","@id":"https:\/\/www.xn--krtler-3ya.com\/de#\/schema\/person\/6bcd5bbe2e1493cacc77180c1bd84881","name":"admin","image":{"@type":"ImageObject","inLanguage":"de","@id":"https:\/\/www.xn--krtler-3ya.com\/de#\/schema\/person\/image\/","url":"https:\/\/www.xn--krtler-3ya.com\/wp-content\/litespeed\/avatar\/de8faab9da60e77876a3fba9edd82f20.jpg?ver=1777431259","contentUrl":"https:\/\/www.xn--krtler-3ya.com\/wp-content\/litespeed\/avatar\/de8faab9da60e77876a3fba9edd82f20.jpg?ver=1777431259","caption":"admin"},"sameAs":["https:\/\/kora24.de"],"url":"https:\/\/www.xn--krtler-3ya.com\/de\/author\/youssef"}]}},"amp_enabled":true,"_links":{"self":[{"href":"https:\/\/www.xn--krtler-3ya.com\/de\/wp-json\/wp\/v2\/posts\/29730","targetHints":{"allow":["GET"]}}],"collection":[{"href":"https:\/\/www.xn--krtler-3ya.com\/de\/wp-json\/wp\/v2\/posts"}],"about":[{"href":"https:\/\/www.xn--krtler-3ya.com\/de\/wp-json\/wp\/v2\/types\/post"}],"author":[{"embeddable":true,"href":"https:\/\/www.xn--krtler-3ya.com\/de\/wp-json\/wp\/v2\/users\/1"}],"replies":[{"embeddable":true,"href":"https:\/\/www.xn--krtler-3ya.com\/de\/wp-json\/wp\/v2\/comments?post=29730"}],"version-history":[{"count":0,"href":"https:\/\/www.xn--krtler-3ya.com\/de\/wp-json\/wp\/v2\/posts\/29730\/revisions"}],"wp:featuredmedia":[{"embeddable":true,"href":"https:\/\/www.xn--krtler-3ya.com\/de\/wp-json\/wp\/v2\/media\/27268"}],"wp:attachment":[{"href":"https:\/\/www.xn--krtler-3ya.com\/de\/wp-json\/wp\/v2\/media?parent=29730"}],"wp:term":[{"taxonomy":"category","embeddable":true,"href":"https:\/\/www.xn--krtler-3ya.com\/de\/wp-json\/wp\/v2\/categories?post=29730"},{"taxonomy":"post_tag","embeddable":true,"href":"https:\/\/www.xn--krtler-3ya.com\/de\/wp-json\/wp\/v2\/tags?post=29730"}],"curies":[{"name":"wp","href":"https:\/\/api.w.org\/{rel}","templated":true}]}}