{"id":29740,"date":"2020-05-18T22:24:07","date_gmt":"2020-05-18T22:24:07","guid":{"rendered":"https:\/\/www.xn--krtler-3ya.com\/ist-afyonkarahisar-kurdisch.html"},"modified":"2020-05-18T22:24:07","modified_gmt":"2020-05-18T22:24:07","slug":"ist-afyonkarahisar-kurdisch","status":"publish","type":"post","link":"https:\/\/www.xn--krtler-3ya.com\/de\/ist-afyonkarahisar-kurdisch.html","title":{"rendered":"Ist Afyonkarahisar kurdisch?"},"content":{"rendered":"<p>Es stellt sich die Frage, ob es eine lokale <strong>kurdische<\/strong> Bev\u00f6lkerung <strong>in Afyonkarahisar <\/strong> gibt, und wir setzen unsere Nachforschungen auf dieser Grundlage fort. Nach der Gr\u00fcndung der Republik wurden sie aus verschiedenen politischen Gr\u00fcnden aus dem Osten und S\u00fcdosten nach <strong>Afyonkarahisar<\/strong> verbannt. <strong>In Afyonkarahisar<\/strong> gibt es nur eine sehr geringe Anzahl von <strong>Kurden<\/strong>. <strong>Kurden<\/strong>, die w\u00e4hrend der <strong>osmanischen<\/strong> Zeit in verschiedene Teile Anatoliens verbannt wurden, gr\u00fcndeten D\u00f6rfer und viele D\u00f6rfer wurden damals<strong>&#8222;Kurden<\/strong>&#8220; genannt. W\u00e4hrend Dutzende von D\u00f6rfern<strong>&#8222;Kurden<\/strong>&#8220; hie\u00dfen, gibt es heute leider keine D\u00f6rfer mehr mit diesem Namen, da die Namen der D\u00f6rfer alle t\u00fcrkisiert wurden. Es gibt einige <strong>kurdische<\/strong> D\u00f6rfer im Bezirk <strong>Dinar<\/strong>, insbesondere in <strong>\u015euhut und Emirda\u011f<\/strong>.<\/p>\n<p>Tekin, Tatarl\u0131, No\u011fayl\u0131 D\u00f6rfer<strong>(Distrikt Dinar<\/strong>) <strong>\u015euhut Distrikt<\/strong> Ortap\u0131nar Dorf<strong>Emirda\u011f Distrikt<\/strong> Davulga, B\u00fcy\u00fcktu\u011fluk, A\u015fa\u011f\u0131piribeyli D\u00f6rfer Unsere Recherchen laufen und unsere Artikel werden aktualisiert. Neben den einheimischen<strong>Kurden<\/strong> waren auch <strong>kurdische<\/strong> Studenten, die zum Studium nach <strong>Afyonkarahisar<\/strong> kamen, verschiedenen rassistischen Angriffen ausgesetzt.<\/p>\n<p><span style=\"color: #0000ff;\"><strong><a style=\"color: #0000ff;\" href=\"https:\/\/www.evrensel.net\/haber\/45054\/afyonda-kurtlere-linc-girisimi\">https:\/\/www.evrensel.net\/haber\/45054\/afyonda-kurtlere-linc-girisimi<\/a><\/strong><\/span><\/p>\n<p><strong><span style=\"color: #0000ff;\"><a style=\"color: #0000ff;\" href=\"https:\/\/m.bianet.org\/bianet\/insan-haklari\/152620-afyon-daki-kurt-ogrenciler-linc-korkusu-yasiyor\">https:\/\/m.bianet.org\/bianet\/insan-haklari\/152620-afyon-daki-kurt-ogrenciler-linc-korkusu-yasiyor<\/a><\/span><\/strong><\/p>\n","protected":false},"excerpt":{"rendered":"<p>Es stellt sich die Frage, ob es eine lokale kurdische Bev\u00f6lkerung in Afyonkarahisar gibt, und wir setzen unsere Nachforschungen auf dieser Grundlage fort. Nach der Gr\u00fcndung der Republik wurden sie aus verschiedenen politischen Gr\u00fcnden aus dem Osten und S\u00fcdosten nach Afyonkarahisar verbannt. In Afyonkarahisar gibt es nur eine sehr geringe Anzahl von Kurden. Kurden, die &hellip;<\/p>\n","protected":false},"author":1,"featured_media":27244,"comment_status":"open","ping_status":"closed","sticky":false,"template":"","format":"standard","meta":{"footnotes":""},"categories":[6050],"tags":[8125,8124],"class_list":["post-29740","post","type-post","status-publish","format-standard","has-post-thumbnail","hentry","category-kurdische-geschichte","tag-ist-afyonkarahisar-kurdisch","tag-kurden-von-afyon"],"yoast_head":"<!-- This site is optimized with the Yoast SEO plugin v23.7 - https:\/\/yoast.com\/wordpress\/plugins\/seo\/ -->\n<title>Ist Afyonkarahisar kurdisch? - Mit Liebe gebastelt<\/title>\n<meta name=\"robots\" content=\"index, follow, max-snippet:-1, max-image-preview:large, max-video-preview:-1\" \/>\n<link rel=\"canonical\" href=\"https:\/\/www.xn--krtler-3ya.com\/de\/ist-afyonkarahisar-kurdisch.html\" \/>\n<meta property=\"og:locale\" content=\"de_DE\" \/>\n<meta property=\"og:type\" content=\"article\" \/>\n<meta property=\"og:title\" content=\"Ist Afyonkarahisar kurdisch? - Mit Liebe gebastelt\" \/>\n<meta property=\"og:description\" content=\"Es stellt sich die Frage, ob es eine lokale kurdische Bev\u00f6lkerung in Afyonkarahisar gibt, und wir setzen unsere Nachforschungen auf dieser Grundlage fort. Nach der Gr\u00fcndung der Republik wurden sie aus verschiedenen politischen Gr\u00fcnden aus dem Osten und S\u00fcdosten nach Afyonkarahisar verbannt. In Afyonkarahisar gibt es nur eine sehr geringe Anzahl von Kurden. Kurden, die &hellip;\" \/>\n<meta property=\"og:url\" content=\"https:\/\/www.xn--krtler-3ya.com\/de\/ist-afyonkarahisar-kurdisch.html\" \/>\n<meta property=\"og:site_name\" content=\"Mit Liebe gebastelt\" \/>\n<meta property=\"article:published_time\" content=\"2020-05-18T22:24:07+00:00\" \/>\n<meta property=\"og:image\" content=\"https:\/\/www.xn--krtler-3ya.com\/wp-content\/uploads\/2020\/05\/afyonkarahisar-kurtleri.jpg\" \/>\n\t<meta property=\"og:image:width\" content=\"640\" \/>\n\t<meta property=\"og:image:height\" content=\"363\" \/>\n\t<meta property=\"og:image:type\" content=\"image\/jpeg\" \/>\n<meta name=\"author\" content=\"admin\" \/>\n<meta name=\"twitter:card\" content=\"summary_large_image\" \/>\n<meta name=\"twitter:label1\" content=\"Verfasst von\" \/>\n\t<meta name=\"twitter:data1\" content=\"admin\" \/>\n\t<meta name=\"twitter:label2\" content=\"Gesch\u00e4tzte Lesezeit\" \/>\n\t<meta name=\"twitter:data2\" content=\"1\u00a0Minute\" \/>\n<script type=\"application\/ld+json\" class=\"yoast-schema-graph\">{\"@context\":\"https:\/\/schema.org\",\"@graph\":[{\"@type\":\"WebPage\",\"@id\":\"https:\/\/www.xn--krtler-3ya.com\/de\/ist-afyonkarahisar-kurdisch.html\",\"url\":\"https:\/\/www.xn--krtler-3ya.com\/de\/ist-afyonkarahisar-kurdisch.html\",\"name\":\"Ist Afyonkarahisar kurdisch? - Mit Liebe gebastelt\",\"isPartOf\":{\"@id\":\"https:\/\/www.xn--krtler-3ya.com\/de#website\"},\"primaryImageOfPage\":{\"@id\":\"https:\/\/www.xn--krtler-3ya.com\/de\/ist-afyonkarahisar-kurdisch.html#primaryimage\"},\"image\":{\"@id\":\"https:\/\/www.xn--krtler-3ya.com\/de\/ist-afyonkarahisar-kurdisch.html#primaryimage\"},\"thumbnailUrl\":\"https:\/\/www.xn--krtler-3ya.com\/wp-content\/uploads\/2020\/05\/afyonkarahisar-kurtleri.jpg\",\"datePublished\":\"2020-05-18T22:24:07+00:00\",\"dateModified\":\"2020-05-18T22:24:07+00:00\",\"author\":{\"@id\":\"https:\/\/www.xn--krtler-3ya.com\/de#\/schema\/person\/6bcd5bbe2e1493cacc77180c1bd84881\"},\"breadcrumb\":{\"@id\":\"https:\/\/www.xn--krtler-3ya.com\/de\/ist-afyonkarahisar-kurdisch.html#breadcrumb\"},\"inLanguage\":\"de\",\"potentialAction\":[{\"@type\":\"ReadAction\",\"target\":[\"https:\/\/www.xn--krtler-3ya.com\/de\/ist-afyonkarahisar-kurdisch.html\"]}]},{\"@type\":\"ImageObject\",\"inLanguage\":\"de\",\"@id\":\"https:\/\/www.xn--krtler-3ya.com\/de\/ist-afyonkarahisar-kurdisch.html#primaryimage\",\"url\":\"https:\/\/www.xn--krtler-3ya.com\/wp-content\/uploads\/2020\/05\/afyonkarahisar-kurtleri.jpg\",\"contentUrl\":\"https:\/\/www.xn--krtler-3ya.com\/wp-content\/uploads\/2020\/05\/afyonkarahisar-kurtleri.jpg\",\"width\":640,\"height\":363},{\"@type\":\"BreadcrumbList\",\"@id\":\"https:\/\/www.xn--krtler-3ya.com\/de\/ist-afyonkarahisar-kurdisch.html#breadcrumb\",\"itemListElement\":[{\"@type\":\"ListItem\",\"position\":1,\"name\":\"Startseite\",\"item\":\"https:\/\/www.xn--krtler-3ya.com\/de\"},{\"@type\":\"ListItem\",\"position\":2,\"name\":\"Ist Afyonkarahisar kurdisch?\"}]},{\"@type\":\"WebSite\",\"@id\":\"https:\/\/www.xn--krtler-3ya.com\/de#website\",\"url\":\"https:\/\/www.xn--krtler-3ya.com\/de\",\"name\":\"k\u00fcrtler\",\"description\":\"\",\"potentialAction\":[{\"@type\":\"SearchAction\",\"target\":{\"@type\":\"EntryPoint\",\"urlTemplate\":\"https:\/\/www.xn--krtler-3ya.com\/de?s={search_term_string}\"},\"query-input\":{\"@type\":\"PropertyValueSpecification\",\"valueRequired\":true,\"valueName\":\"search_term_string\"}}],\"inLanguage\":\"de\"},{\"@type\":\"Person\",\"@id\":\"https:\/\/www.xn--krtler-3ya.com\/de#\/schema\/person\/6bcd5bbe2e1493cacc77180c1bd84881\",\"name\":\"admin\",\"image\":{\"@type\":\"ImageObject\",\"inLanguage\":\"de\",\"@id\":\"https:\/\/www.xn--krtler-3ya.com\/de#\/schema\/person\/image\/\",\"url\":\"https:\/\/www.xn--krtler-3ya.com\/wp-content\/litespeed\/avatar\/de8faab9da60e77876a3fba9edd82f20.jpg?ver=1776826433\",\"contentUrl\":\"https:\/\/www.xn--krtler-3ya.com\/wp-content\/litespeed\/avatar\/de8faab9da60e77876a3fba9edd82f20.jpg?ver=1776826433\",\"caption\":\"admin\"},\"sameAs\":[\"https:\/\/kora24.de\"],\"url\":\"https:\/\/www.xn--krtler-3ya.com\/de\/author\/youssef\"}]}<\/script>\n<!-- \/ Yoast SEO plugin. -->","yoast_head_json":{"title":"Ist Afyonkarahisar kurdisch? - Mit Liebe gebastelt","robots":{"index":"index","follow":"follow","max-snippet":"max-snippet:-1","max-image-preview":"max-image-preview:large","max-video-preview":"max-video-preview:-1"},"canonical":"https:\/\/www.xn--krtler-3ya.com\/de\/ist-afyonkarahisar-kurdisch.html","og_locale":"de_DE","og_type":"article","og_title":"Ist Afyonkarahisar kurdisch? - Mit Liebe gebastelt","og_description":"Es stellt sich die Frage, ob es eine lokale kurdische Bev\u00f6lkerung in Afyonkarahisar gibt, und wir setzen unsere Nachforschungen auf dieser Grundlage fort. Nach der Gr\u00fcndung der Republik wurden sie aus verschiedenen politischen Gr\u00fcnden aus dem Osten und S\u00fcdosten nach Afyonkarahisar verbannt. In Afyonkarahisar gibt es nur eine sehr geringe Anzahl von Kurden. Kurden, die &hellip;","og_url":"https:\/\/www.xn--krtler-3ya.com\/de\/ist-afyonkarahisar-kurdisch.html","og_site_name":"Mit Liebe gebastelt","article_published_time":"2020-05-18T22:24:07+00:00","og_image":[{"width":640,"height":363,"url":"https:\/\/www.xn--krtler-3ya.com\/wp-content\/uploads\/2020\/05\/afyonkarahisar-kurtleri.jpg","type":"image\/jpeg"}],"author":"admin","twitter_card":"summary_large_image","twitter_misc":{"Verfasst von":"admin","Gesch\u00e4tzte Lesezeit":"1\u00a0Minute"},"schema":{"@context":"https:\/\/schema.org","@graph":[{"@type":"WebPage","@id":"https:\/\/www.xn--krtler-3ya.com\/de\/ist-afyonkarahisar-kurdisch.html","url":"https:\/\/www.xn--krtler-3ya.com\/de\/ist-afyonkarahisar-kurdisch.html","name":"Ist Afyonkarahisar kurdisch? - Mit Liebe gebastelt","isPartOf":{"@id":"https:\/\/www.xn--krtler-3ya.com\/de#website"},"primaryImageOfPage":{"@id":"https:\/\/www.xn--krtler-3ya.com\/de\/ist-afyonkarahisar-kurdisch.html#primaryimage"},"image":{"@id":"https:\/\/www.xn--krtler-3ya.com\/de\/ist-afyonkarahisar-kurdisch.html#primaryimage"},"thumbnailUrl":"https:\/\/www.xn--krtler-3ya.com\/wp-content\/uploads\/2020\/05\/afyonkarahisar-kurtleri.jpg","datePublished":"2020-05-18T22:24:07+00:00","dateModified":"2020-05-18T22:24:07+00:00","author":{"@id":"https:\/\/www.xn--krtler-3ya.com\/de#\/schema\/person\/6bcd5bbe2e1493cacc77180c1bd84881"},"breadcrumb":{"@id":"https:\/\/www.xn--krtler-3ya.com\/de\/ist-afyonkarahisar-kurdisch.html#breadcrumb"},"inLanguage":"de","potentialAction":[{"@type":"ReadAction","target":["https:\/\/www.xn--krtler-3ya.com\/de\/ist-afyonkarahisar-kurdisch.html"]}]},{"@type":"ImageObject","inLanguage":"de","@id":"https:\/\/www.xn--krtler-3ya.com\/de\/ist-afyonkarahisar-kurdisch.html#primaryimage","url":"https:\/\/www.xn--krtler-3ya.com\/wp-content\/uploads\/2020\/05\/afyonkarahisar-kurtleri.jpg","contentUrl":"https:\/\/www.xn--krtler-3ya.com\/wp-content\/uploads\/2020\/05\/afyonkarahisar-kurtleri.jpg","width":640,"height":363},{"@type":"BreadcrumbList","@id":"https:\/\/www.xn--krtler-3ya.com\/de\/ist-afyonkarahisar-kurdisch.html#breadcrumb","itemListElement":[{"@type":"ListItem","position":1,"name":"Startseite","item":"https:\/\/www.xn--krtler-3ya.com\/de"},{"@type":"ListItem","position":2,"name":"Ist Afyonkarahisar kurdisch?"}]},{"@type":"WebSite","@id":"https:\/\/www.xn--krtler-3ya.com\/de#website","url":"https:\/\/www.xn--krtler-3ya.com\/de","name":"k\u00fcrtler","description":"","potentialAction":[{"@type":"SearchAction","target":{"@type":"EntryPoint","urlTemplate":"https:\/\/www.xn--krtler-3ya.com\/de?s={search_term_string}"},"query-input":{"@type":"PropertyValueSpecification","valueRequired":true,"valueName":"search_term_string"}}],"inLanguage":"de"},{"@type":"Person","@id":"https:\/\/www.xn--krtler-3ya.com\/de#\/schema\/person\/6bcd5bbe2e1493cacc77180c1bd84881","name":"admin","image":{"@type":"ImageObject","inLanguage":"de","@id":"https:\/\/www.xn--krtler-3ya.com\/de#\/schema\/person\/image\/","url":"https:\/\/www.xn--krtler-3ya.com\/wp-content\/litespeed\/avatar\/de8faab9da60e77876a3fba9edd82f20.jpg?ver=1776826433","contentUrl":"https:\/\/www.xn--krtler-3ya.com\/wp-content\/litespeed\/avatar\/de8faab9da60e77876a3fba9edd82f20.jpg?ver=1776826433","caption":"admin"},"sameAs":["https:\/\/kora24.de"],"url":"https:\/\/www.xn--krtler-3ya.com\/de\/author\/youssef"}]}},"amp_enabled":true,"_links":{"self":[{"href":"https:\/\/www.xn--krtler-3ya.com\/de\/wp-json\/wp\/v2\/posts\/29740","targetHints":{"allow":["GET"]}}],"collection":[{"href":"https:\/\/www.xn--krtler-3ya.com\/de\/wp-json\/wp\/v2\/posts"}],"about":[{"href":"https:\/\/www.xn--krtler-3ya.com\/de\/wp-json\/wp\/v2\/types\/post"}],"author":[{"embeddable":true,"href":"https:\/\/www.xn--krtler-3ya.com\/de\/wp-json\/wp\/v2\/users\/1"}],"replies":[{"embeddable":true,"href":"https:\/\/www.xn--krtler-3ya.com\/de\/wp-json\/wp\/v2\/comments?post=29740"}],"version-history":[{"count":0,"href":"https:\/\/www.xn--krtler-3ya.com\/de\/wp-json\/wp\/v2\/posts\/29740\/revisions"}],"wp:featuredmedia":[{"embeddable":true,"href":"https:\/\/www.xn--krtler-3ya.com\/de\/wp-json\/wp\/v2\/media\/27244"}],"wp:attachment":[{"href":"https:\/\/www.xn--krtler-3ya.com\/de\/wp-json\/wp\/v2\/media?parent=29740"}],"wp:term":[{"taxonomy":"category","embeddable":true,"href":"https:\/\/www.xn--krtler-3ya.com\/de\/wp-json\/wp\/v2\/categories?post=29740"},{"taxonomy":"post_tag","embeddable":true,"href":"https:\/\/www.xn--krtler-3ya.com\/de\/wp-json\/wp\/v2\/tags?post=29740"}],"curies":[{"name":"wp","href":"https:\/\/api.w.org\/{rel}","templated":true}]}}