{"id":29751,"date":"2020-05-03T22:41:41","date_gmt":"2020-05-03T22:41:41","guid":{"rendered":"https:\/\/www.xn--krtler-3ya.com\/kurden-von-elazig.html"},"modified":"2020-05-03T22:41:41","modified_gmt":"2020-05-03T22:41:41","slug":"kurden-von-elazig","status":"publish","type":"post","link":"https:\/\/www.xn--krtler-3ya.com\/de\/kurden-von-elazig.html","title":{"rendered":"Kurden von Elazig"},"content":{"rendered":"<p>Zuvor <strong><span style=\"color: #0000ff;\"><a style=\"color: #0000ff;\" href=\"https:\/\/www.xn--krtler-3ya.com\/kategori\/kurt-tarihi\">Kurdische Geschichte<\/a><\/span><\/strong> Wie wir in unseren Artikeln in diesem Zusammenhang festgestellt haben, ist <strong>Elaz\u0131\u011f<\/strong> eine Stadt, die im Rahmen der <strong>T\u00fcrkisierungspolitik<\/strong> besonders bearbeitet wurde<strong>. Neben Elaz\u0131\u011f<\/strong> sehen wir dies auch in den St\u00e4dten <strong>Malatya<\/strong> und <strong>Erzincan<\/strong>. <strong>Die kurdische Bev\u00f6lkerung<\/strong>in diesen St\u00e4dten wurde reduziert und es wurden <strong>T\u00fcrkisierungsbem\u00fchungen<\/strong> unternommen, indem<strong> t\u00fcrkische Gemeinschaften<\/strong> aus anderen Gegenden angesiedelt wurden.<\/p>\n<h2><strong><span style=\"color: #ff0000;\">Ist Elazig kurdisch?<\/span><\/strong><\/h2>\n<p><strong>Elaz\u0131\u011f<\/strong>, fr\u00fcher bekannt als <strong>Harput<\/strong>, war w\u00e4hrend der <strong>osmanischen<\/strong> Zeit sowohl <strong>kurdisch (Zaza)<\/strong> als auch <strong>t\u00fcrkisch<\/strong> besiedelt. Im <strong>Reisebericht<\/strong> von <strong>Evliya \u00c7elebi<\/strong> aus dem Jahr 1600 <strong>schrieb er<\/strong> \u00fcber <strong>Elaz\u0131\u011f<\/strong>: &#8222;Die Stadt<strong>Harput<\/strong> liegt an der Grenze zu <strong>Kurdistan<\/strong>, aber wegen der Sch\u00f6nheit des Wassers und der Luft gibt es hier und da Viertel. Die Menschen dort sprechen gut <strong>Kurdisch<\/strong> und <strong>T\u00fcrkisch<\/strong>.<\/p>\n<p>  Alle Menschen <strong>sind<\/strong> <strong>Kurden<\/strong> und <strong>T\u00fcrken<\/strong>.&#8220; <strong>Elaz\u0131\u011f (Harput<\/strong>) beherbergte eine bedeutende <strong>kurdische<\/strong> Pr\u00e4senz, die jedoch nach der Gr\u00fcndung der Republik zu Unbehagen f\u00fchrte und einer Politik der <strong>T\u00fcrkisierung<\/strong> unterworfen wurde.<\/p>\n<h2><span style=\"color: #ff0000;\"><strong>T\u00fcrkisierung von Elazig<\/strong><\/span><\/h2>\n<p>In den letzten Perioden des <strong>Osmanischen Reiches<\/strong> und in den ersten Jahren der <strong>Republik<\/strong> wurde in einigen Gebieten mit einer dichten kurdischen Bev\u00f6lkerung<strong> in den \u00f6stlichen Regionen<\/strong>eine <strong>Politik der T\u00fcrkisierung<\/strong> durchgef\u00fchrt. Die Vertreibung der <strong>Kurden in der<\/strong> Region begann in den letzten Tagen des <strong>Osmanischen Reiches<\/strong><strong>, und die<\/strong> <strong>Kurden<\/strong><strong>in<\/strong> <strong>Elazig<\/strong> wurden in zentralanatolische St\u00e4dte umgesiedelt. Nachdem die <strong>kurdische<\/strong> Bev\u00f6lkerung <strong>in Elaz\u0131\u011f<\/strong> reduziert worden war, wanderten parallel dazu <strong>t\u00fcrkische Gemeinschaften<\/strong>aus verschiedenen Gegenden ein. Nach der Gr\u00fcndung der <strong>Republik<\/strong> setzten sich diese demographischen Ver\u00e4nderungen in <strong>Elaz\u0131\u011f<\/strong> fort. In diesem Zusammenhang gibt es tats\u00e4chlich mehrere Gr\u00fcnde f\u00fcr diese <strong>T\u00fcrkisierungsoperation<\/strong>.<\/p>\n<p> In erster Linie, um die <strong>Kurden<\/strong> daran zu hindern, sich zu organisieren und <strong>die Geographie<\/strong> <strong>Kurdistans zu entkurdifizieren<\/strong>. Zu diesem Zweck wurden <strong>die Kurden<\/strong> in den Westen<strong>und die T\u00fcrken<\/strong> in den Osten deportiert. Sowohl um den <strong>kurdischen<\/strong> Einfluss in diesen \u00f6stlichen St\u00e4dten zu schw\u00e4chen als auch um die Assimilation der nach Zentralanatolien eingewanderten <strong>Kurden<\/strong> zu gew\u00e4hrleisten. Dieses Projekt, das eine der S\u00e4ulen der <strong>T\u00fcrkisierungspolitik<\/strong> war, ist heute leider erfolgreich, so dass ein gro\u00dfer Teil der <strong>Kurden<\/strong> in <strong>Zentralanatolien<\/strong> <strong>t\u00fcrkisiert wurde<\/strong> und gleichzeitig St\u00e4dte wie <strong>Erzincan, Erzurum, Ad\u0131yaman, Malatya, Elaz\u0131\u011f<\/strong> in hohem Ma\u00dfe <strong>t\u00fcrkisiert wurden<\/strong>. Einer derjenigen, die die <strong>T\u00fcrkisierungspolitik<\/strong> vorbereiteten, war<strong> \u0130smet \u0130n\u00f6n\u00fc.<\/strong> <\/p>\n<p>Der <strong>Kurdenbericht<\/strong>, der jahrelang in geheimen Tresoren aufbewahrt wurde, enth\u00fcllte auch die Sicht des Staates auf die<strong>&#8222;Kurdenpolitik<\/strong>&#8222;. In dem von <strong>Do\u011fan Kitap<\/strong> herausgegebenen Buch<strong>&#8222;\u0130smet Paschas Kurdenbericht&#8220;<\/strong>des Journalisten S <strong>ayg\u0131 \u00d6zt\u00fcrk<\/strong> werden folgende Aussagen \u00fcber E <strong>lazig<\/strong> gemacht: &#8222;Wir m\u00fcssen in Van und Erzincan schnell t\u00fcrkische Massen schaffen, in der Mu\u015f-Ebene schrittweise und in der E <strong>lazig-Ebene.<\/strong> &#8220; Ja, wie im \u0130smet \u0130n\u00f6n\u00fc-Bericht angegeben, <strong>w<\/strong> urden t\u00fc <strong>rkische Massen nach Elaz\u0131\u011f gebracht.<\/strong>  <\/p>\n<figure id=\"attachment_27187\" aria-describedby=\"caption-attachment-27187\" style=\"width: 460px\" class=\"wp-caption aligncenter\"><img loading=\"lazy\" decoding=\"async\" class=\"wp-image-10125 size-full\" src=\"https:\/\/www.xn--krtler-3ya.com\/wp-content\/uploads\/2020\/05\/elazig-turklestirme.jpg\" alt=\"\" width=\"460\" height=\"600\"><figcaption id=\"caption-attachment-27187\" class=\"wp-caption-text\">In Elaz\u0131\u011f wurden Turkmenen aus Rum\u00e4nien angesiedelt.<\/figcaption><\/figure>\n<p>&nbsp;<\/p>\n<p>Am 24. September 1925 wurde der<strong> Ostreformplan<\/strong> in Kraft gesetzt. Innerhalb von zehn Jahren wurden &#8222;500.000 Tausend Menschen aus Bulgarien, Jugoslawien, dem Kaukasus und Aserbaidschan, 50.000 Menschen pro Jahr, in den richtigen St\u00e4dten angesiedelt, <strong>darunter auch Elaz\u0131\u011f<\/strong> &#8222;. 1927 wurden die <strong>Generalinspektionen<\/strong> eingerichtet, die 1952 auf Antrag des Abgeordneten Mustafa Remzi Bucak aus Diyarbekir abgeschafft wurden, und der t\u00fcrkische Staat setzte diese Politik mit dem 1934 erlassenen <strong>Siedlungsgesetz<\/strong> fort.<\/p>\n<h2><strong><span style=\"color: #ff0000;\">Kurdische St\u00e4mme in Elazig<\/span><\/strong><\/h2>\n<p>Die Namen einiger <strong>kurdischer<\/strong> St\u00e4mme <strong>in Elazig<\/strong> sind Dersiman (Dilaman &#8211; Deyleman) Piran, Shabak, Zirkan Reswan (Resi), Oxchiyan, Shadi, Izoli, Parchikan, Alikan<\/p>\n<h2><strong><span style=\"color: #ff0000;\">Elazig Kurdische Bev\u00f6lkerung<\/span><\/strong><\/h2>\n<p>Obwohl die Mehrheit im Zentrum von Elaz\u0131\u011f <strong>t\u00fcrkisch<\/strong> ist, konzentriert sich die<strong> kurdische (Zaza)<\/strong> Bev\u00f6lkerung in den Stadtteilen und D\u00f6rfern.<br \/>\nDie Einwohnerzahl <strong>von Elaz\u0131\u011f<\/strong> wurde f\u00fcr 2019 mit 591.098 angegeben. Nach unseren Recherchen betr\u00e4gt der Anteil der kurdischen Bev\u00f6lkerung an dieser Bev\u00f6lkerung etwa <strong>300<\/strong> <strong>Tausend<\/strong>. <strong> 50-55%<\/strong> der Gesamtbev\u00f6lkerung <strong>von Elaz\u0131\u011f<\/strong> besteht also aus<strong>kurdischen (Zaza)<\/strong> Menschen.<\/p>\n<h2><strong><span style=\"color: #ff0000;\">Karako\u00e7an Kurden<\/span><\/strong><\/h2>\n<p>Es ist eine der Siedlungen mit einer dichten <strong>kurdischen (Zaza)<\/strong> Bev\u00f6lkerung.<\/p>\n<h3><span style=\"color: #993300;\"><strong>Karako\u00e7an Kurdische D\u00f6rfer<\/strong><\/span><\/h3>\n<table border=\"0\" width=\"870\" cellspacing=\"0\" cellpadding=\"0\">\n<tbody>\n<tr>\n<td valign=\"top\" width=\"188\">\n<div>Mezre-Mezra Z\u00eanel Axa \u00c7akan Yane\u00e7\u00eeyan\/Yalan\u00e7\u00eeyan Alikana J\u00ear Pa\u015f Kan\u00eesip\u00ee Ferxo Beroc-Beroj Elexm\u00fbr Tirk\u00eeyan Kurikana j\u00ear Ba\u00e7ux \u00c7elleqas Qelemez\u00een\/Qelamzin) Lexan Karsin\u00ee Beydev \u00c9x Qemer\u015f\u00eax Qilot\u00eeyan Allikana Jor \u00c7an \u00c7inax\u00e7\u00ee M\u00fbsyan H\u00eeman Lexana Jor Badirran Goma \u00c7elew \u00c7itax Kafan Demirta\u015f Seyfan Dev\u00e9\u00e7\u00eeyan\/Dew\u00e9\u00e7\u00eeyan Kolikana Gaz Gagf\u00een Zexelan Gozrek Gul\u00eec \u015eeman\u00ee Cowir Sarpu\u00e7a Hemzel\u00eeyan H\u00easabeg Qelecux Goma Girb\u00ea Qere\u00e7an Qerqocan Qerepar Qelesqelan Ax\u015f\u00ee\u015f Arpes\u00ee Keklig Q\u00eerxil Qizilce Qizilpar Ko\u00e7et Xellan Mizikan Korsivan Qulunder Kerboz Qu\u00e7\u00ee\/ Qu\u00e7\u00eeyan Kumet Mehm\u00fbl\u00eeyan Mexstal\u00eeyan M\u00eerehmedan Ox\u00e7\u00eeyan Kolm\u00ees Muxbet Seymam\u00fbdan MezreGaze Kolik\u00e2n Saxin Zelxid\u00ear Musrum Sawucax Dilimil\u00ee Dellikan \u015eewt\u00eeyan \u00cengic Tac\u00eeg Q\u00fbmik Gaxm\u00fbd Norp\u00eat Kolan Qa\u00fbman Kurrikana Jor \u00dbzev<\/p>\n<\/div>\n<\/td>\n<td valign=\"top\" width=\"123\">\n<div>Agamezra Akarbasi Akbulak Akcicek Akkush Akpinar Akyokush Alabal Alayagmur Altinoluk Altinoluk Altinoluk Altinovacik Bahcecuk Balcali Bardakli Basyurt Bazlama Beydere Bulgurcuk Cumhuriyet Calikaya Camard\u0131 \u00c7an \u00c7an \u00c7anakci Catalyol \u00c7avu\u015fyolu Cayirdam Cayirdam Cayirg\u00fcl\u00fc Celebi Citi C\u0131tak Demirdelen Demirta\u015f Demirtepe Deveci Doganoglu Dumluyaz\u0131 Durmu\u015faz\u0131 Durmu\u015fk\u00f6y Gozerek Gulluce Gumusakar Gunde\u011fdi Hamurkesen Hamzali Isabeg Kalecix Kalkankaya Kara\u00e7an Karaka\u00e7on Karap\u0131nar Karasakal Kavakdere Kavalc\u0131k Keklik K\u0131rg\u0131l K\u0131z\u0131lca K\u0131z\u0131lp\u0131nar Kocaday\u0131 Ko\u00e7yi\u011fitler Korudibi K\u00f6ryusuf G\u00f6lp\u0131nar Ku\u015fbay\u0131r\u0131 Ku\u015f\u00e7u K\u00fcmbet Mahmutlu Maksutali Mirahmet Okcular Ormanc\u0131k \u00d6zl\u00fcce Pamuklu Pa\u015fayaylas\u0131 Pilavtepe Sa\u011f\u0131n Sar\u0131ba\u015fak Sar\u0131han Savucak Tekard\u0131\u00e7 \u00dc\u00e7budak Yal\u0131nta\u015f Yenice Yemi\u015fli Yenikaya Yesilbelen Yildiz Golan\/Yogunagac Y\u00fccekonak Yukari Ovacik Y\u00fczew<\/p>\n<\/div>\n<\/td>\n<\/tr>\n<\/tbody>\n<\/table>\n<h2><strong><span style=\"color: #ff0000;\">Alacakaya Kurden<\/span><\/strong><\/h2>\n<p>Im Bezirk <strong>Alacakaya<\/strong> gibt es auch eine<strong> kurdische (Zaza)<\/strong> Bev\u00f6lkerung.<\/p>\n<h3><span style=\"color: #800000;\">Alacakaya Kurdische (Zaza) D\u00f6rfer<\/span><\/h3>\n<p>\u0130ncebay\u0131r Kayranl\u0131 \u00c7anak\u00e7a Sularba\u015f\u0131 \u00c7atakl\u0131 Alacakaya \u00c7akmakkaya Alt\u0131noluk Halkal\u0131 G\u00fcr\u00e7ubuk Ba\u011fin Esenlik Yaln\u0131zdamlar<\/p>\n<h2><strong><span style=\"color: #ff0000;\">Ar\u0131cak Kurden<\/span><\/strong><\/h2>\n<p>Mit 14 Tausend Einwohnern ist die Mehrheit der Bev\u00f6lkerung des Bezirks <strong>Ar\u0131cak<\/strong> <strong>kurdisch (Zaza)<\/strong>.<\/p>\n<h3><span style=\"color: #800000;\"><strong>Ar\u0131cak Kurdische D\u00f6rfer<\/strong><\/span><\/h3>\n<p>Erimli Kayahisar \u00c7avu\u015fdere Kambertepe Ormanp\u0131nar \u00c7evrecik G\u00fcm\u00fc\u015fkaya B\u00fckard\u0131 K\u00fcpl\u00fcce Erba\u011fl\u0131 Yo\u011funbilek Yaylaba\u015f\u0131 Boz\u00e7avu\u015f Karaka\u015f G\u00f6r\u00fcnd\u00fc Haberci Sar\u0131\u00e7i\u00e7ek \u00dc\u00e7ocak Kutlud\u00fc\u011f\u00fcn<\/p>\n<h2><strong><span style=\"color: #ff0000;\">Ist der Bezirk Ag\u0131n kurdisch?<\/span><\/strong><\/h2>\n<p>Im Bezirk <strong>Ag\u0131n<\/strong> von <strong>Elazig<\/strong> gibt es fast keine einheimischen <strong>Kurden<\/strong>. Es gibt nur das Dorf <strong>Modanl\u0131<\/strong>, das den Namen des <strong>kurdischen<\/strong> Stammes tr\u00e4gt. Der im Dorf lebende <strong>Modanl\u0131-Stamm<\/strong> wurde <strong>1790<\/strong> nach <strong>Ankara Haymana<\/strong> umgesiedelt.<\/p>\n<h2><strong><span style=\"color: #ff0000;\">Baskische Kurden<\/span><\/strong><\/h2>\n<p>Der Bezirk <strong>Baskil<\/strong> wird mehrheitlich von<strong> Kurden (Zaza)<\/strong> bewohnt. Die Gesamtbev\u00f6lkerung des Bezirks betr\u00e4gt 13 Tausend (2019)<\/p>\n<h3><span style=\"color: #800000;\"><strong>Baskil Kurdische D\u00f6rfer<\/strong><\/span><\/h3>\n<p>Bilalusagi Aksakal Tabanb\u00fckl\u00fc I\u015f\u0131klar Imikusagi Bozo\u011flak \u00c7i\u011fdemlik A\u015fa\u011f\u0131kulu\u015fa\u011f\u0131 Aku\u015fa\u011f\u0131 Gemici Alang\u00f6ren Delikta\u015f Alang\u00f6ren Yukar\u0131kulu\u015fa\u011f\u0131 Ku\u015fsaray\u0131 Pa\u015fakona\u011f\u0131 S\u00f6\u011f\u00fctdere Kad\u0131k\u00f6y Akdemir \u015eitu\u015fa\u011f\u0131 Be\u015fb\u00f6l\u00fck \u0130\u00e7likaval Yeniocak P\u0131narl\u0131 \u015eahindere Ko\u00e7yolu Harabekay\u0131\u015f Tav\u015fanu\u015fa\u011f\u0131 Do\u011fanc\u0131k Topalu\u015fa\u011f\u0131 Hac\u0131mustafa D\u00fc\u011f\u00fcntepe Tatl\u0131payam Meydanc\u0131k Kayabeyli \u00c7avu\u015flu Eskik\u00f6y Kutlug\u00fcn Sar\u0131ta\u015f (halbkurdisch) Demirlibah\u00e7e Yaylanl\u0131<\/p>\n<h2><strong><span style=\"color: #ff0000;\">Kebaner Kurden<\/span><\/strong><\/h2>\n<p><strong>Keban<\/strong> hat eine bedeutende <strong>kurdische<\/strong> und <strong>t\u00fcrkische<\/strong> Bev\u00f6lkerung<\/p>\n<h3><span style=\"color: #800000;\">Keban Kurdische D\u00f6rfer<\/span><\/h3>\n<p>Das Dorf Topk\u0131ran wurde von Mitgliedern des kurdischen Stammes <strong>der Tawkiran (Tabk\u0131rar)<\/strong> gegr\u00fcndet und obwohl es nach demselben Stamm benannt wurde, leben dort heute <strong>Karake\u00e7ili Kay\u0131 Turkmenen<\/strong>. Ak\u00e7atepe G\u00f6ldere Pinars \u00c7evrekaya \u00d6renkaya Kur\u015funkaya \u00c7al\u0131k Bademli Beyde\u011firmeni Akg\u00f6mlek Alt\u0131nk\u00fcrek Sa\u011fd\u0131\u00e7lar Ta\u015fkesen Ulup\u0131nar Delikavak A\u015fa\u011f\u0131\u00e7akmak B\u00f6l\u00fck\u00e7al\u0131 G\u00fcneytepe<\/p>\n<h2><strong><span style=\"color: #ff0000;\">Maden Kurden<\/span><\/strong><\/h2>\n<p>Mehr als die H\u00e4lfte (60-65%) der Bev\u00f6lkerung im Bezirk <strong>Maden<\/strong> ist <strong>kurdisch (Zaza)<\/strong>.<\/p>\n<h3><span style=\"color: #800000;\"><strong>Maden Kurdische D\u00f6rfer<\/strong><\/span><\/h3>\n<p>\u00c7ak\u0131ro\u011flu Y\u0131ld\u0131zhan Yoncap\u0131nar Kavak Ko\u00e7kona\u011f\u0131 Alt\u0131ntarla Durmu\u015ftepe Hatunk\u00f6y Plajk\u00f6y Bah\u00e7edere E\u011frikavak \u00c7alkaya K\u0131z\u0131ltepe Yenibah\u00e7e Topalu\u015fa\u011f\u0131 I\u015f\u0131ktepe Nald\u00f6ken \u00c7ay\u0131rk\u00f6y \u00c7itilk\u00f6y Akbo\u011fa K\u00fc\u00e7\u00fckova Hanevleri Tepecik Dutp\u0131nar Kartaltepe Tekevler Kayalar A\u011fadibek Arslanta\u015f\u0131 Sa\u011fr\u0131l\u0131 Cumhuriyet\u00e7i \u00d6rt\u00fcl\u00fc Karatop Ka\u015fl\u0131ca<\/p>\n<p><img loading=\"lazy\" decoding=\"async\" class=\"size-full wp-image-10127 aligncenter\" src=\"https:\/\/www.xn--krtler-3ya.com\/wp-content\/uploads\/2020\/05\/selahattin-demirtas-seyh-said-palu.jpg\" alt=\"Demirtas mit Sheikh sagte\" width=\"650\" height=\"337\"><br \/>\n<strong> Selahattin Demirta\u015f<\/strong>, ein <strong>Kurde aus Palu<\/strong>, und<strong> Sheikh Said<\/strong><\/p>\n<h2><span style=\"color: #ff0000;\">Palu Kurden<\/span><\/h2>\n<p>Die Bev\u00f6lkerung des Distrikts <strong>Palu<\/strong> betr\u00e4gt 19 Tausend (2019). Die Mehrheit der Bev\u00f6lkerung des Distrikts ist <strong>kurdisch (Zaza<\/strong>).<\/p>\n<h3><span style=\"color: #800000;\"><strong>Palu Kurdische D\u00f6rfer<\/strong><\/span><\/h3>\n<p>G\u00fcm\u00fc\u015fkaynak \u00d6rencik G\u00f6me\u00e7ba\u011flar \u00dc\u00e7de\u011firmenler Seydili Aksaray Karata\u015f Aky\u00fcrek \u00c7\u0131rap Ye\u015filbay\u0131r Vasank Kasil Hamzabey Amarat Yar\u0131mtepe Ta\u015ftak Umutkaya Karacaba\u011f \u00d6rg\u00fcl\u00fc \u0130ncecik Tarhana And\u0131lar Beydo\u011fan<\/p>\n<p>Gemtepe Atik Akbulut K\u00fc\u00e7\u00fck\u00e7alt\u0131 B\u00fcy\u00fck\u00e7alt\u0131 B\u00f6l\u00fckelma K\u0131rkbulak Burgudere G\u00f6kdere Ar\u0131nd\u0131k Hasbek K\u00f6kl\u00fcce Beyhan\u0131 G\u00fcll\u00fcce Kaya\u00f6n\u00fc Balta\u015f\u0131 Han\u00f6n\u00fc Keklikdere Boz\u00e7anak Karasalk\u0131m Damlap\u0131nar Alt\u0131n\u00f6l\u00e7ek<\/p>\n<h2><span style=\"color: #ff0000;\"><strong>Sivrice Kurden<\/strong><\/span><\/h2>\n<p>Der Anteil der <strong>kurdischen<\/strong> Bev\u00f6lkerung <strong>(Zaza)<\/strong> <strong>in Sivrice<\/strong> liegt bei etwa 55 Prozent. Die <strong>T\u00fcrken<\/strong> im Bezirk bestehen im Allgemeinen aus<strong> albanischen, bosniakischen und bulgarischen<\/strong> Einwanderern.<\/p>\n<h3><span style=\"color: #800000;\"><strong>Sivrice Kurdische D\u00f6rfer<\/strong><\/span><\/h3>\n<p>Kayaba\u011flar\u0131 Y\u00fcrekkaya Canu\u015fa\u011f\u0131 Topalu\u015fa\u011f\u0131 Ta\u015fl\u0131yayla G\u00f6rg\u00fcl\u00fc \u00c7ortunlu Kam\u0131\u015fl\u0131 Bekerme G\u00fcnbal\u0131 \u00c7atakkaya Dedeyolu K\u00fcrk D\u00fczbah\u00e7e Bek\u00e7itepe Akp\u0131nar G\u00f6lc\u00fck Elmasuyu Ba\u015fkaynak S\u00fcrek Akbu\u011fday<\/p>\n<h2><strong><span style=\"color: #ff0000;\">Kovancilar Kurden<\/span><\/strong><\/h2>\n<p><strong>Kurden (Zaza)<\/strong> machen etwa<strong> 70 Prozent<\/strong>des Bezirks <strong>Kovanc\u0131lar<\/strong> aus.<br \/>\nDie meisten der im Bezirk lebenden <strong>T\u00fcrken<\/strong> sind <strong>aus dem Balkan<\/strong> <strong>nach Kovanc\u0131lar<\/strong> eingewandert. Zwischen 1935-1941 sind 285 Haushalte und 1173 Menschen aus<strong>Rum\u00e4nien und Bulgarien<\/strong> in die Region Kovanc\u0131lar eingewandert.<\/p>\n<h3><span style=\"color: #800000;\"><strong>Kovancilar Kurdische D\u00f6rfer<\/strong><\/span><\/h3>\n<p>Kayaba\u011flar\u0131 Uyand\u0131k Fahribey \u00c7atakba\u015f\u0131 So\u011fanl\u0131 Kolluca Ekinba\u011f\u0131 Topa\u011fa\u00e7 Avla\u011f\u0131 A\u015fa\u011f\u0131k\u00f6se \u0130\u011fdeli G\u00fcl\u00e7at\u0131 Yenidam Muratba\u011f\u0131 Ku\u015f\u00e7u Kavak De\u011firmenTa\u015f\u0131 Yar\u0131mca Ba\u011fg\u00fcl\u00fc Ta\u015f\u00f6ren Ku\u015fa\u011fac\u0131 S\u00fcrekli Yenik\u00f6y Ni\u015fankaya Tatark\u00f6y G\u00f6zecik Payaml\u0131 Ekin\u00f6z\u00fc Kap\u0131a\u00e7maz Kar\u0131ncak\u00f6y Yaz\u0131ba\u015f\u0131 Saraybah\u00e7e K\u00f6pr\u00fcdere \u00c7ak\u0131rka\u015f \u015eenova Sar\u0131bu\u011fday Durmu\u015flar Karasungur Taban\u00f6z\u00fc Yukar\u0131kanatl\u0131 A\u015fa\u011f\u0131kanatl\u0131 Ok\u00e7ular \u0130sa A\u011fa Mezras\u0131 A\u015fa\u011f\u0131demirci G\u00f6\u00e7mezler Y\u0131lba\u015f\u0131 Yoncal\u0131bay\u0131r Yukar\u0131demirci Kayal\u0131k<\/p>\n<p><strong>www.k\u00fcrtler.com<\/strong><\/p>\n","protected":false},"excerpt":{"rendered":"<p>Zuvor Kurdische Geschichte Wie wir in unseren Artikeln in diesem Zusammenhang festgestellt haben, ist Elaz\u0131\u011f eine Stadt, die im Rahmen der T\u00fcrkisierungspolitik besonders bearbeitet wurde. Neben Elaz\u0131\u011f sehen wir dies auch in den St\u00e4dten Malatya und Erzincan. Die kurdische Bev\u00f6lkerungin diesen St\u00e4dten wurde reduziert und es wurden T\u00fcrkisierungsbem\u00fchungen unternommen, indem t\u00fcrkische Gemeinschaften aus anderen Gegenden &hellip;<\/p>\n","protected":false},"author":1,"featured_media":27188,"comment_status":"open","ping_status":"closed","sticky":false,"template":"","format":"standard","meta":{"footnotes":""},"categories":[6050],"tags":[8162,8160,8164,8166,8168,8167],"class_list":["post-29751","post","type-post","status-publish","format-standard","has-post-thumbnail","hentry","category-kurdische-geschichte","tag-elazig-de","tag-elaziz-kurden","tag-ist-elazig-kurdisch","tag-ist-elazig-kurdisch-oder-tuerkisch","tag-sivrice-ist-kurdisch","tag-wie-gross-ist-die-kurdische-bevoelkerung-in-elazig"],"yoast_head":"<!-- This site is optimized with the Yoast SEO plugin v23.7 - https:\/\/yoast.com\/wordpress\/plugins\/seo\/ -->\n<title>Kurden von Elazig - Mit Liebe gebastelt<\/title>\n<meta name=\"robots\" content=\"index, follow, max-snippet:-1, max-image-preview:large, max-video-preview:-1\" \/>\n<link rel=\"canonical\" href=\"https:\/\/www.xn--krtler-3ya.com\/de\/kurden-von-elazig.html\" \/>\n<meta property=\"og:locale\" content=\"de_DE\" \/>\n<meta property=\"og:type\" content=\"article\" \/>\n<meta property=\"og:title\" content=\"Kurden von Elazig - Mit Liebe gebastelt\" \/>\n<meta property=\"og:description\" content=\"Zuvor Kurdische Geschichte Wie wir in unseren Artikeln in diesem Zusammenhang festgestellt haben, ist Elaz\u0131\u011f eine Stadt, die im Rahmen der T\u00fcrkisierungspolitik besonders bearbeitet wurde. Neben Elaz\u0131\u011f sehen wir dies auch in den St\u00e4dten Malatya und Erzincan. Die kurdische Bev\u00f6lkerungin diesen St\u00e4dten wurde reduziert und es wurden T\u00fcrkisierungsbem\u00fchungen unternommen, indem t\u00fcrkische Gemeinschaften aus anderen Gegenden &hellip;\" \/>\n<meta property=\"og:url\" content=\"https:\/\/www.xn--krtler-3ya.com\/de\/kurden-von-elazig.html\" \/>\n<meta property=\"og:site_name\" content=\"Mit Liebe gebastelt\" \/>\n<meta property=\"article:published_time\" content=\"2020-05-03T22:41:41+00:00\" \/>\n<meta property=\"og:image\" content=\"https:\/\/www.xn--krtler-3ya.com\/wp-content\/uploads\/2020\/05\/elazig-kurtleri.png\" \/>\n\t<meta property=\"og:image:width\" content=\"640\" \/>\n\t<meta property=\"og:image:height\" content=\"360\" \/>\n\t<meta property=\"og:image:type\" content=\"image\/png\" \/>\n<meta name=\"author\" content=\"admin\" \/>\n<meta name=\"twitter:card\" content=\"summary_large_image\" \/>\n<meta name=\"twitter:label1\" content=\"Verfasst von\" \/>\n\t<meta name=\"twitter:data1\" content=\"admin\" \/>\n\t<meta name=\"twitter:label2\" content=\"Gesch\u00e4tzte Lesezeit\" \/>\n\t<meta name=\"twitter:data2\" content=\"8\u00a0Minuten\" \/>\n<script type=\"application\/ld+json\" class=\"yoast-schema-graph\">{\"@context\":\"https:\/\/schema.org\",\"@graph\":[{\"@type\":\"WebPage\",\"@id\":\"https:\/\/www.xn--krtler-3ya.com\/de\/kurden-von-elazig.html\",\"url\":\"https:\/\/www.xn--krtler-3ya.com\/de\/kurden-von-elazig.html\",\"name\":\"Kurden von Elazig - Mit Liebe gebastelt\",\"isPartOf\":{\"@id\":\"https:\/\/www.xn--krtler-3ya.com\/de#website\"},\"primaryImageOfPage\":{\"@id\":\"https:\/\/www.xn--krtler-3ya.com\/de\/kurden-von-elazig.html#primaryimage\"},\"image\":{\"@id\":\"https:\/\/www.xn--krtler-3ya.com\/de\/kurden-von-elazig.html#primaryimage\"},\"thumbnailUrl\":\"https:\/\/www.xn--krtler-3ya.com\/wp-content\/uploads\/2020\/05\/elazig-kurtleri.png\",\"datePublished\":\"2020-05-03T22:41:41+00:00\",\"dateModified\":\"2020-05-03T22:41:41+00:00\",\"author\":{\"@id\":\"https:\/\/www.xn--krtler-3ya.com\/de#\/schema\/person\/6bcd5bbe2e1493cacc77180c1bd84881\"},\"breadcrumb\":{\"@id\":\"https:\/\/www.xn--krtler-3ya.com\/de\/kurden-von-elazig.html#breadcrumb\"},\"inLanguage\":\"de\",\"potentialAction\":[{\"@type\":\"ReadAction\",\"target\":[\"https:\/\/www.xn--krtler-3ya.com\/de\/kurden-von-elazig.html\"]}]},{\"@type\":\"ImageObject\",\"inLanguage\":\"de\",\"@id\":\"https:\/\/www.xn--krtler-3ya.com\/de\/kurden-von-elazig.html#primaryimage\",\"url\":\"https:\/\/www.xn--krtler-3ya.com\/wp-content\/uploads\/2020\/05\/elazig-kurtleri.png\",\"contentUrl\":\"https:\/\/www.xn--krtler-3ya.com\/wp-content\/uploads\/2020\/05\/elazig-kurtleri.png\",\"width\":640,\"height\":360},{\"@type\":\"BreadcrumbList\",\"@id\":\"https:\/\/www.xn--krtler-3ya.com\/de\/kurden-von-elazig.html#breadcrumb\",\"itemListElement\":[{\"@type\":\"ListItem\",\"position\":1,\"name\":\"Startseite\",\"item\":\"https:\/\/www.xn--krtler-3ya.com\/de\"},{\"@type\":\"ListItem\",\"position\":2,\"name\":\"Kurden von Elazig\"}]},{\"@type\":\"WebSite\",\"@id\":\"https:\/\/www.xn--krtler-3ya.com\/de#website\",\"url\":\"https:\/\/www.xn--krtler-3ya.com\/de\",\"name\":\"k\u00fcrtler\",\"description\":\"\",\"potentialAction\":[{\"@type\":\"SearchAction\",\"target\":{\"@type\":\"EntryPoint\",\"urlTemplate\":\"https:\/\/www.xn--krtler-3ya.com\/de?s={search_term_string}\"},\"query-input\":{\"@type\":\"PropertyValueSpecification\",\"valueRequired\":true,\"valueName\":\"search_term_string\"}}],\"inLanguage\":\"de\"},{\"@type\":\"Person\",\"@id\":\"https:\/\/www.xn--krtler-3ya.com\/de#\/schema\/person\/6bcd5bbe2e1493cacc77180c1bd84881\",\"name\":\"admin\",\"image\":{\"@type\":\"ImageObject\",\"inLanguage\":\"de\",\"@id\":\"https:\/\/www.xn--krtler-3ya.com\/de#\/schema\/person\/image\/\",\"url\":\"https:\/\/www.xn--krtler-3ya.com\/wp-content\/litespeed\/avatar\/de8faab9da60e77876a3fba9edd82f20.jpg?ver=1777431259\",\"contentUrl\":\"https:\/\/www.xn--krtler-3ya.com\/wp-content\/litespeed\/avatar\/de8faab9da60e77876a3fba9edd82f20.jpg?ver=1777431259\",\"caption\":\"admin\"},\"sameAs\":[\"https:\/\/kora24.de\"],\"url\":\"https:\/\/www.xn--krtler-3ya.com\/de\/author\/youssef\"}]}<\/script>\n<!-- \/ Yoast SEO plugin. -->","yoast_head_json":{"title":"Kurden von Elazig - Mit Liebe gebastelt","robots":{"index":"index","follow":"follow","max-snippet":"max-snippet:-1","max-image-preview":"max-image-preview:large","max-video-preview":"max-video-preview:-1"},"canonical":"https:\/\/www.xn--krtler-3ya.com\/de\/kurden-von-elazig.html","og_locale":"de_DE","og_type":"article","og_title":"Kurden von Elazig - Mit Liebe gebastelt","og_description":"Zuvor Kurdische Geschichte Wie wir in unseren Artikeln in diesem Zusammenhang festgestellt haben, ist Elaz\u0131\u011f eine Stadt, die im Rahmen der T\u00fcrkisierungspolitik besonders bearbeitet wurde. Neben Elaz\u0131\u011f sehen wir dies auch in den St\u00e4dten Malatya und Erzincan. Die kurdische Bev\u00f6lkerungin diesen St\u00e4dten wurde reduziert und es wurden T\u00fcrkisierungsbem\u00fchungen unternommen, indem t\u00fcrkische Gemeinschaften aus anderen Gegenden &hellip;","og_url":"https:\/\/www.xn--krtler-3ya.com\/de\/kurden-von-elazig.html","og_site_name":"Mit Liebe gebastelt","article_published_time":"2020-05-03T22:41:41+00:00","og_image":[{"width":640,"height":360,"url":"https:\/\/www.xn--krtler-3ya.com\/wp-content\/uploads\/2020\/05\/elazig-kurtleri.png","type":"image\/png"}],"author":"admin","twitter_card":"summary_large_image","twitter_misc":{"Verfasst von":"admin","Gesch\u00e4tzte Lesezeit":"8\u00a0Minuten"},"schema":{"@context":"https:\/\/schema.org","@graph":[{"@type":"WebPage","@id":"https:\/\/www.xn--krtler-3ya.com\/de\/kurden-von-elazig.html","url":"https:\/\/www.xn--krtler-3ya.com\/de\/kurden-von-elazig.html","name":"Kurden von Elazig - Mit Liebe gebastelt","isPartOf":{"@id":"https:\/\/www.xn--krtler-3ya.com\/de#website"},"primaryImageOfPage":{"@id":"https:\/\/www.xn--krtler-3ya.com\/de\/kurden-von-elazig.html#primaryimage"},"image":{"@id":"https:\/\/www.xn--krtler-3ya.com\/de\/kurden-von-elazig.html#primaryimage"},"thumbnailUrl":"https:\/\/www.xn--krtler-3ya.com\/wp-content\/uploads\/2020\/05\/elazig-kurtleri.png","datePublished":"2020-05-03T22:41:41+00:00","dateModified":"2020-05-03T22:41:41+00:00","author":{"@id":"https:\/\/www.xn--krtler-3ya.com\/de#\/schema\/person\/6bcd5bbe2e1493cacc77180c1bd84881"},"breadcrumb":{"@id":"https:\/\/www.xn--krtler-3ya.com\/de\/kurden-von-elazig.html#breadcrumb"},"inLanguage":"de","potentialAction":[{"@type":"ReadAction","target":["https:\/\/www.xn--krtler-3ya.com\/de\/kurden-von-elazig.html"]}]},{"@type":"ImageObject","inLanguage":"de","@id":"https:\/\/www.xn--krtler-3ya.com\/de\/kurden-von-elazig.html#primaryimage","url":"https:\/\/www.xn--krtler-3ya.com\/wp-content\/uploads\/2020\/05\/elazig-kurtleri.png","contentUrl":"https:\/\/www.xn--krtler-3ya.com\/wp-content\/uploads\/2020\/05\/elazig-kurtleri.png","width":640,"height":360},{"@type":"BreadcrumbList","@id":"https:\/\/www.xn--krtler-3ya.com\/de\/kurden-von-elazig.html#breadcrumb","itemListElement":[{"@type":"ListItem","position":1,"name":"Startseite","item":"https:\/\/www.xn--krtler-3ya.com\/de"},{"@type":"ListItem","position":2,"name":"Kurden von Elazig"}]},{"@type":"WebSite","@id":"https:\/\/www.xn--krtler-3ya.com\/de#website","url":"https:\/\/www.xn--krtler-3ya.com\/de","name":"k\u00fcrtler","description":"","potentialAction":[{"@type":"SearchAction","target":{"@type":"EntryPoint","urlTemplate":"https:\/\/www.xn--krtler-3ya.com\/de?s={search_term_string}"},"query-input":{"@type":"PropertyValueSpecification","valueRequired":true,"valueName":"search_term_string"}}],"inLanguage":"de"},{"@type":"Person","@id":"https:\/\/www.xn--krtler-3ya.com\/de#\/schema\/person\/6bcd5bbe2e1493cacc77180c1bd84881","name":"admin","image":{"@type":"ImageObject","inLanguage":"de","@id":"https:\/\/www.xn--krtler-3ya.com\/de#\/schema\/person\/image\/","url":"https:\/\/www.xn--krtler-3ya.com\/wp-content\/litespeed\/avatar\/de8faab9da60e77876a3fba9edd82f20.jpg?ver=1777431259","contentUrl":"https:\/\/www.xn--krtler-3ya.com\/wp-content\/litespeed\/avatar\/de8faab9da60e77876a3fba9edd82f20.jpg?ver=1777431259","caption":"admin"},"sameAs":["https:\/\/kora24.de"],"url":"https:\/\/www.xn--krtler-3ya.com\/de\/author\/youssef"}]}},"amp_enabled":true,"_links":{"self":[{"href":"https:\/\/www.xn--krtler-3ya.com\/de\/wp-json\/wp\/v2\/posts\/29751","targetHints":{"allow":["GET"]}}],"collection":[{"href":"https:\/\/www.xn--krtler-3ya.com\/de\/wp-json\/wp\/v2\/posts"}],"about":[{"href":"https:\/\/www.xn--krtler-3ya.com\/de\/wp-json\/wp\/v2\/types\/post"}],"author":[{"embeddable":true,"href":"https:\/\/www.xn--krtler-3ya.com\/de\/wp-json\/wp\/v2\/users\/1"}],"replies":[{"embeddable":true,"href":"https:\/\/www.xn--krtler-3ya.com\/de\/wp-json\/wp\/v2\/comments?post=29751"}],"version-history":[{"count":0,"href":"https:\/\/www.xn--krtler-3ya.com\/de\/wp-json\/wp\/v2\/posts\/29751\/revisions"}],"wp:featuredmedia":[{"embeddable":true,"href":"https:\/\/www.xn--krtler-3ya.com\/de\/wp-json\/wp\/v2\/media\/27188"}],"wp:attachment":[{"href":"https:\/\/www.xn--krtler-3ya.com\/de\/wp-json\/wp\/v2\/media?parent=29751"}],"wp:term":[{"taxonomy":"category","embeddable":true,"href":"https:\/\/www.xn--krtler-3ya.com\/de\/wp-json\/wp\/v2\/categories?post=29751"},{"taxonomy":"post_tag","embeddable":true,"href":"https:\/\/www.xn--krtler-3ya.com\/de\/wp-json\/wp\/v2\/tags?post=29751"}],"curies":[{"name":"wp","href":"https:\/\/api.w.org\/{rel}","templated":true}]}}