{"id":29792,"date":"2020-06-02T13:56:08","date_gmt":"2020-06-02T13:56:08","guid":{"rendered":"https:\/\/www.xn--krtler-3ya.com\/ethnische-struktur-von-van.html"},"modified":"2020-06-02T13:56:08","modified_gmt":"2020-06-02T13:56:08","slug":"ethnische-struktur-von-van","status":"publish","type":"post","link":"https:\/\/www.xn--krtler-3ya.com\/de\/ethnische-struktur-von-van.html","title":{"rendered":"Ethnische Struktur von Van"},"content":{"rendered":"<p>Werfen wir einen Blick auf die ethnische Struktur der Provinz <strong>Van<\/strong><strong>.<\/strong> Wie gro\u00df ist der Anteil der <strong>Kurden<\/strong> oder <strong>T\u00fcrken<\/strong> in<strong>Van<\/strong>? Gibt es noch andere Ethnien? <strong>Van<\/strong>, dessen Einwohnerzahl bei der letzten Volksz\u00e4hlung mit 1.136.757 angegeben wurde, hat den Status einer Gro\u00dfstadt. <\/p>\n<p>&nbsp;V<strong>an ist zu<\/strong> 85 Prozent <strong>kurdisch, zu<\/strong> 10 Prozent <strong>t\u00fcrkisch<\/strong>(Aserbaidschaner) und die restlichen 5 Prozent <strong>sind andere<\/strong><strong>(arabische Lasen, Kirgisen<\/strong> usw.). Die Mehrheit von <strong>Van<\/strong>i <strong>st<\/strong> <strong>kurdisch<\/strong>, aber es gibt auch lokale <strong>t\u00fcrkische<\/strong>(einschlie\u00dflich Aserbaidschaner) und <strong>arabische<\/strong> Bev\u00f6lkerungsgruppen.<\/p>\n<p>Die <strong>t\u00fcrkische<\/strong> Bev\u00f6lkerung konzentriert sich haupts\u00e4chlich auf das Zentrum von <strong>Van<\/strong>,<strong> Erci\u015f<\/strong> und <strong>Edremit<\/strong>. Nach dem <strong>Massaker von Zilan<\/strong>sind <strong>Kirgisen<\/strong> <strong>nach Erci\u015f<\/strong> eingewandert. Heute leben fast 4 Tausend Kirgisen im Bezirk <strong>Erci\u015f<\/strong> <strong>von Van<\/strong>. Au\u00dferdem setzt sich <a rel=\"dofollow\" href=\"http:\/\/kayseripapim.com\/\" title=\"Kayseri Begleitpersonen\">die<\/a> <strong>ethnische Struktur von Van<\/strong>aus <strong>Laz<\/strong> und Pomaken zusammen, die aus der <strong>Schwarzmeerregion<\/strong> eingewandert sind.<\/p>\n<p><img loading=\"lazy\" decoding=\"async\" class=\"size-full wp-image-11091 aligncenter\" src=\"https:\/\/www.xn--krtler-3ya.com\/wp-content\/uploads\/2020\/06\/vanin-etnik-haritasi.png\" alt=\"van ethnische Karten\" width=\"701\" height=\"466\"><\/p>\n<h2><strong><span style=\"color: #ff0000;\">Welche Konfessionen gibt es in <a rel=\"dofollow\" href=\"http:\/\/kadikoypapim.com\/\" title=\"Kadik\u00f6y Begleitpersonen\">Kadik\u00f6y Escort<\/a> in Van?<\/span><\/strong><\/h2>\n<p>Die Mehrheit der <strong>B\u00fcrger von Van<\/strong> geh\u00f6rt der <strong>sunnitischen<\/strong> Sekte an. Es gibt auch einige <strong>alevitische<\/strong> B\u00fcrger. F\u00fcr weitere Informationen<span style=\"color: #0000ff;\"><a style=\"color: #0000ff;\" href=\"https:\/\/www.xn--krtler-3ya.com\/van-kurtleri.html\"><strong>Kurden in Van<\/strong><\/a><\/span> Sie k\u00f6nnen einen Blick auf unsere Arbeit werfen.<\/p>\n","protected":false},"excerpt":{"rendered":"<p>Werfen wir einen Blick auf die ethnische Struktur der Provinz Van. Wie gro\u00df ist der Anteil der Kurden oder T\u00fcrken inVan? Gibt es noch andere Ethnien? Van, dessen Einwohnerzahl bei der letzten Volksz\u00e4hlung mit 1.136.757 angegeben wurde, hat den Status einer Gro\u00dfstadt. &nbsp;Van ist zu 85 Prozent kurdisch, zu 10 Prozent t\u00fcrkisch(Aserbaidschaner) und die restlichen &hellip;<\/p>\n","protected":false},"author":1,"featured_media":27309,"comment_status":"open","ping_status":"closed","sticky":false,"template":"","format":"standard","meta":{"footnotes":""},"categories":[7747],"tags":[8334,8023,8025,8333,8332],"class_list":["post-29792","post","type-post","status-publish","format-standard","has-post-thumbnail","hentry","category-ethnizitaet","tag-demographische-struktur-von-van","tag-ethnische-bevoelkerung-von-van","tag-ethnische-struktur-von-van","tag-van-ethnischer-struktur","tag-van-ethnizitaet"],"yoast_head":"<!-- This site is optimized with the Yoast SEO plugin v23.7 - https:\/\/yoast.com\/wordpress\/plugins\/seo\/ -->\n<title>Ethnische Struktur von Van - Mit Liebe gebastelt<\/title>\n<meta name=\"description\" content=\"Wir werden einen Blick auf die ethnische Struktur der Provinz Van werfen. Wie gro\u00df ist der Anteil der Kurden oder T\u00fcrken in Van? Gibt es noch andere Ethnien?\" \/>\n<meta name=\"robots\" content=\"index, follow, max-snippet:-1, max-image-preview:large, max-video-preview:-1\" \/>\n<link rel=\"canonical\" href=\"https:\/\/www.xn--krtler-3ya.com\/de\/ethnische-struktur-von-van.html\" \/>\n<meta property=\"og:locale\" content=\"de_DE\" \/>\n<meta property=\"og:type\" content=\"article\" \/>\n<meta property=\"og:title\" content=\"Ethnische Struktur von Van - Mit Liebe gebastelt\" \/>\n<meta property=\"og:description\" content=\"Wir werden einen Blick auf die ethnische Struktur der Provinz Van werfen. Wie gro\u00df ist der Anteil der Kurden oder T\u00fcrken in Van? Gibt es noch andere Ethnien?\" \/>\n<meta property=\"og:url\" content=\"https:\/\/www.xn--krtler-3ya.com\/de\/ethnische-struktur-von-van.html\" \/>\n<meta property=\"og:site_name\" content=\"Mit Liebe gebastelt\" \/>\n<meta property=\"article:published_time\" content=\"2020-06-02T13:56:08+00:00\" \/>\n<meta property=\"og:image\" content=\"https:\/\/www.xn--krtler-3ya.com\/wp-content\/uploads\/2020\/06\/vanin-etnik-yapisi.png\" \/>\n\t<meta property=\"og:image:width\" content=\"640\" \/>\n\t<meta property=\"og:image:height\" content=\"350\" \/>\n\t<meta property=\"og:image:type\" content=\"image\/png\" \/>\n<meta name=\"author\" content=\"admin\" \/>\n<meta name=\"twitter:card\" content=\"summary_large_image\" \/>\n<meta name=\"twitter:label1\" content=\"Verfasst von\" \/>\n\t<meta name=\"twitter:data1\" content=\"admin\" \/>\n\t<meta name=\"twitter:label2\" content=\"Gesch\u00e4tzte Lesezeit\" \/>\n\t<meta name=\"twitter:data2\" content=\"1\u00a0Minute\" \/>\n<script type=\"application\/ld+json\" class=\"yoast-schema-graph\">{\"@context\":\"https:\/\/schema.org\",\"@graph\":[{\"@type\":\"WebPage\",\"@id\":\"https:\/\/www.xn--krtler-3ya.com\/de\/ethnische-struktur-von-van.html\",\"url\":\"https:\/\/www.xn--krtler-3ya.com\/de\/ethnische-struktur-von-van.html\",\"name\":\"Ethnische Struktur von Van - Mit Liebe gebastelt\",\"isPartOf\":{\"@id\":\"https:\/\/www.xn--krtler-3ya.com\/de#website\"},\"primaryImageOfPage\":{\"@id\":\"https:\/\/www.xn--krtler-3ya.com\/de\/ethnische-struktur-von-van.html#primaryimage\"},\"image\":{\"@id\":\"https:\/\/www.xn--krtler-3ya.com\/de\/ethnische-struktur-von-van.html#primaryimage\"},\"thumbnailUrl\":\"https:\/\/www.xn--krtler-3ya.com\/wp-content\/uploads\/2020\/06\/vanin-etnik-yapisi.png\",\"datePublished\":\"2020-06-02T13:56:08+00:00\",\"dateModified\":\"2020-06-02T13:56:08+00:00\",\"author\":{\"@id\":\"https:\/\/www.xn--krtler-3ya.com\/de#\/schema\/person\/6bcd5bbe2e1493cacc77180c1bd84881\"},\"description\":\"Wir werden einen Blick auf die ethnische Struktur der Provinz Van werfen. Wie gro\u00df ist der Anteil der Kurden oder T\u00fcrken in Van? Gibt es noch andere Ethnien?\",\"breadcrumb\":{\"@id\":\"https:\/\/www.xn--krtler-3ya.com\/de\/ethnische-struktur-von-van.html#breadcrumb\"},\"inLanguage\":\"de\",\"potentialAction\":[{\"@type\":\"ReadAction\",\"target\":[\"https:\/\/www.xn--krtler-3ya.com\/de\/ethnische-struktur-von-van.html\"]}]},{\"@type\":\"ImageObject\",\"inLanguage\":\"de\",\"@id\":\"https:\/\/www.xn--krtler-3ya.com\/de\/ethnische-struktur-von-van.html#primaryimage\",\"url\":\"https:\/\/www.xn--krtler-3ya.com\/wp-content\/uploads\/2020\/06\/vanin-etnik-yapisi.png\",\"contentUrl\":\"https:\/\/www.xn--krtler-3ya.com\/wp-content\/uploads\/2020\/06\/vanin-etnik-yapisi.png\",\"width\":640,\"height\":350},{\"@type\":\"BreadcrumbList\",\"@id\":\"https:\/\/www.xn--krtler-3ya.com\/de\/ethnische-struktur-von-van.html#breadcrumb\",\"itemListElement\":[{\"@type\":\"ListItem\",\"position\":1,\"name\":\"Startseite\",\"item\":\"https:\/\/www.xn--krtler-3ya.com\/de\"},{\"@type\":\"ListItem\",\"position\":2,\"name\":\"Ethnische Struktur von Van\"}]},{\"@type\":\"WebSite\",\"@id\":\"https:\/\/www.xn--krtler-3ya.com\/de#website\",\"url\":\"https:\/\/www.xn--krtler-3ya.com\/de\",\"name\":\"k\u00fcrtler\",\"description\":\"\",\"potentialAction\":[{\"@type\":\"SearchAction\",\"target\":{\"@type\":\"EntryPoint\",\"urlTemplate\":\"https:\/\/www.xn--krtler-3ya.com\/de?s={search_term_string}\"},\"query-input\":{\"@type\":\"PropertyValueSpecification\",\"valueRequired\":true,\"valueName\":\"search_term_string\"}}],\"inLanguage\":\"de\"},{\"@type\":\"Person\",\"@id\":\"https:\/\/www.xn--krtler-3ya.com\/de#\/schema\/person\/6bcd5bbe2e1493cacc77180c1bd84881\",\"name\":\"admin\",\"image\":{\"@type\":\"ImageObject\",\"inLanguage\":\"de\",\"@id\":\"https:\/\/www.xn--krtler-3ya.com\/de#\/schema\/person\/image\/\",\"url\":\"https:\/\/www.xn--krtler-3ya.com\/wp-content\/litespeed\/avatar\/de8faab9da60e77876a3fba9edd82f20.jpg?ver=1777431259\",\"contentUrl\":\"https:\/\/www.xn--krtler-3ya.com\/wp-content\/litespeed\/avatar\/de8faab9da60e77876a3fba9edd82f20.jpg?ver=1777431259\",\"caption\":\"admin\"},\"sameAs\":[\"https:\/\/kora24.de\"],\"url\":\"https:\/\/www.xn--krtler-3ya.com\/de\/author\/youssef\"}]}<\/script>\n<!-- \/ Yoast SEO plugin. -->","yoast_head_json":{"title":"Ethnische Struktur von Van - Mit Liebe gebastelt","description":"Wir werden einen Blick auf die ethnische Struktur der Provinz Van werfen. Wie gro\u00df ist der Anteil der Kurden oder T\u00fcrken in Van? Gibt es noch andere Ethnien?","robots":{"index":"index","follow":"follow","max-snippet":"max-snippet:-1","max-image-preview":"max-image-preview:large","max-video-preview":"max-video-preview:-1"},"canonical":"https:\/\/www.xn--krtler-3ya.com\/de\/ethnische-struktur-von-van.html","og_locale":"de_DE","og_type":"article","og_title":"Ethnische Struktur von Van - Mit Liebe gebastelt","og_description":"Wir werden einen Blick auf die ethnische Struktur der Provinz Van werfen. Wie gro\u00df ist der Anteil der Kurden oder T\u00fcrken in Van? Gibt es noch andere Ethnien?","og_url":"https:\/\/www.xn--krtler-3ya.com\/de\/ethnische-struktur-von-van.html","og_site_name":"Mit Liebe gebastelt","article_published_time":"2020-06-02T13:56:08+00:00","og_image":[{"width":640,"height":350,"url":"https:\/\/www.xn--krtler-3ya.com\/wp-content\/uploads\/2020\/06\/vanin-etnik-yapisi.png","type":"image\/png"}],"author":"admin","twitter_card":"summary_large_image","twitter_misc":{"Verfasst von":"admin","Gesch\u00e4tzte Lesezeit":"1\u00a0Minute"},"schema":{"@context":"https:\/\/schema.org","@graph":[{"@type":"WebPage","@id":"https:\/\/www.xn--krtler-3ya.com\/de\/ethnische-struktur-von-van.html","url":"https:\/\/www.xn--krtler-3ya.com\/de\/ethnische-struktur-von-van.html","name":"Ethnische Struktur von Van - Mit Liebe gebastelt","isPartOf":{"@id":"https:\/\/www.xn--krtler-3ya.com\/de#website"},"primaryImageOfPage":{"@id":"https:\/\/www.xn--krtler-3ya.com\/de\/ethnische-struktur-von-van.html#primaryimage"},"image":{"@id":"https:\/\/www.xn--krtler-3ya.com\/de\/ethnische-struktur-von-van.html#primaryimage"},"thumbnailUrl":"https:\/\/www.xn--krtler-3ya.com\/wp-content\/uploads\/2020\/06\/vanin-etnik-yapisi.png","datePublished":"2020-06-02T13:56:08+00:00","dateModified":"2020-06-02T13:56:08+00:00","author":{"@id":"https:\/\/www.xn--krtler-3ya.com\/de#\/schema\/person\/6bcd5bbe2e1493cacc77180c1bd84881"},"description":"Wir werden einen Blick auf die ethnische Struktur der Provinz Van werfen. Wie gro\u00df ist der Anteil der Kurden oder T\u00fcrken in Van? Gibt es noch andere Ethnien?","breadcrumb":{"@id":"https:\/\/www.xn--krtler-3ya.com\/de\/ethnische-struktur-von-van.html#breadcrumb"},"inLanguage":"de","potentialAction":[{"@type":"ReadAction","target":["https:\/\/www.xn--krtler-3ya.com\/de\/ethnische-struktur-von-van.html"]}]},{"@type":"ImageObject","inLanguage":"de","@id":"https:\/\/www.xn--krtler-3ya.com\/de\/ethnische-struktur-von-van.html#primaryimage","url":"https:\/\/www.xn--krtler-3ya.com\/wp-content\/uploads\/2020\/06\/vanin-etnik-yapisi.png","contentUrl":"https:\/\/www.xn--krtler-3ya.com\/wp-content\/uploads\/2020\/06\/vanin-etnik-yapisi.png","width":640,"height":350},{"@type":"BreadcrumbList","@id":"https:\/\/www.xn--krtler-3ya.com\/de\/ethnische-struktur-von-van.html#breadcrumb","itemListElement":[{"@type":"ListItem","position":1,"name":"Startseite","item":"https:\/\/www.xn--krtler-3ya.com\/de"},{"@type":"ListItem","position":2,"name":"Ethnische Struktur von Van"}]},{"@type":"WebSite","@id":"https:\/\/www.xn--krtler-3ya.com\/de#website","url":"https:\/\/www.xn--krtler-3ya.com\/de","name":"k\u00fcrtler","description":"","potentialAction":[{"@type":"SearchAction","target":{"@type":"EntryPoint","urlTemplate":"https:\/\/www.xn--krtler-3ya.com\/de?s={search_term_string}"},"query-input":{"@type":"PropertyValueSpecification","valueRequired":true,"valueName":"search_term_string"}}],"inLanguage":"de"},{"@type":"Person","@id":"https:\/\/www.xn--krtler-3ya.com\/de#\/schema\/person\/6bcd5bbe2e1493cacc77180c1bd84881","name":"admin","image":{"@type":"ImageObject","inLanguage":"de","@id":"https:\/\/www.xn--krtler-3ya.com\/de#\/schema\/person\/image\/","url":"https:\/\/www.xn--krtler-3ya.com\/wp-content\/litespeed\/avatar\/de8faab9da60e77876a3fba9edd82f20.jpg?ver=1777431259","contentUrl":"https:\/\/www.xn--krtler-3ya.com\/wp-content\/litespeed\/avatar\/de8faab9da60e77876a3fba9edd82f20.jpg?ver=1777431259","caption":"admin"},"sameAs":["https:\/\/kora24.de"],"url":"https:\/\/www.xn--krtler-3ya.com\/de\/author\/youssef"}]}},"amp_enabled":true,"_links":{"self":[{"href":"https:\/\/www.xn--krtler-3ya.com\/de\/wp-json\/wp\/v2\/posts\/29792","targetHints":{"allow":["GET"]}}],"collection":[{"href":"https:\/\/www.xn--krtler-3ya.com\/de\/wp-json\/wp\/v2\/posts"}],"about":[{"href":"https:\/\/www.xn--krtler-3ya.com\/de\/wp-json\/wp\/v2\/types\/post"}],"author":[{"embeddable":true,"href":"https:\/\/www.xn--krtler-3ya.com\/de\/wp-json\/wp\/v2\/users\/1"}],"replies":[{"embeddable":true,"href":"https:\/\/www.xn--krtler-3ya.com\/de\/wp-json\/wp\/v2\/comments?post=29792"}],"version-history":[{"count":0,"href":"https:\/\/www.xn--krtler-3ya.com\/de\/wp-json\/wp\/v2\/posts\/29792\/revisions"}],"wp:featuredmedia":[{"embeddable":true,"href":"https:\/\/www.xn--krtler-3ya.com\/de\/wp-json\/wp\/v2\/media\/27309"}],"wp:attachment":[{"href":"https:\/\/www.xn--krtler-3ya.com\/de\/wp-json\/wp\/v2\/media?parent=29792"}],"wp:term":[{"taxonomy":"category","embeddable":true,"href":"https:\/\/www.xn--krtler-3ya.com\/de\/wp-json\/wp\/v2\/categories?post=29792"},{"taxonomy":"post_tag","embeddable":true,"href":"https:\/\/www.xn--krtler-3ya.com\/de\/wp-json\/wp\/v2\/tags?post=29792"}],"curies":[{"name":"wp","href":"https:\/\/api.w.org\/{rel}","templated":true}]}}