{"id":29985,"date":"2021-07-12T23:56:21","date_gmt":"2021-07-12T23:56:21","guid":{"rendered":"https:\/\/www.xn--krtler-3ya.com\/wer-ist-sezai-temelli-woher-kommt-er-ist-sezai-temelli-kurdisch.html"},"modified":"2021-07-12T23:56:21","modified_gmt":"2021-07-12T23:56:21","slug":"wer-ist-sezai-temelli-woher-kommt-er-ist-sezai-temelli-kurdisch","status":"publish","type":"post","link":"https:\/\/www.xn--krtler-3ya.com\/de\/wer-ist-sezai-temelli-woher-kommt-er-ist-sezai-temelli-kurdisch.html","title":{"rendered":"Wer ist Sezai Temelli? Woher kommt er? Ist Sezai Temelli kurdisch?"},"content":{"rendered":"<p><strong>Wer ist Sezai Temelli und woher kommt er?<\/strong> <strong>Sezai Tem<\/strong>ellis Biographie<\/p>\n<h2><span style=\"color: #800000;\">Woher kommt Sezai Temelli?<\/span><\/h2>\n<p>Der am 15. Juli 1963 in Istanbul geborene <strong>Sezai Temelli<\/strong> stammt urspr\u00fcnglich aus Istanbul und sein Vater wurde ebenfalls in Istanbul geboren. Es wurde behauptet, dass er aufgrund seines Nachnamens mit <strong>\u0130smet \u0130n\u00f6n\u00fc v<\/strong> erwandt ist, ab <strong>er Sezai Temelli i<\/strong>st nicht mit \u0130smet \u0130n\u00f6n\u00fc verwandt.<\/p>\n<h2><span style=\"color: #800000;\"><strong>Ist Sezai Temelli kurdisch?<\/strong><\/span><\/h2>\n<p>Obwohl <strong>Sezai Temelli<\/strong>, der auch Ko-Vorsitzender der <strong>HDP<\/strong> ist, als <strong>Kurde<\/strong> angesehen wird<strong>,<\/strong> ist<strong>er<\/strong> nicht <strong>kurdisch<\/strong>, sondern <strong>t\u00fcrkischer<\/strong> Herkunft.<\/p>\n<p><img loading=\"lazy\" decoding=\"async\" class=\"size-full wp-image-17311 aligncenter\" src=\"https:\/\/www.xn--krtler-3ya.com\/wp-content\/uploads\/2021\/07\/sezai-temelli-hayati.jpg\" alt=\"Treffen der Sezai Temelli Gruppe\" width=\"660\" height=\"413\"><\/p>\n<p>&nbsp;<\/p>\n<h2><span style=\"color: #800000;\"><strong>Sezai Temelli Leben<\/strong><\/span><\/h2>\n<p><strong>Sezai Temelli<\/strong> schloss 1985 sein Studium an der Wirtschaftsfakult\u00e4t der Universit\u00e4t Istanbul, Abteilung Finanzen, ab. Danach lehrte er an der Fakult\u00e4t f\u00fcr Politikwissenschaften der Universit\u00e4t Istanbul, zun\u00e4chst als wissenschaftlicher Mitarbeiter und dann als Dozent. W\u00e4hrend dieser Zeit beteiligte er sich auch an vielen Aktionen und Reden f\u00fcr die Rechte der Erzieher unter dem Dach von E\u011fitim-Sen. In seinen Vorlesungen war er daf\u00fcr bekannt, dass er sehr respektvoll mit den Meinungen der Studenten umging, weit entfernt von einem strengen Erzieherprofil. Er ist verheiratet, beherrscht die englische Sprache gut und hat 1 Kind. Sein akademisches Leben ging weiter, bis ein Dekret im Jahr 2016 ver\u00f6ffentlicht wurde. Mit diesem Dekret wurden viele Akademiker aus ihren Positionen entlassen. Einer von ihnen war <strong>Sezai Temelli<\/strong>. Temelli, ein oppositioneller Akademiker, der von der Hitze der Zeit stark betroffen war, ging 2015 direkt in die Politik. Im Jahr 2016, w\u00e4hrend des Ausnahmezustands, wurde er mit dem Gesetzesdekret Nr. 675 von der Universit\u00e4t entlassen. <strong>Sezai Temelli<\/strong> ist verheiratet und hat 1 Kind. Er spricht flie\u00dfend Englisch.<br \/>\nEr zog als Abgeordneter von Van ins Parlament ein. Der Ko-Vorsitzende <strong>der<\/strong><strong>HDP<\/strong>, <strong>Sezai Temelli<\/strong>, den Pr\u00e4sident Erdo\u011fan als &#8222;nicht einmal kurdisch&#8220; bezeichnete, antwortete heute. Temelli antwortete: &#8222;Ich bin T\u00fcrke, ich bin Kurde, ich bin aus der T\u00fcrkei&#8220;.        <\/p>\n<p>&nbsp;<\/p>\n<p><img loading=\"lazy\" decoding=\"async\" class=\"size-full wp-image-17312 aligncenter\" src=\"https:\/\/www.xn--krtler-3ya.com\/wp-content\/uploads\/2021\/07\/sezai-temelli-vaadedilmis-topraklar.jpg\" alt=\"sezai temelli Siegeszeichen\" width=\"650\" height=\"438\"><\/p>\n<h2><span style=\"color: #800000;\"><strong>Das politische Leben von Sezai Temelli<\/strong><\/span><\/h2>\n<p>Temelli, dessen politisches Denken eher sozialistisch ausgerichtet ist, suchte seine Chance zun\u00e4chst unter dem Dach der \u00d6DP. Im Jahr 2015 ging er dann direkt in die Politik. Bei den Wahlen 2015 wurde er stellvertretender Kandidat <strong>der HDP<\/strong> Istanbul. <strong>Die HDP<\/strong> \u00fcberschritt die H\u00fcrde, indem sie nicht nur in der T\u00fcrkei, sondern auf der ganzen Welt einen gro\u00dfen Erfolg erzielte. <strong>Sezai Temelli<\/strong> wurde damals auch als Abgeordneter von Istanbul gew\u00e4hlt und begann, ins Parlament einzuziehen. Unmittelbar nach der Wahl wurde jedoch der L\u00f6sungsprozess beendet und der bestehende konfliktfreie Prozess unterbrochen. Unter dem L\u00e4rm von Sch\u00fcssen und Bomben im ganzen Land wurden die Wahlen vom 7. Juni 2015 abgesagt und die Wahlen am 1. November 2015 neu angesetzt. Das Land ging in einem chaotischen Umfeld zu den Wahlen und die <strong>HDP<\/strong>, die dieses Chaos sehr zu sp\u00fcren bekam, verlor bei den Wahlen am 1. November Stimmen, obwohl sie die H\u00fcrde erneut \u00fcberschritt. Auch Temelli war damals wieder Kandidat, konnte aber diesmal nicht gew\u00e4hlt werden. Sezai Temelli arbeitete weiter unter dem Dach der HDP und trat schlie\u00dflich bei den Parlamentswahlen 2018 als stellvertretender Kandidat <strong>der HDP<\/strong> Van an und wurde gew\u00e4hlt. Damals war Temelli nicht nur stellvertretender Kandidat f\u00fcr die Provinz Van, sondern trat auch als Ko-Vorsitzender der HDP zu den Wahlen an.  Nach der Verhaftung und Inhaftierung von <strong> Selahattin Demirta\u015f<\/strong>\u00fcbernahm Sezai Temelli zusammen mit Pervin Buldan den Vorsitz der HDP. In einem solchen Klima erzielte die HDP bei den Wahlen 2018 einen gro\u00dfen Erfolg und wurde erneut die drittgr\u00f6\u00dfte Partei im Parlament. Zweifelsohne hatte Sezai Temelli hier gro\u00dfen Einfluss. Bei den Kommunalwahlen 2019 hat er eine Schl\u00fcsselrolle gespielt. Er hat es geschafft, sich mit seiner Strategie in den westlichen St\u00e4dten, keine Kandidaten aufzustellen, und seiner Taktik im Rahmen der Allianz f\u00fcr Demokratie einen Namen zu machen. Sie hat das Ende dieser Tradition herbeigef\u00fchrt, indem sie in Orten wie Istanbul, Ankara, Mersin, Adana und Hatay, die seit vielen Jahren an den Einparteien-Kommunalismus gew\u00f6hnt sind, keine Kandidaten aufstellte. Temelli, dem es gelungen ist, seine W\u00e4hler unter einem Dach zu versammeln, hatte einen Anteil an diesem Erfolg. Temelli, der immer noch Parlamentsabgeordneter ist, kandidierte auf dem ordentlichen Parteitag am 23. Februar 2020 nicht und wurde durch Mithat Sancar ersetzt. Die Mutter von <strong>Sezai Temelli<\/strong>hei\u00dft <strong>Neriman<\/strong> und sein Vater <strong>Mustafa<\/strong>.               <\/p>\n<h2><span style=\"color: #800000;\"><strong>Sezai Temelli Soziale Medien Konten<\/strong><\/span><\/h2>\n<p><span style=\"color: #0000ff;\"><strong><a style=\"color: #0000ff;\" href=\"https:\/\/twitter.com\/SezaiTemelli\" target=\"_blank\" rel=\"noopener\">Twitter  <\/a><\/strong><\/span><\/p>\n<p><span style=\"color: #0000ff;\"><strong><a style=\"color: #0000ff;\" href=\"https:\/\/www.instagram.com\/s_temelli\/\" target=\"_blank\" rel=\"noopener\">Instagram  <\/a><\/strong><\/span><\/p>\n<p><span style=\"color: #0000ff;\"><strong><a style=\"color: #0000ff;\" href=\"https:\/\/www.facebook.com\/SezaiTemelli\/\" target=\"_blank\" rel=\"noopener\">facebook<\/a><\/strong><\/span><\/p>\n","protected":false},"excerpt":{"rendered":"<p>Wer ist Sezai Temelli und woher kommt er? Sezai Temellis Biographie Woher kommt Sezai Temelli? Der am 15. Juli 1963 in Istanbul geborene Sezai Temelli stammt urspr\u00fcnglich aus Istanbul und sein Vater wurde ebenfalls in Istanbul geboren. Es wurde behauptet, dass er aufgrund seines Nachnamens mit \u0130smet \u0130n\u00f6n\u00fc v erwandt ist, ab er Sezai Temelli &hellip;<\/p>\n","protected":false},"author":1,"featured_media":28631,"comment_status":"open","ping_status":"closed","sticky":false,"template":"","format":"standard","meta":{"footnotes":""},"categories":[6187],"tags":[8901,8902,8903],"class_list":["post-29985","post","type-post","status-publish","format-standard","has-post-thumbnail","hentry","category-biographie","tag-sezai-temelli-ismet-inoenue","tag-wer-ist-sezai-temelli","tag-woher-kommt-sezai-temelli"],"yoast_head":"<!-- This site is optimized with the Yoast SEO plugin v23.7 - https:\/\/yoast.com\/wordpress\/plugins\/seo\/ -->\n<title>Wer ist Sezai Temelli? Woher kommt er? Ist Sezai Temelli kurdisch? - Mit Liebe gebastelt<\/title>\n<meta name=\"robots\" content=\"index, follow, max-snippet:-1, max-image-preview:large, max-video-preview:-1\" \/>\n<link rel=\"canonical\" href=\"https:\/\/www.xn--krtler-3ya.com\/de\/wer-ist-sezai-temelli-woher-kommt-er-ist-sezai-temelli-kurdisch.html\" \/>\n<meta property=\"og:locale\" content=\"de_DE\" \/>\n<meta property=\"og:type\" content=\"article\" \/>\n<meta property=\"og:title\" content=\"Wer ist Sezai Temelli? Woher kommt er? Ist Sezai Temelli kurdisch? - Mit Liebe gebastelt\" \/>\n<meta property=\"og:description\" content=\"Wer ist Sezai Temelli und woher kommt er? Sezai Temellis Biographie Woher kommt Sezai Temelli? Der am 15. Juli 1963 in Istanbul geborene Sezai Temelli stammt urspr\u00fcnglich aus Istanbul und sein Vater wurde ebenfalls in Istanbul geboren. Es wurde behauptet, dass er aufgrund seines Nachnamens mit \u0130smet \u0130n\u00f6n\u00fc v erwandt ist, ab er Sezai Temelli &hellip;\" \/>\n<meta property=\"og:url\" content=\"https:\/\/www.xn--krtler-3ya.com\/de\/wer-ist-sezai-temelli-woher-kommt-er-ist-sezai-temelli-kurdisch.html\" \/>\n<meta property=\"og:site_name\" content=\"Mit Liebe gebastelt\" \/>\n<meta property=\"article:published_time\" content=\"2021-07-12T23:56:21+00:00\" \/>\n<meta property=\"og:image\" content=\"https:\/\/www.xn--krtler-3ya.com\/wp-content\/uploads\/2021\/07\/sezai-temelli-kimdir-nerelidir.jpg\" \/>\n\t<meta property=\"og:image:width\" content=\"650\" \/>\n\t<meta property=\"og:image:height\" content=\"360\" \/>\n\t<meta property=\"og:image:type\" content=\"image\/jpeg\" \/>\n<meta name=\"author\" content=\"admin\" \/>\n<meta name=\"twitter:card\" content=\"summary_large_image\" \/>\n<meta name=\"twitter:label1\" content=\"Verfasst von\" \/>\n\t<meta name=\"twitter:data1\" content=\"admin\" \/>\n\t<meta name=\"twitter:label2\" content=\"Gesch\u00e4tzte Lesezeit\" \/>\n\t<meta name=\"twitter:data2\" content=\"4\u00a0Minuten\" \/>\n<script type=\"application\/ld+json\" class=\"yoast-schema-graph\">{\"@context\":\"https:\/\/schema.org\",\"@graph\":[{\"@type\":\"WebPage\",\"@id\":\"https:\/\/www.xn--krtler-3ya.com\/de\/wer-ist-sezai-temelli-woher-kommt-er-ist-sezai-temelli-kurdisch.html\",\"url\":\"https:\/\/www.xn--krtler-3ya.com\/de\/wer-ist-sezai-temelli-woher-kommt-er-ist-sezai-temelli-kurdisch.html\",\"name\":\"Wer ist Sezai Temelli? Woher kommt er? Ist Sezai Temelli kurdisch? - Mit Liebe gebastelt\",\"isPartOf\":{\"@id\":\"https:\/\/www.xn--krtler-3ya.com\/de#website\"},\"primaryImageOfPage\":{\"@id\":\"https:\/\/www.xn--krtler-3ya.com\/de\/wer-ist-sezai-temelli-woher-kommt-er-ist-sezai-temelli-kurdisch.html#primaryimage\"},\"image\":{\"@id\":\"https:\/\/www.xn--krtler-3ya.com\/de\/wer-ist-sezai-temelli-woher-kommt-er-ist-sezai-temelli-kurdisch.html#primaryimage\"},\"thumbnailUrl\":\"https:\/\/www.xn--krtler-3ya.com\/wp-content\/uploads\/2021\/07\/sezai-temelli-kimdir-nerelidir.jpg\",\"datePublished\":\"2021-07-12T23:56:21+00:00\",\"dateModified\":\"2021-07-12T23:56:21+00:00\",\"author\":{\"@id\":\"https:\/\/www.xn--krtler-3ya.com\/de#\/schema\/person\/6bcd5bbe2e1493cacc77180c1bd84881\"},\"breadcrumb\":{\"@id\":\"https:\/\/www.xn--krtler-3ya.com\/de\/wer-ist-sezai-temelli-woher-kommt-er-ist-sezai-temelli-kurdisch.html#breadcrumb\"},\"inLanguage\":\"de\",\"potentialAction\":[{\"@type\":\"ReadAction\",\"target\":[\"https:\/\/www.xn--krtler-3ya.com\/de\/wer-ist-sezai-temelli-woher-kommt-er-ist-sezai-temelli-kurdisch.html\"]}]},{\"@type\":\"ImageObject\",\"inLanguage\":\"de\",\"@id\":\"https:\/\/www.xn--krtler-3ya.com\/de\/wer-ist-sezai-temelli-woher-kommt-er-ist-sezai-temelli-kurdisch.html#primaryimage\",\"url\":\"https:\/\/www.xn--krtler-3ya.com\/wp-content\/uploads\/2021\/07\/sezai-temelli-kimdir-nerelidir.jpg\",\"contentUrl\":\"https:\/\/www.xn--krtler-3ya.com\/wp-content\/uploads\/2021\/07\/sezai-temelli-kimdir-nerelidir.jpg\",\"width\":650,\"height\":360},{\"@type\":\"BreadcrumbList\",\"@id\":\"https:\/\/www.xn--krtler-3ya.com\/de\/wer-ist-sezai-temelli-woher-kommt-er-ist-sezai-temelli-kurdisch.html#breadcrumb\",\"itemListElement\":[{\"@type\":\"ListItem\",\"position\":1,\"name\":\"Startseite\",\"item\":\"https:\/\/www.xn--krtler-3ya.com\/de\"},{\"@type\":\"ListItem\",\"position\":2,\"name\":\"Wer ist Sezai Temelli? Woher kommt er? Ist Sezai Temelli kurdisch?\"}]},{\"@type\":\"WebSite\",\"@id\":\"https:\/\/www.xn--krtler-3ya.com\/de#website\",\"url\":\"https:\/\/www.xn--krtler-3ya.com\/de\",\"name\":\"k\u00fcrtler\",\"description\":\"\",\"potentialAction\":[{\"@type\":\"SearchAction\",\"target\":{\"@type\":\"EntryPoint\",\"urlTemplate\":\"https:\/\/www.xn--krtler-3ya.com\/de?s={search_term_string}\"},\"query-input\":{\"@type\":\"PropertyValueSpecification\",\"valueRequired\":true,\"valueName\":\"search_term_string\"}}],\"inLanguage\":\"de\"},{\"@type\":\"Person\",\"@id\":\"https:\/\/www.xn--krtler-3ya.com\/de#\/schema\/person\/6bcd5bbe2e1493cacc77180c1bd84881\",\"name\":\"admin\",\"image\":{\"@type\":\"ImageObject\",\"inLanguage\":\"de\",\"@id\":\"https:\/\/www.xn--krtler-3ya.com\/de#\/schema\/person\/image\/\",\"url\":\"https:\/\/www.xn--krtler-3ya.com\/wp-content\/litespeed\/avatar\/de8faab9da60e77876a3fba9edd82f20.jpg?ver=1777431259\",\"contentUrl\":\"https:\/\/www.xn--krtler-3ya.com\/wp-content\/litespeed\/avatar\/de8faab9da60e77876a3fba9edd82f20.jpg?ver=1777431259\",\"caption\":\"admin\"},\"sameAs\":[\"https:\/\/kora24.de\"],\"url\":\"https:\/\/www.xn--krtler-3ya.com\/de\/author\/youssef\"}]}<\/script>\n<!-- \/ Yoast SEO plugin. -->","yoast_head_json":{"title":"Wer ist Sezai Temelli? Woher kommt er? Ist Sezai Temelli kurdisch? - Mit Liebe gebastelt","robots":{"index":"index","follow":"follow","max-snippet":"max-snippet:-1","max-image-preview":"max-image-preview:large","max-video-preview":"max-video-preview:-1"},"canonical":"https:\/\/www.xn--krtler-3ya.com\/de\/wer-ist-sezai-temelli-woher-kommt-er-ist-sezai-temelli-kurdisch.html","og_locale":"de_DE","og_type":"article","og_title":"Wer ist Sezai Temelli? Woher kommt er? Ist Sezai Temelli kurdisch? - Mit Liebe gebastelt","og_description":"Wer ist Sezai Temelli und woher kommt er? Sezai Temellis Biographie Woher kommt Sezai Temelli? Der am 15. Juli 1963 in Istanbul geborene Sezai Temelli stammt urspr\u00fcnglich aus Istanbul und sein Vater wurde ebenfalls in Istanbul geboren. Es wurde behauptet, dass er aufgrund seines Nachnamens mit \u0130smet \u0130n\u00f6n\u00fc v erwandt ist, ab er Sezai Temelli &hellip;","og_url":"https:\/\/www.xn--krtler-3ya.com\/de\/wer-ist-sezai-temelli-woher-kommt-er-ist-sezai-temelli-kurdisch.html","og_site_name":"Mit Liebe gebastelt","article_published_time":"2021-07-12T23:56:21+00:00","og_image":[{"width":650,"height":360,"url":"https:\/\/www.xn--krtler-3ya.com\/wp-content\/uploads\/2021\/07\/sezai-temelli-kimdir-nerelidir.jpg","type":"image\/jpeg"}],"author":"admin","twitter_card":"summary_large_image","twitter_misc":{"Verfasst von":"admin","Gesch\u00e4tzte Lesezeit":"4\u00a0Minuten"},"schema":{"@context":"https:\/\/schema.org","@graph":[{"@type":"WebPage","@id":"https:\/\/www.xn--krtler-3ya.com\/de\/wer-ist-sezai-temelli-woher-kommt-er-ist-sezai-temelli-kurdisch.html","url":"https:\/\/www.xn--krtler-3ya.com\/de\/wer-ist-sezai-temelli-woher-kommt-er-ist-sezai-temelli-kurdisch.html","name":"Wer ist Sezai Temelli? Woher kommt er? Ist Sezai Temelli kurdisch? - Mit Liebe gebastelt","isPartOf":{"@id":"https:\/\/www.xn--krtler-3ya.com\/de#website"},"primaryImageOfPage":{"@id":"https:\/\/www.xn--krtler-3ya.com\/de\/wer-ist-sezai-temelli-woher-kommt-er-ist-sezai-temelli-kurdisch.html#primaryimage"},"image":{"@id":"https:\/\/www.xn--krtler-3ya.com\/de\/wer-ist-sezai-temelli-woher-kommt-er-ist-sezai-temelli-kurdisch.html#primaryimage"},"thumbnailUrl":"https:\/\/www.xn--krtler-3ya.com\/wp-content\/uploads\/2021\/07\/sezai-temelli-kimdir-nerelidir.jpg","datePublished":"2021-07-12T23:56:21+00:00","dateModified":"2021-07-12T23:56:21+00:00","author":{"@id":"https:\/\/www.xn--krtler-3ya.com\/de#\/schema\/person\/6bcd5bbe2e1493cacc77180c1bd84881"},"breadcrumb":{"@id":"https:\/\/www.xn--krtler-3ya.com\/de\/wer-ist-sezai-temelli-woher-kommt-er-ist-sezai-temelli-kurdisch.html#breadcrumb"},"inLanguage":"de","potentialAction":[{"@type":"ReadAction","target":["https:\/\/www.xn--krtler-3ya.com\/de\/wer-ist-sezai-temelli-woher-kommt-er-ist-sezai-temelli-kurdisch.html"]}]},{"@type":"ImageObject","inLanguage":"de","@id":"https:\/\/www.xn--krtler-3ya.com\/de\/wer-ist-sezai-temelli-woher-kommt-er-ist-sezai-temelli-kurdisch.html#primaryimage","url":"https:\/\/www.xn--krtler-3ya.com\/wp-content\/uploads\/2021\/07\/sezai-temelli-kimdir-nerelidir.jpg","contentUrl":"https:\/\/www.xn--krtler-3ya.com\/wp-content\/uploads\/2021\/07\/sezai-temelli-kimdir-nerelidir.jpg","width":650,"height":360},{"@type":"BreadcrumbList","@id":"https:\/\/www.xn--krtler-3ya.com\/de\/wer-ist-sezai-temelli-woher-kommt-er-ist-sezai-temelli-kurdisch.html#breadcrumb","itemListElement":[{"@type":"ListItem","position":1,"name":"Startseite","item":"https:\/\/www.xn--krtler-3ya.com\/de"},{"@type":"ListItem","position":2,"name":"Wer ist Sezai Temelli? Woher kommt er? Ist Sezai Temelli kurdisch?"}]},{"@type":"WebSite","@id":"https:\/\/www.xn--krtler-3ya.com\/de#website","url":"https:\/\/www.xn--krtler-3ya.com\/de","name":"k\u00fcrtler","description":"","potentialAction":[{"@type":"SearchAction","target":{"@type":"EntryPoint","urlTemplate":"https:\/\/www.xn--krtler-3ya.com\/de?s={search_term_string}"},"query-input":{"@type":"PropertyValueSpecification","valueRequired":true,"valueName":"search_term_string"}}],"inLanguage":"de"},{"@type":"Person","@id":"https:\/\/www.xn--krtler-3ya.com\/de#\/schema\/person\/6bcd5bbe2e1493cacc77180c1bd84881","name":"admin","image":{"@type":"ImageObject","inLanguage":"de","@id":"https:\/\/www.xn--krtler-3ya.com\/de#\/schema\/person\/image\/","url":"https:\/\/www.xn--krtler-3ya.com\/wp-content\/litespeed\/avatar\/de8faab9da60e77876a3fba9edd82f20.jpg?ver=1777431259","contentUrl":"https:\/\/www.xn--krtler-3ya.com\/wp-content\/litespeed\/avatar\/de8faab9da60e77876a3fba9edd82f20.jpg?ver=1777431259","caption":"admin"},"sameAs":["https:\/\/kora24.de"],"url":"https:\/\/www.xn--krtler-3ya.com\/de\/author\/youssef"}]}},"amp_enabled":true,"_links":{"self":[{"href":"https:\/\/www.xn--krtler-3ya.com\/de\/wp-json\/wp\/v2\/posts\/29985","targetHints":{"allow":["GET"]}}],"collection":[{"href":"https:\/\/www.xn--krtler-3ya.com\/de\/wp-json\/wp\/v2\/posts"}],"about":[{"href":"https:\/\/www.xn--krtler-3ya.com\/de\/wp-json\/wp\/v2\/types\/post"}],"author":[{"embeddable":true,"href":"https:\/\/www.xn--krtler-3ya.com\/de\/wp-json\/wp\/v2\/users\/1"}],"replies":[{"embeddable":true,"href":"https:\/\/www.xn--krtler-3ya.com\/de\/wp-json\/wp\/v2\/comments?post=29985"}],"version-history":[{"count":0,"href":"https:\/\/www.xn--krtler-3ya.com\/de\/wp-json\/wp\/v2\/posts\/29985\/revisions"}],"wp:featuredmedia":[{"embeddable":true,"href":"https:\/\/www.xn--krtler-3ya.com\/de\/wp-json\/wp\/v2\/media\/28631"}],"wp:attachment":[{"href":"https:\/\/www.xn--krtler-3ya.com\/de\/wp-json\/wp\/v2\/media?parent=29985"}],"wp:term":[{"taxonomy":"category","embeddable":true,"href":"https:\/\/www.xn--krtler-3ya.com\/de\/wp-json\/wp\/v2\/categories?post=29985"},{"taxonomy":"post_tag","embeddable":true,"href":"https:\/\/www.xn--krtler-3ya.com\/de\/wp-json\/wp\/v2\/tags?post=29985"}],"curies":[{"name":"wp","href":"https:\/\/api.w.org\/{rel}","templated":true}]}}