{"id":29992,"date":"2021-06-23T11:32:28","date_gmt":"2021-06-23T11:32:28","guid":{"rendered":"https:\/\/www.xn--krtler-3ya.com\/metin-yener-wird-zum-praesidenten-des-rechnungshofs-gewaehlt.html"},"modified":"2024-10-17T18:04:33","modified_gmt":"2024-10-17T18:04:33","slug":"metin-yener-wird-zum-praesidenten-des-rechnungshofs-gewaehlt","status":"publish","type":"post","link":"https:\/\/www.xn--krtler-3ya.com\/de\/metin-yener-wird-zum-praesidenten-des-rechnungshofs-gewaehlt.html","title":{"rendered":"Metin Yener wird zum Pr\u00e4sidenten des Rechnungshofs gew\u00e4hlt"},"content":{"rendered":"\n<p>Bei der Abstimmung in der <strong>Gro\u00dfen Nationalversammlung der T\u00fcrkei<\/strong>wurde <strong>Metin Yener<\/strong>, der als Generaldirektor f\u00fcr Personal und Grunds\u00e4tze des Pr\u00e4sidiums der Republik T\u00fcrkei t\u00e4tig war, <strong>zum Pr\u00e4sidenten des<\/strong> <strong>Rechnungshofs<\/strong> gew\u00e4hlt.<\/p>\n\n<p>Metin Yener und Mehmet Aksoy, Mitglied der 6. Kammer des Rechnungshofs, traten bei der Wahl in der <strong>Generalversammlung<\/strong> an, wo geheime Stimmen abgegeben wurden. <\/p>\n\n<p><strong>Metin Yener<\/strong> wurde mit 255 Stimmen zum Pr\u00e4sidenten des Rechnungshofs gew\u00e4hlt, w\u00e4hrend Mehmet Aksoy 4 Stimmen erhielt. Bei der Wahl gab es 1 leere Stimme, w\u00e4hrend 10 Stimmen ung\u00fcltig waren <a href=\"https:\/\/www.bakirkoyfal.com\/\">.<\/a>  <\/p>\n\n<p>Yener, der verheiratet ist und zwei Kinder hat, ist seit 2018 Generaldirektor f\u00fcr Personal und Grunds\u00e4tze der Pr\u00e4sidentschaft.<\/p>\n","protected":false},"excerpt":{"rendered":"<p>Bei der Abstimmung in der Gro\u00dfen Nationalversammlung der T\u00fcrkeiwurde Metin Yener, der als Generaldirektor f\u00fcr Personal und Grunds\u00e4tze des Pr\u00e4sidiums der Republik T\u00fcrkei t\u00e4tig war, zum Pr\u00e4sidenten des Rechnungshofs gew\u00e4hlt. Metin Yener und Mehmet Aksoy, Mitglied der 6. Kammer des Rechnungshofs, traten bei der Wahl in der Generalversammlung an, wo geheime Stimmen abgegeben wurden. Metin &hellip;<\/p>\n","protected":false},"author":1,"featured_media":28503,"comment_status":"open","ping_status":"closed","sticky":false,"template":"","format":"standard","meta":{"footnotes":""},"categories":[6127,6488],"tags":[8921,8922],"class_list":["post-29992","post","type-post","status-publish","format-standard","has-post-thumbnail","hentry","category-aktuell","category-letzte-minute","tag-metin-yener-de","tag-rechnungshof"],"yoast_head":"<!-- This site is optimized with the Yoast SEO plugin v23.7 - https:\/\/yoast.com\/wordpress\/plugins\/seo\/ -->\n<title>Metin Yener wird zum Pr\u00e4sidenten des Rechnungshofs gew\u00e4hlt - Mit Liebe gebastelt<\/title>\n<meta name=\"robots\" content=\"index, follow, max-snippet:-1, max-image-preview:large, max-video-preview:-1\" \/>\n<link rel=\"canonical\" href=\"https:\/\/www.xn--krtler-3ya.com\/de\/metin-yener-wird-zum-praesidenten-des-rechnungshofs-gewaehlt.html\" \/>\n<meta property=\"og:locale\" content=\"de_DE\" \/>\n<meta property=\"og:type\" content=\"article\" \/>\n<meta property=\"og:title\" content=\"Metin Yener wird zum Pr\u00e4sidenten des Rechnungshofs gew\u00e4hlt - Mit Liebe gebastelt\" \/>\n<meta property=\"og:description\" content=\"Bei der Abstimmung in der Gro\u00dfen Nationalversammlung der T\u00fcrkeiwurde Metin Yener, der als Generaldirektor f\u00fcr Personal und Grunds\u00e4tze des Pr\u00e4sidiums der Republik T\u00fcrkei t\u00e4tig war, zum Pr\u00e4sidenten des Rechnungshofs gew\u00e4hlt. Metin Yener und Mehmet Aksoy, Mitglied der 6. Kammer des Rechnungshofs, traten bei der Wahl in der Generalversammlung an, wo geheime Stimmen abgegeben wurden. Metin &hellip;\" \/>\n<meta property=\"og:url\" content=\"https:\/\/www.xn--krtler-3ya.com\/de\/metin-yener-wird-zum-praesidenten-des-rechnungshofs-gewaehlt.html\" \/>\n<meta property=\"og:site_name\" content=\"Mit Liebe gebastelt\" \/>\n<meta property=\"article:published_time\" content=\"2021-06-23T11:32:28+00:00\" \/>\n<meta property=\"article:modified_time\" content=\"2024-10-17T18:04:33+00:00\" \/>\n<meta property=\"og:image\" content=\"https:\/\/www.xn--krtler-3ya.com\/wp-content\/uploads\/2021\/06\/metin-yener-sayistay-baskani.jpg\" \/>\n\t<meta property=\"og:image:width\" content=\"640\" \/>\n\t<meta property=\"og:image:height\" content=\"360\" \/>\n\t<meta property=\"og:image:type\" content=\"image\/jpeg\" \/>\n<meta name=\"author\" content=\"admin\" \/>\n<meta name=\"twitter:card\" content=\"summary_large_image\" \/>\n<meta name=\"twitter:label1\" content=\"Verfasst von\" \/>\n\t<meta name=\"twitter:data1\" content=\"admin\" \/>\n\t<meta name=\"twitter:label2\" content=\"Gesch\u00e4tzte Lesezeit\" \/>\n\t<meta name=\"twitter:data2\" content=\"1\u00a0Minute\" \/>\n<script type=\"application\/ld+json\" class=\"yoast-schema-graph\">{\"@context\":\"https:\/\/schema.org\",\"@graph\":[{\"@type\":\"WebPage\",\"@id\":\"https:\/\/www.xn--krtler-3ya.com\/de\/metin-yener-wird-zum-praesidenten-des-rechnungshofs-gewaehlt.html\",\"url\":\"https:\/\/www.xn--krtler-3ya.com\/de\/metin-yener-wird-zum-praesidenten-des-rechnungshofs-gewaehlt.html\",\"name\":\"Metin Yener wird zum Pr\u00e4sidenten des Rechnungshofs gew\u00e4hlt - Mit Liebe gebastelt\",\"isPartOf\":{\"@id\":\"https:\/\/www.xn--krtler-3ya.com\/de#website\"},\"primaryImageOfPage\":{\"@id\":\"https:\/\/www.xn--krtler-3ya.com\/de\/metin-yener-wird-zum-praesidenten-des-rechnungshofs-gewaehlt.html#primaryimage\"},\"image\":{\"@id\":\"https:\/\/www.xn--krtler-3ya.com\/de\/metin-yener-wird-zum-praesidenten-des-rechnungshofs-gewaehlt.html#primaryimage\"},\"thumbnailUrl\":\"https:\/\/www.xn--krtler-3ya.com\/wp-content\/uploads\/2021\/06\/metin-yener-sayistay-baskani.jpg\",\"datePublished\":\"2021-06-23T11:32:28+00:00\",\"dateModified\":\"2024-10-17T18:04:33+00:00\",\"author\":{\"@id\":\"https:\/\/www.xn--krtler-3ya.com\/de#\/schema\/person\/6bcd5bbe2e1493cacc77180c1bd84881\"},\"breadcrumb\":{\"@id\":\"https:\/\/www.xn--krtler-3ya.com\/de\/metin-yener-wird-zum-praesidenten-des-rechnungshofs-gewaehlt.html#breadcrumb\"},\"inLanguage\":\"de\",\"potentialAction\":[{\"@type\":\"ReadAction\",\"target\":[\"https:\/\/www.xn--krtler-3ya.com\/de\/metin-yener-wird-zum-praesidenten-des-rechnungshofs-gewaehlt.html\"]}]},{\"@type\":\"ImageObject\",\"inLanguage\":\"de\",\"@id\":\"https:\/\/www.xn--krtler-3ya.com\/de\/metin-yener-wird-zum-praesidenten-des-rechnungshofs-gewaehlt.html#primaryimage\",\"url\":\"https:\/\/www.xn--krtler-3ya.com\/wp-content\/uploads\/2021\/06\/metin-yener-sayistay-baskani.jpg\",\"contentUrl\":\"https:\/\/www.xn--krtler-3ya.com\/wp-content\/uploads\/2021\/06\/metin-yener-sayistay-baskani.jpg\",\"width\":640,\"height\":360},{\"@type\":\"BreadcrumbList\",\"@id\":\"https:\/\/www.xn--krtler-3ya.com\/de\/metin-yener-wird-zum-praesidenten-des-rechnungshofs-gewaehlt.html#breadcrumb\",\"itemListElement\":[{\"@type\":\"ListItem\",\"position\":1,\"name\":\"Startseite\",\"item\":\"https:\/\/www.xn--krtler-3ya.com\/de\"},{\"@type\":\"ListItem\",\"position\":2,\"name\":\"Metin Yener wird zum Pr\u00e4sidenten des Rechnungshofs gew\u00e4hlt\"}]},{\"@type\":\"WebSite\",\"@id\":\"https:\/\/www.xn--krtler-3ya.com\/de#website\",\"url\":\"https:\/\/www.xn--krtler-3ya.com\/de\",\"name\":\"k\u00fcrtler\",\"description\":\"\",\"potentialAction\":[{\"@type\":\"SearchAction\",\"target\":{\"@type\":\"EntryPoint\",\"urlTemplate\":\"https:\/\/www.xn--krtler-3ya.com\/de?s={search_term_string}\"},\"query-input\":{\"@type\":\"PropertyValueSpecification\",\"valueRequired\":true,\"valueName\":\"search_term_string\"}}],\"inLanguage\":\"de\"},{\"@type\":\"Person\",\"@id\":\"https:\/\/www.xn--krtler-3ya.com\/de#\/schema\/person\/6bcd5bbe2e1493cacc77180c1bd84881\",\"name\":\"admin\",\"image\":{\"@type\":\"ImageObject\",\"inLanguage\":\"de\",\"@id\":\"https:\/\/www.xn--krtler-3ya.com\/de#\/schema\/person\/image\/\",\"url\":\"https:\/\/www.xn--krtler-3ya.com\/wp-content\/litespeed\/avatar\/de8faab9da60e77876a3fba9edd82f20.jpg?ver=1777431259\",\"contentUrl\":\"https:\/\/www.xn--krtler-3ya.com\/wp-content\/litespeed\/avatar\/de8faab9da60e77876a3fba9edd82f20.jpg?ver=1777431259\",\"caption\":\"admin\"},\"sameAs\":[\"https:\/\/kora24.de\"],\"url\":\"https:\/\/www.xn--krtler-3ya.com\/de\/author\/youssef\"}]}<\/script>\n<!-- \/ Yoast SEO plugin. -->","yoast_head_json":{"title":"Metin Yener wird zum Pr\u00e4sidenten des Rechnungshofs gew\u00e4hlt - Mit Liebe gebastelt","robots":{"index":"index","follow":"follow","max-snippet":"max-snippet:-1","max-image-preview":"max-image-preview:large","max-video-preview":"max-video-preview:-1"},"canonical":"https:\/\/www.xn--krtler-3ya.com\/de\/metin-yener-wird-zum-praesidenten-des-rechnungshofs-gewaehlt.html","og_locale":"de_DE","og_type":"article","og_title":"Metin Yener wird zum Pr\u00e4sidenten des Rechnungshofs gew\u00e4hlt - Mit Liebe gebastelt","og_description":"Bei der Abstimmung in der Gro\u00dfen Nationalversammlung der T\u00fcrkeiwurde Metin Yener, der als Generaldirektor f\u00fcr Personal und Grunds\u00e4tze des Pr\u00e4sidiums der Republik T\u00fcrkei t\u00e4tig war, zum Pr\u00e4sidenten des Rechnungshofs gew\u00e4hlt. Metin Yener und Mehmet Aksoy, Mitglied der 6. Kammer des Rechnungshofs, traten bei der Wahl in der Generalversammlung an, wo geheime Stimmen abgegeben wurden. Metin &hellip;","og_url":"https:\/\/www.xn--krtler-3ya.com\/de\/metin-yener-wird-zum-praesidenten-des-rechnungshofs-gewaehlt.html","og_site_name":"Mit Liebe gebastelt","article_published_time":"2021-06-23T11:32:28+00:00","article_modified_time":"2024-10-17T18:04:33+00:00","og_image":[{"width":640,"height":360,"url":"https:\/\/www.xn--krtler-3ya.com\/wp-content\/uploads\/2021\/06\/metin-yener-sayistay-baskani.jpg","type":"image\/jpeg"}],"author":"admin","twitter_card":"summary_large_image","twitter_misc":{"Verfasst von":"admin","Gesch\u00e4tzte Lesezeit":"1\u00a0Minute"},"schema":{"@context":"https:\/\/schema.org","@graph":[{"@type":"WebPage","@id":"https:\/\/www.xn--krtler-3ya.com\/de\/metin-yener-wird-zum-praesidenten-des-rechnungshofs-gewaehlt.html","url":"https:\/\/www.xn--krtler-3ya.com\/de\/metin-yener-wird-zum-praesidenten-des-rechnungshofs-gewaehlt.html","name":"Metin Yener wird zum Pr\u00e4sidenten des Rechnungshofs gew\u00e4hlt - Mit Liebe gebastelt","isPartOf":{"@id":"https:\/\/www.xn--krtler-3ya.com\/de#website"},"primaryImageOfPage":{"@id":"https:\/\/www.xn--krtler-3ya.com\/de\/metin-yener-wird-zum-praesidenten-des-rechnungshofs-gewaehlt.html#primaryimage"},"image":{"@id":"https:\/\/www.xn--krtler-3ya.com\/de\/metin-yener-wird-zum-praesidenten-des-rechnungshofs-gewaehlt.html#primaryimage"},"thumbnailUrl":"https:\/\/www.xn--krtler-3ya.com\/wp-content\/uploads\/2021\/06\/metin-yener-sayistay-baskani.jpg","datePublished":"2021-06-23T11:32:28+00:00","dateModified":"2024-10-17T18:04:33+00:00","author":{"@id":"https:\/\/www.xn--krtler-3ya.com\/de#\/schema\/person\/6bcd5bbe2e1493cacc77180c1bd84881"},"breadcrumb":{"@id":"https:\/\/www.xn--krtler-3ya.com\/de\/metin-yener-wird-zum-praesidenten-des-rechnungshofs-gewaehlt.html#breadcrumb"},"inLanguage":"de","potentialAction":[{"@type":"ReadAction","target":["https:\/\/www.xn--krtler-3ya.com\/de\/metin-yener-wird-zum-praesidenten-des-rechnungshofs-gewaehlt.html"]}]},{"@type":"ImageObject","inLanguage":"de","@id":"https:\/\/www.xn--krtler-3ya.com\/de\/metin-yener-wird-zum-praesidenten-des-rechnungshofs-gewaehlt.html#primaryimage","url":"https:\/\/www.xn--krtler-3ya.com\/wp-content\/uploads\/2021\/06\/metin-yener-sayistay-baskani.jpg","contentUrl":"https:\/\/www.xn--krtler-3ya.com\/wp-content\/uploads\/2021\/06\/metin-yener-sayistay-baskani.jpg","width":640,"height":360},{"@type":"BreadcrumbList","@id":"https:\/\/www.xn--krtler-3ya.com\/de\/metin-yener-wird-zum-praesidenten-des-rechnungshofs-gewaehlt.html#breadcrumb","itemListElement":[{"@type":"ListItem","position":1,"name":"Startseite","item":"https:\/\/www.xn--krtler-3ya.com\/de"},{"@type":"ListItem","position":2,"name":"Metin Yener wird zum Pr\u00e4sidenten des Rechnungshofs gew\u00e4hlt"}]},{"@type":"WebSite","@id":"https:\/\/www.xn--krtler-3ya.com\/de#website","url":"https:\/\/www.xn--krtler-3ya.com\/de","name":"k\u00fcrtler","description":"","potentialAction":[{"@type":"SearchAction","target":{"@type":"EntryPoint","urlTemplate":"https:\/\/www.xn--krtler-3ya.com\/de?s={search_term_string}"},"query-input":{"@type":"PropertyValueSpecification","valueRequired":true,"valueName":"search_term_string"}}],"inLanguage":"de"},{"@type":"Person","@id":"https:\/\/www.xn--krtler-3ya.com\/de#\/schema\/person\/6bcd5bbe2e1493cacc77180c1bd84881","name":"admin","image":{"@type":"ImageObject","inLanguage":"de","@id":"https:\/\/www.xn--krtler-3ya.com\/de#\/schema\/person\/image\/","url":"https:\/\/www.xn--krtler-3ya.com\/wp-content\/litespeed\/avatar\/de8faab9da60e77876a3fba9edd82f20.jpg?ver=1777431259","contentUrl":"https:\/\/www.xn--krtler-3ya.com\/wp-content\/litespeed\/avatar\/de8faab9da60e77876a3fba9edd82f20.jpg?ver=1777431259","caption":"admin"},"sameAs":["https:\/\/kora24.de"],"url":"https:\/\/www.xn--krtler-3ya.com\/de\/author\/youssef"}]}},"amp_enabled":true,"_links":{"self":[{"href":"https:\/\/www.xn--krtler-3ya.com\/de\/wp-json\/wp\/v2\/posts\/29992","targetHints":{"allow":["GET"]}}],"collection":[{"href":"https:\/\/www.xn--krtler-3ya.com\/de\/wp-json\/wp\/v2\/posts"}],"about":[{"href":"https:\/\/www.xn--krtler-3ya.com\/de\/wp-json\/wp\/v2\/types\/post"}],"author":[{"embeddable":true,"href":"https:\/\/www.xn--krtler-3ya.com\/de\/wp-json\/wp\/v2\/users\/1"}],"replies":[{"embeddable":true,"href":"https:\/\/www.xn--krtler-3ya.com\/de\/wp-json\/wp\/v2\/comments?post=29992"}],"version-history":[{"count":1,"href":"https:\/\/www.xn--krtler-3ya.com\/de\/wp-json\/wp\/v2\/posts\/29992\/revisions"}],"predecessor-version":[{"id":29993,"href":"https:\/\/www.xn--krtler-3ya.com\/de\/wp-json\/wp\/v2\/posts\/29992\/revisions\/29993"}],"wp:featuredmedia":[{"embeddable":true,"href":"https:\/\/www.xn--krtler-3ya.com\/de\/wp-json\/wp\/v2\/media\/28503"}],"wp:attachment":[{"href":"https:\/\/www.xn--krtler-3ya.com\/de\/wp-json\/wp\/v2\/media?parent=29992"}],"wp:term":[{"taxonomy":"category","embeddable":true,"href":"https:\/\/www.xn--krtler-3ya.com\/de\/wp-json\/wp\/v2\/categories?post=29992"},{"taxonomy":"post_tag","embeddable":true,"href":"https:\/\/www.xn--krtler-3ya.com\/de\/wp-json\/wp\/v2\/tags?post=29992"}],"curies":[{"name":"wp","href":"https:\/\/api.w.org\/{rel}","templated":true}]}}