{"id":30021,"date":"2021-06-04T02:03:48","date_gmt":"2021-06-04T02:03:48","guid":{"rendered":"https:\/\/www.xn--krtler-3ya.com\/wer-ist-muege-anli-yusuf-turhan-und-woher-kommt-er.html"},"modified":"2021-06-04T02:03:48","modified_gmt":"2021-06-04T02:03:48","slug":"wer-ist-muege-anli-yusuf-turhan-und-woher-kommt-er","status":"publish","type":"post","link":"https:\/\/www.xn--krtler-3ya.com\/de\/wer-ist-muege-anli-yusuf-turhan-und-woher-kommt-er.html","title":{"rendered":"Wer ist M\u00fcge Anl\u0131 Yusuf Turhan und woher kommt er?"},"content":{"rendered":"<p>Das Verschwinden von <strong>Mehmet Turhan<\/strong> und <strong>Firdevs<\/strong> \u00d6zt\u00fcrk, einer der Protagonisten von <strong>M\u00fcge Anl\u0131<\/strong><strong>  Wer ist Yusuf Turhan? Yusuf Turhan Kayseri K\u00e4serei <\/strong><\/p>\n<h2><span style=\"color: #800000;\"><strong>Woher kommt Yusuf Turhan?<\/strong><\/span><\/h2>\n<p>Der erste <strong>Yusuf<\/strong> <strong>Turhan<\/strong> ist 19 Jahre alt, stammt <strong>aus Kocasinan, Kayseri<\/strong>, und ist der Sohn der verschwundenen Mehmet und Firdevs \u00d6zt\u00fcrk.<\/p>\n<h2><span style=\"color: #800000;\">M\u00fcge Anl\u0131 Yusuf Turhan Soziale Medien Facebook und Instagram Konto<\/span><\/h2>\n<p><strong><span style=\"color: #0000ff;\"><a style=\"color: #0000ff;\" href=\"https:\/\/www.facebook.com\/yusuf.turhan.395454\" target=\"_blank\" rel=\"noopener\">Facebook-Konto<\/a><\/span><\/strong><\/p>\n<p>&nbsp;<\/p>\n<p>2. und <strong>Yusuf Turhan<\/strong>, gegen den sich die Vorw\u00fcrfe richten, ist 52 Jahre alt und stammt ebenfalls <strong>aus Kayseri<\/strong><strong>.<\/strong> <\/p>\n<p><img loading=\"lazy\" decoding=\"async\" class=\"size-full wp-image-16134 aligncenter\" src=\"https:\/\/www.xn--krtler-3ya.com\/wp-content\/uploads\/2021\/06\/yusuf-turhan-kayseri.jpg\" alt=\"M\u00fcge Anl\u0131 Yusuf Turhan  \" width=\"623\" height=\"721\"><\/p>\n<h3><span style=\"color: #800000;\"><strong>Was ist ein Ereignis?<\/strong><\/span><\/h3>\n<p>Firdevs \u00d6zt\u00fcrk und Mehmet Turhan haben seit 17 Tagen nichts mehr von sich h\u00f6ren lassen, woraufhin sich sein Sohn Yusuf Turhan an das Programm M\u00fcge Anl\u0131 ile Tatl\u0131 Sert wandte. Es wurde eine erschreckende Behauptung \u00fcber <strong>Yusuf Turhan<\/strong>, den Bruder des vermissten Mehmet, aufgestellt. Es wurde enth\u00fcllt, dass die beiden Br\u00fcder ihre Schwester Hava Turhan, die vor 30 Jahren verschwand, mit einem Stromschlag get\u00f6tet, dann erw\u00fcrgt und in den K\u0131z\u0131l\u0131rmak geworfen haben, indem sie ihr einen Stein um die Taille banden. Aufgrund dieses Vorfalls wurde <strong>Yusuf Turhan<\/strong>, der Bruder von Mehmet und Firdevs, zu einem Verd\u00e4chtigen im Zusammenhang mit dem Verschwinden des Paares.<\/p>\n","protected":false},"excerpt":{"rendered":"<p>Das Verschwinden von Mehmet Turhan und Firdevs \u00d6zt\u00fcrk, einer der Protagonisten von M\u00fcge Anl\u0131 Wer ist Yusuf Turhan? Yusuf Turhan Kayseri K\u00e4serei Woher kommt Yusuf Turhan? Der erste Yusuf Turhan ist 19 Jahre alt, stammt aus Kocasinan, Kayseri, und ist der Sohn der verschwundenen Mehmet und Firdevs \u00d6zt\u00fcrk. M\u00fcge Anl\u0131 Yusuf Turhan Soziale Medien Facebook &hellip;<\/p>\n","protected":false},"author":1,"featured_media":28436,"comment_status":"open","ping_status":"closed","sticky":false,"template":"","format":"standard","meta":{"footnotes":""},"categories":[6187],"tags":[8990,8993,8991,8992],"class_list":["post-30021","post","type-post","status-publish","format-standard","has-post-thumbnail","hentry","category-biographie","tag-yusuf-turhan-de","tag-yusuf-turhan-kaese","tag-yusuf-turhan-kayseri-de","tag-yusuf-turhan-muege-anli"],"yoast_head":"<!-- This site is optimized with the Yoast SEO plugin v23.7 - https:\/\/yoast.com\/wordpress\/plugins\/seo\/ -->\n<title>Wer ist M\u00fcge Anl\u0131 Yusuf Turhan und woher kommt er? - Mit Liebe gebastelt<\/title>\n<meta name=\"robots\" content=\"index, follow, max-snippet:-1, max-image-preview:large, max-video-preview:-1\" \/>\n<link rel=\"canonical\" href=\"https:\/\/www.xn--krtler-3ya.com\/de\/wer-ist-muege-anli-yusuf-turhan-und-woher-kommt-er.html\" \/>\n<meta property=\"og:locale\" content=\"de_DE\" \/>\n<meta property=\"og:type\" content=\"article\" \/>\n<meta property=\"og:title\" content=\"Wer ist M\u00fcge Anl\u0131 Yusuf Turhan und woher kommt er? - Mit Liebe gebastelt\" \/>\n<meta property=\"og:description\" content=\"Das Verschwinden von Mehmet Turhan und Firdevs \u00d6zt\u00fcrk, einer der Protagonisten von M\u00fcge Anl\u0131 Wer ist Yusuf Turhan? Yusuf Turhan Kayseri K\u00e4serei Woher kommt Yusuf Turhan? Der erste Yusuf Turhan ist 19 Jahre alt, stammt aus Kocasinan, Kayseri, und ist der Sohn der verschwundenen Mehmet und Firdevs \u00d6zt\u00fcrk. M\u00fcge Anl\u0131 Yusuf Turhan Soziale Medien Facebook &hellip;\" \/>\n<meta property=\"og:url\" content=\"https:\/\/www.xn--krtler-3ya.com\/de\/wer-ist-muege-anli-yusuf-turhan-und-woher-kommt-er.html\" \/>\n<meta property=\"og:site_name\" content=\"Mit Liebe gebastelt\" \/>\n<meta property=\"article:published_time\" content=\"2021-06-04T02:03:48+00:00\" \/>\n<meta property=\"og:image\" content=\"https:\/\/www.xn--krtler-3ya.com\/wp-content\/uploads\/2021\/06\/muge-anli-yusuf-turhan-kimdir.jpg\" \/>\n\t<meta property=\"og:image:width\" content=\"670\" \/>\n\t<meta property=\"og:image:height\" content=\"369\" \/>\n\t<meta property=\"og:image:type\" content=\"image\/jpeg\" \/>\n<meta name=\"author\" content=\"admin\" \/>\n<meta name=\"twitter:card\" content=\"summary_large_image\" \/>\n<meta name=\"twitter:label1\" content=\"Verfasst von\" \/>\n\t<meta name=\"twitter:data1\" content=\"admin\" \/>\n\t<meta name=\"twitter:label2\" content=\"Gesch\u00e4tzte Lesezeit\" \/>\n\t<meta name=\"twitter:data2\" content=\"1\u00a0Minute\" \/>\n<script type=\"application\/ld+json\" class=\"yoast-schema-graph\">{\"@context\":\"https:\/\/schema.org\",\"@graph\":[{\"@type\":\"WebPage\",\"@id\":\"https:\/\/www.xn--krtler-3ya.com\/de\/wer-ist-muege-anli-yusuf-turhan-und-woher-kommt-er.html\",\"url\":\"https:\/\/www.xn--krtler-3ya.com\/de\/wer-ist-muege-anli-yusuf-turhan-und-woher-kommt-er.html\",\"name\":\"Wer ist M\u00fcge Anl\u0131 Yusuf Turhan und woher kommt er? - Mit Liebe gebastelt\",\"isPartOf\":{\"@id\":\"https:\/\/www.xn--krtler-3ya.com\/de#website\"},\"primaryImageOfPage\":{\"@id\":\"https:\/\/www.xn--krtler-3ya.com\/de\/wer-ist-muege-anli-yusuf-turhan-und-woher-kommt-er.html#primaryimage\"},\"image\":{\"@id\":\"https:\/\/www.xn--krtler-3ya.com\/de\/wer-ist-muege-anli-yusuf-turhan-und-woher-kommt-er.html#primaryimage\"},\"thumbnailUrl\":\"https:\/\/www.xn--krtler-3ya.com\/wp-content\/uploads\/2021\/06\/muge-anli-yusuf-turhan-kimdir.jpg\",\"datePublished\":\"2021-06-04T02:03:48+00:00\",\"dateModified\":\"2021-06-04T02:03:48+00:00\",\"author\":{\"@id\":\"https:\/\/www.xn--krtler-3ya.com\/de#\/schema\/person\/6bcd5bbe2e1493cacc77180c1bd84881\"},\"breadcrumb\":{\"@id\":\"https:\/\/www.xn--krtler-3ya.com\/de\/wer-ist-muege-anli-yusuf-turhan-und-woher-kommt-er.html#breadcrumb\"},\"inLanguage\":\"de\",\"potentialAction\":[{\"@type\":\"ReadAction\",\"target\":[\"https:\/\/www.xn--krtler-3ya.com\/de\/wer-ist-muege-anli-yusuf-turhan-und-woher-kommt-er.html\"]}]},{\"@type\":\"ImageObject\",\"inLanguage\":\"de\",\"@id\":\"https:\/\/www.xn--krtler-3ya.com\/de\/wer-ist-muege-anli-yusuf-turhan-und-woher-kommt-er.html#primaryimage\",\"url\":\"https:\/\/www.xn--krtler-3ya.com\/wp-content\/uploads\/2021\/06\/muge-anli-yusuf-turhan-kimdir.jpg\",\"contentUrl\":\"https:\/\/www.xn--krtler-3ya.com\/wp-content\/uploads\/2021\/06\/muge-anli-yusuf-turhan-kimdir.jpg\",\"width\":670,\"height\":369},{\"@type\":\"BreadcrumbList\",\"@id\":\"https:\/\/www.xn--krtler-3ya.com\/de\/wer-ist-muege-anli-yusuf-turhan-und-woher-kommt-er.html#breadcrumb\",\"itemListElement\":[{\"@type\":\"ListItem\",\"position\":1,\"name\":\"Startseite\",\"item\":\"https:\/\/www.xn--krtler-3ya.com\/de\"},{\"@type\":\"ListItem\",\"position\":2,\"name\":\"Wer ist M\u00fcge Anl\u0131 Yusuf Turhan und woher kommt er?\"}]},{\"@type\":\"WebSite\",\"@id\":\"https:\/\/www.xn--krtler-3ya.com\/de#website\",\"url\":\"https:\/\/www.xn--krtler-3ya.com\/de\",\"name\":\"k\u00fcrtler\",\"description\":\"\",\"potentialAction\":[{\"@type\":\"SearchAction\",\"target\":{\"@type\":\"EntryPoint\",\"urlTemplate\":\"https:\/\/www.xn--krtler-3ya.com\/de?s={search_term_string}\"},\"query-input\":{\"@type\":\"PropertyValueSpecification\",\"valueRequired\":true,\"valueName\":\"search_term_string\"}}],\"inLanguage\":\"de\"},{\"@type\":\"Person\",\"@id\":\"https:\/\/www.xn--krtler-3ya.com\/de#\/schema\/person\/6bcd5bbe2e1493cacc77180c1bd84881\",\"name\":\"admin\",\"image\":{\"@type\":\"ImageObject\",\"inLanguage\":\"de\",\"@id\":\"https:\/\/www.xn--krtler-3ya.com\/de#\/schema\/person\/image\/\",\"url\":\"https:\/\/www.xn--krtler-3ya.com\/wp-content\/litespeed\/avatar\/de8faab9da60e77876a3fba9edd82f20.jpg?ver=1777431259\",\"contentUrl\":\"https:\/\/www.xn--krtler-3ya.com\/wp-content\/litespeed\/avatar\/de8faab9da60e77876a3fba9edd82f20.jpg?ver=1777431259\",\"caption\":\"admin\"},\"sameAs\":[\"https:\/\/kora24.de\"],\"url\":\"https:\/\/www.xn--krtler-3ya.com\/de\/author\/youssef\"}]}<\/script>\n<!-- \/ Yoast SEO plugin. -->","yoast_head_json":{"title":"Wer ist M\u00fcge Anl\u0131 Yusuf Turhan und woher kommt er? - Mit Liebe gebastelt","robots":{"index":"index","follow":"follow","max-snippet":"max-snippet:-1","max-image-preview":"max-image-preview:large","max-video-preview":"max-video-preview:-1"},"canonical":"https:\/\/www.xn--krtler-3ya.com\/de\/wer-ist-muege-anli-yusuf-turhan-und-woher-kommt-er.html","og_locale":"de_DE","og_type":"article","og_title":"Wer ist M\u00fcge Anl\u0131 Yusuf Turhan und woher kommt er? - Mit Liebe gebastelt","og_description":"Das Verschwinden von Mehmet Turhan und Firdevs \u00d6zt\u00fcrk, einer der Protagonisten von M\u00fcge Anl\u0131 Wer ist Yusuf Turhan? Yusuf Turhan Kayseri K\u00e4serei Woher kommt Yusuf Turhan? Der erste Yusuf Turhan ist 19 Jahre alt, stammt aus Kocasinan, Kayseri, und ist der Sohn der verschwundenen Mehmet und Firdevs \u00d6zt\u00fcrk. M\u00fcge Anl\u0131 Yusuf Turhan Soziale Medien Facebook &hellip;","og_url":"https:\/\/www.xn--krtler-3ya.com\/de\/wer-ist-muege-anli-yusuf-turhan-und-woher-kommt-er.html","og_site_name":"Mit Liebe gebastelt","article_published_time":"2021-06-04T02:03:48+00:00","og_image":[{"width":670,"height":369,"url":"https:\/\/www.xn--krtler-3ya.com\/wp-content\/uploads\/2021\/06\/muge-anli-yusuf-turhan-kimdir.jpg","type":"image\/jpeg"}],"author":"admin","twitter_card":"summary_large_image","twitter_misc":{"Verfasst von":"admin","Gesch\u00e4tzte Lesezeit":"1\u00a0Minute"},"schema":{"@context":"https:\/\/schema.org","@graph":[{"@type":"WebPage","@id":"https:\/\/www.xn--krtler-3ya.com\/de\/wer-ist-muege-anli-yusuf-turhan-und-woher-kommt-er.html","url":"https:\/\/www.xn--krtler-3ya.com\/de\/wer-ist-muege-anli-yusuf-turhan-und-woher-kommt-er.html","name":"Wer ist M\u00fcge Anl\u0131 Yusuf Turhan und woher kommt er? - Mit Liebe gebastelt","isPartOf":{"@id":"https:\/\/www.xn--krtler-3ya.com\/de#website"},"primaryImageOfPage":{"@id":"https:\/\/www.xn--krtler-3ya.com\/de\/wer-ist-muege-anli-yusuf-turhan-und-woher-kommt-er.html#primaryimage"},"image":{"@id":"https:\/\/www.xn--krtler-3ya.com\/de\/wer-ist-muege-anli-yusuf-turhan-und-woher-kommt-er.html#primaryimage"},"thumbnailUrl":"https:\/\/www.xn--krtler-3ya.com\/wp-content\/uploads\/2021\/06\/muge-anli-yusuf-turhan-kimdir.jpg","datePublished":"2021-06-04T02:03:48+00:00","dateModified":"2021-06-04T02:03:48+00:00","author":{"@id":"https:\/\/www.xn--krtler-3ya.com\/de#\/schema\/person\/6bcd5bbe2e1493cacc77180c1bd84881"},"breadcrumb":{"@id":"https:\/\/www.xn--krtler-3ya.com\/de\/wer-ist-muege-anli-yusuf-turhan-und-woher-kommt-er.html#breadcrumb"},"inLanguage":"de","potentialAction":[{"@type":"ReadAction","target":["https:\/\/www.xn--krtler-3ya.com\/de\/wer-ist-muege-anli-yusuf-turhan-und-woher-kommt-er.html"]}]},{"@type":"ImageObject","inLanguage":"de","@id":"https:\/\/www.xn--krtler-3ya.com\/de\/wer-ist-muege-anli-yusuf-turhan-und-woher-kommt-er.html#primaryimage","url":"https:\/\/www.xn--krtler-3ya.com\/wp-content\/uploads\/2021\/06\/muge-anli-yusuf-turhan-kimdir.jpg","contentUrl":"https:\/\/www.xn--krtler-3ya.com\/wp-content\/uploads\/2021\/06\/muge-anli-yusuf-turhan-kimdir.jpg","width":670,"height":369},{"@type":"BreadcrumbList","@id":"https:\/\/www.xn--krtler-3ya.com\/de\/wer-ist-muege-anli-yusuf-turhan-und-woher-kommt-er.html#breadcrumb","itemListElement":[{"@type":"ListItem","position":1,"name":"Startseite","item":"https:\/\/www.xn--krtler-3ya.com\/de"},{"@type":"ListItem","position":2,"name":"Wer ist M\u00fcge Anl\u0131 Yusuf Turhan und woher kommt er?"}]},{"@type":"WebSite","@id":"https:\/\/www.xn--krtler-3ya.com\/de#website","url":"https:\/\/www.xn--krtler-3ya.com\/de","name":"k\u00fcrtler","description":"","potentialAction":[{"@type":"SearchAction","target":{"@type":"EntryPoint","urlTemplate":"https:\/\/www.xn--krtler-3ya.com\/de?s={search_term_string}"},"query-input":{"@type":"PropertyValueSpecification","valueRequired":true,"valueName":"search_term_string"}}],"inLanguage":"de"},{"@type":"Person","@id":"https:\/\/www.xn--krtler-3ya.com\/de#\/schema\/person\/6bcd5bbe2e1493cacc77180c1bd84881","name":"admin","image":{"@type":"ImageObject","inLanguage":"de","@id":"https:\/\/www.xn--krtler-3ya.com\/de#\/schema\/person\/image\/","url":"https:\/\/www.xn--krtler-3ya.com\/wp-content\/litespeed\/avatar\/de8faab9da60e77876a3fba9edd82f20.jpg?ver=1777431259","contentUrl":"https:\/\/www.xn--krtler-3ya.com\/wp-content\/litespeed\/avatar\/de8faab9da60e77876a3fba9edd82f20.jpg?ver=1777431259","caption":"admin"},"sameAs":["https:\/\/kora24.de"],"url":"https:\/\/www.xn--krtler-3ya.com\/de\/author\/youssef"}]}},"amp_enabled":true,"_links":{"self":[{"href":"https:\/\/www.xn--krtler-3ya.com\/de\/wp-json\/wp\/v2\/posts\/30021","targetHints":{"allow":["GET"]}}],"collection":[{"href":"https:\/\/www.xn--krtler-3ya.com\/de\/wp-json\/wp\/v2\/posts"}],"about":[{"href":"https:\/\/www.xn--krtler-3ya.com\/de\/wp-json\/wp\/v2\/types\/post"}],"author":[{"embeddable":true,"href":"https:\/\/www.xn--krtler-3ya.com\/de\/wp-json\/wp\/v2\/users\/1"}],"replies":[{"embeddable":true,"href":"https:\/\/www.xn--krtler-3ya.com\/de\/wp-json\/wp\/v2\/comments?post=30021"}],"version-history":[{"count":0,"href":"https:\/\/www.xn--krtler-3ya.com\/de\/wp-json\/wp\/v2\/posts\/30021\/revisions"}],"wp:featuredmedia":[{"embeddable":true,"href":"https:\/\/www.xn--krtler-3ya.com\/de\/wp-json\/wp\/v2\/media\/28436"}],"wp:attachment":[{"href":"https:\/\/www.xn--krtler-3ya.com\/de\/wp-json\/wp\/v2\/media?parent=30021"}],"wp:term":[{"taxonomy":"category","embeddable":true,"href":"https:\/\/www.xn--krtler-3ya.com\/de\/wp-json\/wp\/v2\/categories?post=30021"},{"taxonomy":"post_tag","embeddable":true,"href":"https:\/\/www.xn--krtler-3ya.com\/de\/wp-json\/wp\/v2\/tags?post=30021"}],"curies":[{"name":"wp","href":"https:\/\/api.w.org\/{rel}","templated":true}]}}