{"id":30026,"date":"2021-06-01T01:14:05","date_gmt":"2021-06-01T01:14:05","guid":{"rendered":"https:\/\/www.xn--krtler-3ya.com\/was-bedeutet-das-kurdische-foto.html"},"modified":"2024-10-17T18:04:40","modified_gmt":"2024-10-17T18:04:40","slug":"was-bedeutet-das-kurdische-foto","status":"publish","type":"post","link":"https:\/\/www.xn--krtler-3ya.com\/de\/was-bedeutet-das-kurdische-foto.html","title":{"rendered":"Was bedeutet das kurdische Foto?"},"content":{"rendered":"\n<p><strong><b>Das kurdische Wort f\u00fcr Fotografie<\/b><\/strong> Bedeutung <strong><u>ist w\u00eane<\/u><\/strong>. Das <strong>kurdische<\/strong> Wort f\u00fcr Fotografie, <strong>w\u00eane<\/strong>, wird auch f\u00fcr Malerei und Portr\u00e4ts verwendet.<\/p>\n\n<p>Die Verwendung <strong>des Wortes<\/strong> <strong>Foto<\/strong> <strong>auf<\/strong> <strong>Kurdisch<\/strong> in einem Satz kann folgenderma\u00dfen aussehen:<\/p>\n\n<p><strong><b>Ich w\u00eane ki\u015fan \u21d4 <\/b><\/strong>wir haben ein Foto gemacht<\/p>\n\n<p> <strong><b> min w\u00eane y\u00ea xwezay\u00ea ki\u015fand \u21d4 <\/b><\/strong>Ich habe ein Foto von der Natur gemacht<\/p>\n\n<p><strong>Auf Kurdisch<\/strong> hei\u00dft <strong>die Fotografie<\/strong> <strong>w\u00eane<\/strong>, und das Wort <strong>n\u00eegar<\/strong> ist zwar nicht so gebr\u00e4uchlich wie <strong>w\u00eane<\/strong>, wird aber auch verwendet. Aber diese W\u00f6rter werden meist in lokalen Dialekten gesprochen <a href=\"http:\/\/eumamae.com\/\">.<\/a> <strong>W\u00eane<\/strong> wird im Allgemeinen bevorzugt.  <\/p>\n\n<h2 class=\"wp-block-heading\"><span style=\"font-size: 14pt; color: #800000;\">Wie sagt man Kamera auf Kurdisch?<\/span><\/h2>\n\n<p><strong>Auf Kurdisch<\/strong> wird eine Kamera als<strong>&#8218;mek\u00eena fotoy\u00ea<\/strong>&#8218; geschrieben.<\/p>\n","protected":false},"excerpt":{"rendered":"<p>Das kurdische Wort f\u00fcr Fotografie Bedeutung ist w\u00eane. Das kurdische Wort f\u00fcr Fotografie, w\u00eane, wird auch f\u00fcr Malerei und Portr\u00e4ts verwendet. Die Verwendung des Wortes Foto auf Kurdisch in einem Satz kann folgenderma\u00dfen aussehen: Ich w\u00eane ki\u015fan \u21d4 wir haben ein Foto gemacht min w\u00eane y\u00ea xwezay\u00ea ki\u015fand \u21d4 Ich habe ein Foto von der &hellip;<\/p>\n","protected":false},"author":1,"featured_media":28410,"comment_status":"open","ping_status":"closed","sticky":false,"template":"","format":"standard","meta":{"footnotes":""},"categories":[6019],"tags":[9001,9003,9002],"class_list":["post-30026","post","type-post","status-publish","format-standard","has-post-thumbnail","hentry","category-kurdisch-ubersetzung","tag-foto-name-auf-kurdisch","tag-fototext-auf-kurdisch","tag-was-bedeutet-foto-auf-kurtisch"],"yoast_head":"<!-- This site is optimized with the Yoast SEO plugin v23.7 - https:\/\/yoast.com\/wordpress\/plugins\/seo\/ -->\n<title>Was bedeutet das kurdische Foto? - Mit Liebe gebastelt<\/title>\n<meta name=\"robots\" content=\"index, follow, max-snippet:-1, max-image-preview:large, max-video-preview:-1\" \/>\n<link rel=\"canonical\" href=\"https:\/\/www.xn--krtler-3ya.com\/de\/was-bedeutet-das-kurdische-foto.html\" \/>\n<meta property=\"og:locale\" content=\"de_DE\" \/>\n<meta property=\"og:type\" content=\"article\" \/>\n<meta property=\"og:title\" content=\"Was bedeutet das kurdische Foto? - Mit Liebe gebastelt\" \/>\n<meta property=\"og:description\" content=\"Das kurdische Wort f\u00fcr Fotografie Bedeutung ist w\u00eane. Das kurdische Wort f\u00fcr Fotografie, w\u00eane, wird auch f\u00fcr Malerei und Portr\u00e4ts verwendet. Die Verwendung des Wortes Foto auf Kurdisch in einem Satz kann folgenderma\u00dfen aussehen: Ich w\u00eane ki\u015fan \u21d4 wir haben ein Foto gemacht min w\u00eane y\u00ea xwezay\u00ea ki\u015fand \u21d4 Ich habe ein Foto von der &hellip;\" \/>\n<meta property=\"og:url\" content=\"https:\/\/www.xn--krtler-3ya.com\/de\/was-bedeutet-das-kurdische-foto.html\" \/>\n<meta property=\"og:site_name\" content=\"Mit Liebe gebastelt\" \/>\n<meta property=\"article:published_time\" content=\"2021-06-01T01:14:05+00:00\" \/>\n<meta property=\"article:modified_time\" content=\"2024-10-17T18:04:40+00:00\" \/>\n<meta property=\"og:image\" content=\"https:\/\/www.xn--krtler-3ya.com\/wp-content\/uploads\/2021\/06\/kurtce-fotograf-ne-demek.jpg\" \/>\n\t<meta property=\"og:image:width\" content=\"660\" \/>\n\t<meta property=\"og:image:height\" content=\"360\" \/>\n\t<meta property=\"og:image:type\" content=\"image\/jpeg\" \/>\n<meta name=\"author\" content=\"admin\" \/>\n<meta name=\"twitter:card\" content=\"summary_large_image\" \/>\n<meta name=\"twitter:label1\" content=\"Verfasst von\" \/>\n\t<meta name=\"twitter:data1\" content=\"admin\" \/>\n\t<meta name=\"twitter:label2\" content=\"Gesch\u00e4tzte Lesezeit\" \/>\n\t<meta name=\"twitter:data2\" content=\"1\u00a0Minute\" \/>\n<script type=\"application\/ld+json\" class=\"yoast-schema-graph\">{\"@context\":\"https:\/\/schema.org\",\"@graph\":[{\"@type\":\"WebPage\",\"@id\":\"https:\/\/www.xn--krtler-3ya.com\/de\/was-bedeutet-das-kurdische-foto.html\",\"url\":\"https:\/\/www.xn--krtler-3ya.com\/de\/was-bedeutet-das-kurdische-foto.html\",\"name\":\"Was bedeutet das kurdische Foto? - Mit Liebe gebastelt\",\"isPartOf\":{\"@id\":\"https:\/\/www.xn--krtler-3ya.com\/de#website\"},\"primaryImageOfPage\":{\"@id\":\"https:\/\/www.xn--krtler-3ya.com\/de\/was-bedeutet-das-kurdische-foto.html#primaryimage\"},\"image\":{\"@id\":\"https:\/\/www.xn--krtler-3ya.com\/de\/was-bedeutet-das-kurdische-foto.html#primaryimage\"},\"thumbnailUrl\":\"https:\/\/www.xn--krtler-3ya.com\/wp-content\/uploads\/2021\/06\/kurtce-fotograf-ne-demek.jpg\",\"datePublished\":\"2021-06-01T01:14:05+00:00\",\"dateModified\":\"2024-10-17T18:04:40+00:00\",\"author\":{\"@id\":\"https:\/\/www.xn--krtler-3ya.com\/de#\/schema\/person\/6bcd5bbe2e1493cacc77180c1bd84881\"},\"breadcrumb\":{\"@id\":\"https:\/\/www.xn--krtler-3ya.com\/de\/was-bedeutet-das-kurdische-foto.html#breadcrumb\"},\"inLanguage\":\"de\",\"potentialAction\":[{\"@type\":\"ReadAction\",\"target\":[\"https:\/\/www.xn--krtler-3ya.com\/de\/was-bedeutet-das-kurdische-foto.html\"]}]},{\"@type\":\"ImageObject\",\"inLanguage\":\"de\",\"@id\":\"https:\/\/www.xn--krtler-3ya.com\/de\/was-bedeutet-das-kurdische-foto.html#primaryimage\",\"url\":\"https:\/\/www.xn--krtler-3ya.com\/wp-content\/uploads\/2021\/06\/kurtce-fotograf-ne-demek.jpg\",\"contentUrl\":\"https:\/\/www.xn--krtler-3ya.com\/wp-content\/uploads\/2021\/06\/kurtce-fotograf-ne-demek.jpg\",\"width\":660,\"height\":360},{\"@type\":\"BreadcrumbList\",\"@id\":\"https:\/\/www.xn--krtler-3ya.com\/de\/was-bedeutet-das-kurdische-foto.html#breadcrumb\",\"itemListElement\":[{\"@type\":\"ListItem\",\"position\":1,\"name\":\"Startseite\",\"item\":\"https:\/\/www.xn--krtler-3ya.com\/de\"},{\"@type\":\"ListItem\",\"position\":2,\"name\":\"Was bedeutet das kurdische Foto?\"}]},{\"@type\":\"WebSite\",\"@id\":\"https:\/\/www.xn--krtler-3ya.com\/de#website\",\"url\":\"https:\/\/www.xn--krtler-3ya.com\/de\",\"name\":\"k\u00fcrtler\",\"description\":\"\",\"potentialAction\":[{\"@type\":\"SearchAction\",\"target\":{\"@type\":\"EntryPoint\",\"urlTemplate\":\"https:\/\/www.xn--krtler-3ya.com\/de?s={search_term_string}\"},\"query-input\":{\"@type\":\"PropertyValueSpecification\",\"valueRequired\":true,\"valueName\":\"search_term_string\"}}],\"inLanguage\":\"de\"},{\"@type\":\"Person\",\"@id\":\"https:\/\/www.xn--krtler-3ya.com\/de#\/schema\/person\/6bcd5bbe2e1493cacc77180c1bd84881\",\"name\":\"admin\",\"image\":{\"@type\":\"ImageObject\",\"inLanguage\":\"de\",\"@id\":\"https:\/\/www.xn--krtler-3ya.com\/de#\/schema\/person\/image\/\",\"url\":\"https:\/\/www.xn--krtler-3ya.com\/wp-content\/litespeed\/avatar\/de8faab9da60e77876a3fba9edd82f20.jpg?ver=1777431259\",\"contentUrl\":\"https:\/\/www.xn--krtler-3ya.com\/wp-content\/litespeed\/avatar\/de8faab9da60e77876a3fba9edd82f20.jpg?ver=1777431259\",\"caption\":\"admin\"},\"sameAs\":[\"https:\/\/kora24.de\"],\"url\":\"https:\/\/www.xn--krtler-3ya.com\/de\/author\/youssef\"}]}<\/script>\n<!-- \/ Yoast SEO plugin. -->","yoast_head_json":{"title":"Was bedeutet das kurdische Foto? - Mit Liebe gebastelt","robots":{"index":"index","follow":"follow","max-snippet":"max-snippet:-1","max-image-preview":"max-image-preview:large","max-video-preview":"max-video-preview:-1"},"canonical":"https:\/\/www.xn--krtler-3ya.com\/de\/was-bedeutet-das-kurdische-foto.html","og_locale":"de_DE","og_type":"article","og_title":"Was bedeutet das kurdische Foto? - Mit Liebe gebastelt","og_description":"Das kurdische Wort f\u00fcr Fotografie Bedeutung ist w\u00eane. Das kurdische Wort f\u00fcr Fotografie, w\u00eane, wird auch f\u00fcr Malerei und Portr\u00e4ts verwendet. Die Verwendung des Wortes Foto auf Kurdisch in einem Satz kann folgenderma\u00dfen aussehen: Ich w\u00eane ki\u015fan \u21d4 wir haben ein Foto gemacht min w\u00eane y\u00ea xwezay\u00ea ki\u015fand \u21d4 Ich habe ein Foto von der &hellip;","og_url":"https:\/\/www.xn--krtler-3ya.com\/de\/was-bedeutet-das-kurdische-foto.html","og_site_name":"Mit Liebe gebastelt","article_published_time":"2021-06-01T01:14:05+00:00","article_modified_time":"2024-10-17T18:04:40+00:00","og_image":[{"width":660,"height":360,"url":"https:\/\/www.xn--krtler-3ya.com\/wp-content\/uploads\/2021\/06\/kurtce-fotograf-ne-demek.jpg","type":"image\/jpeg"}],"author":"admin","twitter_card":"summary_large_image","twitter_misc":{"Verfasst von":"admin","Gesch\u00e4tzte Lesezeit":"1\u00a0Minute"},"schema":{"@context":"https:\/\/schema.org","@graph":[{"@type":"WebPage","@id":"https:\/\/www.xn--krtler-3ya.com\/de\/was-bedeutet-das-kurdische-foto.html","url":"https:\/\/www.xn--krtler-3ya.com\/de\/was-bedeutet-das-kurdische-foto.html","name":"Was bedeutet das kurdische Foto? - Mit Liebe gebastelt","isPartOf":{"@id":"https:\/\/www.xn--krtler-3ya.com\/de#website"},"primaryImageOfPage":{"@id":"https:\/\/www.xn--krtler-3ya.com\/de\/was-bedeutet-das-kurdische-foto.html#primaryimage"},"image":{"@id":"https:\/\/www.xn--krtler-3ya.com\/de\/was-bedeutet-das-kurdische-foto.html#primaryimage"},"thumbnailUrl":"https:\/\/www.xn--krtler-3ya.com\/wp-content\/uploads\/2021\/06\/kurtce-fotograf-ne-demek.jpg","datePublished":"2021-06-01T01:14:05+00:00","dateModified":"2024-10-17T18:04:40+00:00","author":{"@id":"https:\/\/www.xn--krtler-3ya.com\/de#\/schema\/person\/6bcd5bbe2e1493cacc77180c1bd84881"},"breadcrumb":{"@id":"https:\/\/www.xn--krtler-3ya.com\/de\/was-bedeutet-das-kurdische-foto.html#breadcrumb"},"inLanguage":"de","potentialAction":[{"@type":"ReadAction","target":["https:\/\/www.xn--krtler-3ya.com\/de\/was-bedeutet-das-kurdische-foto.html"]}]},{"@type":"ImageObject","inLanguage":"de","@id":"https:\/\/www.xn--krtler-3ya.com\/de\/was-bedeutet-das-kurdische-foto.html#primaryimage","url":"https:\/\/www.xn--krtler-3ya.com\/wp-content\/uploads\/2021\/06\/kurtce-fotograf-ne-demek.jpg","contentUrl":"https:\/\/www.xn--krtler-3ya.com\/wp-content\/uploads\/2021\/06\/kurtce-fotograf-ne-demek.jpg","width":660,"height":360},{"@type":"BreadcrumbList","@id":"https:\/\/www.xn--krtler-3ya.com\/de\/was-bedeutet-das-kurdische-foto.html#breadcrumb","itemListElement":[{"@type":"ListItem","position":1,"name":"Startseite","item":"https:\/\/www.xn--krtler-3ya.com\/de"},{"@type":"ListItem","position":2,"name":"Was bedeutet das kurdische Foto?"}]},{"@type":"WebSite","@id":"https:\/\/www.xn--krtler-3ya.com\/de#website","url":"https:\/\/www.xn--krtler-3ya.com\/de","name":"k\u00fcrtler","description":"","potentialAction":[{"@type":"SearchAction","target":{"@type":"EntryPoint","urlTemplate":"https:\/\/www.xn--krtler-3ya.com\/de?s={search_term_string}"},"query-input":{"@type":"PropertyValueSpecification","valueRequired":true,"valueName":"search_term_string"}}],"inLanguage":"de"},{"@type":"Person","@id":"https:\/\/www.xn--krtler-3ya.com\/de#\/schema\/person\/6bcd5bbe2e1493cacc77180c1bd84881","name":"admin","image":{"@type":"ImageObject","inLanguage":"de","@id":"https:\/\/www.xn--krtler-3ya.com\/de#\/schema\/person\/image\/","url":"https:\/\/www.xn--krtler-3ya.com\/wp-content\/litespeed\/avatar\/de8faab9da60e77876a3fba9edd82f20.jpg?ver=1777431259","contentUrl":"https:\/\/www.xn--krtler-3ya.com\/wp-content\/litespeed\/avatar\/de8faab9da60e77876a3fba9edd82f20.jpg?ver=1777431259","caption":"admin"},"sameAs":["https:\/\/kora24.de"],"url":"https:\/\/www.xn--krtler-3ya.com\/de\/author\/youssef"}]}},"amp_enabled":true,"_links":{"self":[{"href":"https:\/\/www.xn--krtler-3ya.com\/de\/wp-json\/wp\/v2\/posts\/30026","targetHints":{"allow":["GET"]}}],"collection":[{"href":"https:\/\/www.xn--krtler-3ya.com\/de\/wp-json\/wp\/v2\/posts"}],"about":[{"href":"https:\/\/www.xn--krtler-3ya.com\/de\/wp-json\/wp\/v2\/types\/post"}],"author":[{"embeddable":true,"href":"https:\/\/www.xn--krtler-3ya.com\/de\/wp-json\/wp\/v2\/users\/1"}],"replies":[{"embeddable":true,"href":"https:\/\/www.xn--krtler-3ya.com\/de\/wp-json\/wp\/v2\/comments?post=30026"}],"version-history":[{"count":1,"href":"https:\/\/www.xn--krtler-3ya.com\/de\/wp-json\/wp\/v2\/posts\/30026\/revisions"}],"predecessor-version":[{"id":30028,"href":"https:\/\/www.xn--krtler-3ya.com\/de\/wp-json\/wp\/v2\/posts\/30026\/revisions\/30028"}],"wp:featuredmedia":[{"embeddable":true,"href":"https:\/\/www.xn--krtler-3ya.com\/de\/wp-json\/wp\/v2\/media\/28410"}],"wp:attachment":[{"href":"https:\/\/www.xn--krtler-3ya.com\/de\/wp-json\/wp\/v2\/media?parent=30026"}],"wp:term":[{"taxonomy":"category","embeddable":true,"href":"https:\/\/www.xn--krtler-3ya.com\/de\/wp-json\/wp\/v2\/categories?post=30026"},{"taxonomy":"post_tag","embeddable":true,"href":"https:\/\/www.xn--krtler-3ya.com\/de\/wp-json\/wp\/v2\/tags?post=30026"}],"curies":[{"name":"wp","href":"https:\/\/api.w.org\/{rel}","templated":true}]}}