{"id":30064,"date":"2021-05-17T02:33:14","date_gmt":"2021-05-17T02:33:14","guid":{"rendered":"https:\/\/www.xn--krtler-3ya.com\/wer-ist-ali-faik-hacioglu-woher-kommt-er.html"},"modified":"2021-05-17T02:33:14","modified_gmt":"2021-05-17T02:33:14","slug":"wer-ist-ali-faik-hacioglu-woher-kommt-er","status":"publish","type":"post","link":"https:\/\/www.xn--krtler-3ya.com\/de\/wer-ist-ali-faik-hacioglu-woher-kommt-er.html","title":{"rendered":"Wer ist Ali Faik Hac\u0131o\u011flu? Woher kommt er?"},"content":{"rendered":"<p>Die ereignisreichen Videos von <strong>Sedat Peker<\/strong> gehen weiter&#8230; Im 5. Video, das er am 16. Mai 2021 ver\u00f6ffentlicht hat, wird der Name von <strong>Ali Faik Hac\u0131o\u011flu<\/strong> erw\u00e4hnt. Wer ist also dieser<strong> Ali Faik Hac\u0131o\u011flu<\/strong>? Biographie <\/p>\n<h2><span style=\"font-size: 14pt; color: #800000;\"><strong>Woher kommt Ali Faik Hac\u0131o\u011flu?<\/strong><\/span><\/h2>\n<p><strong>Ali Faik Hac\u0131o\u011flu<\/strong> stammt aus dem Dorf \u00c7a\u011flayan Yanyama\u00e7<strong>in Trabzon<\/strong>. <strong>Hac\u0131o\u011flu<\/strong>, der seine Kindheit <strong>in Trabzon<\/strong> verbrachte, wohnt derzeit <strong>in Ankara<\/strong>.<\/p>\n<h2><span style=\"font-size: 14pt; color: #800000;\"><strong>Ali Faik Hac\u0131o\u011flu Anschuldigung von Sedat Peker<\/strong><\/span><\/h2>\n<p><strong>Sedat Peker<\/strong> sagte in seiner Erkl\u00e4rung &#8222;<strong>S\u00fcleyman Soylu hat einen Berater namens Ali Faik Hac\u0131o\u011flu. Diese Person f\u00e4hrt ein Auto im Wert von 1,6 Millionen Lira. Er baut ein Haus in Trabzon f\u00fcr 5 Millionen TL. Das Gehalt seines Beraters betr\u00e4gt 10 Tausend TL oder weniger. Auch sein Berater ist reich.    <\/strong>&#8230;&#8220;, sagte er.<\/p>\n<h2><span style=\"color: #800000;\"><strong><span style=\"font-size: 14pt;\">Antwort von Ali Faik Hac\u0131o\u011flu!<\/span><\/strong><\/span><\/h2>\n<p><strong>Sedat Peker<\/strong>, der die Anschuldigungen gegen ihn nicht akzeptiert hat. <span style=\"color: #0000ff;\"><strong><a style=\"color: #0000ff;\" href=\"https:\/\/mobile.twitter.com\/AliFaikHacioglu\" target=\"_blank\" rel=\"noopener\">Der Twitter-Account von Ali Faik Hac\u0131o\u011flu<\/a><\/strong><\/span>ver\u00f6ffentlichte ebenfalls eine Erkl\u00e4rung. <strong>Hac\u0131o\u011fu<\/strong> erkl\u00e4rte, dass er 2002 erstmals der <strong>AK-Partei<\/strong>beigetreten ist. &#8222;Im Dorf Yanyama\u00e7, dem Dorf, in dem wir leben, begannen wir 2011 mit dem Bau des Hauses auf unserem eigenen Grundst\u00fcck, in dem mein Vater im unteren Stockwerk und ich in der Doppelhaush\u00e4lfte wohnte. Im September 2016 wurde ich mit Zustimmung unseres Ministers S\u00fcleyman Soylu zum Berater des Innenministers f\u00fcr <a rel=\"dofollow\" href=\"http:\/\/alanyapapim.net\/\" title=\"Alanya Eskorte\">Alanya<\/a> ernannt. Als ich Ministerialrat wurde, war unser Haus fertig.&#8220; Was das Auto betrifft, erkl\u00e4rte <strong>Hac\u0131o\u011flu<\/strong>, dass er es vor 1 Jahr f\u00fcr 877 Tausend TL gekauft hat und vor 10 Tagen den Verkauf ank\u00fcndigte, um seine Schulden zu bezahlen. <strong>Hac\u0131o\u011flu<\/strong> gab in seiner Erkl\u00e4rung auch bekannt, dass er auch <a title=\"samsun hotel escort\" href=\"http:\/\/samsunpapim.com\/\" rel=\"dofollow\">eine Samsun-Hotel-Begleitmoschee<\/a> gebaut hat.<\/p>\n<p><img loading=\"lazy\" decoding=\"async\" class=\"size-full wp-image-15841 aligncenter\" src=\"https:\/\/www.xn--krtler-3ya.com\/wp-content\/uploads\/2021\/05\/erdogan-ali-faik-hacioglu.jpg\" alt=\"Ali Faik Hac\u0131o\u011flu akp\" width=\"592\" height=\"386\"><\/p>\n<p><strong>Ali Faik Hac\u0131o\u011flu<\/strong> ist ein \u00fcberzeugter<strong> Anh\u00e4nger der AK Partei<\/strong> und ein Bewunderer von <strong>Erdo\u011fan<\/strong>.<br \/>\n<a title=\"Kusadasi Russische Eskorte\" href=\"http:\/\/kusadasipapim.net\/\" rel=\"dofollow\">Kusadasi Russische Eskorte<\/a><\/p>\n","protected":false},"excerpt":{"rendered":"<p>Die ereignisreichen Videos von Sedat Peker gehen weiter&#8230; Im 5. Video, das er am 16. Mai 2021 ver\u00f6ffentlicht hat, wird der Name von Ali Faik Hac\u0131o\u011flu erw\u00e4hnt. Wer ist also dieser Ali Faik Hac\u0131o\u011flu? Biographie Woher kommt Ali Faik Hac\u0131o\u011flu? Ali Faik Hac\u0131o\u011flu stammt aus dem Dorf \u00c7a\u011flayan Yanyama\u00e7in Trabzon. Hac\u0131o\u011flu, der seine Kindheit in &hellip;<\/p>\n","protected":false},"author":1,"featured_media":28364,"comment_status":"open","ping_status":"closed","sticky":false,"template":"","format":"standard","meta":{"footnotes":""},"categories":[6187],"tags":[9109,9111,9112,9110],"class_list":["post-30064","post","type-post","status-publish","format-standard","has-post-thumbnail","hentry","category-biographie","tag-ali-faik-hacioglu-biographie","tag-ali-faik-hacioglu-sedat-peker-de","tag-ali-faik-hoca-de","tag-wer-ist-ali-faik-hacioglu"],"yoast_head":"<!-- This site is optimized with the Yoast SEO plugin v23.7 - https:\/\/yoast.com\/wordpress\/plugins\/seo\/ -->\n<title>Wer ist Ali Faik Hac\u0131o\u011flu? Woher kommt er? - Mit Liebe gebastelt<\/title>\n<meta name=\"robots\" content=\"index, follow, max-snippet:-1, max-image-preview:large, max-video-preview:-1\" \/>\n<link rel=\"canonical\" href=\"https:\/\/www.xn--krtler-3ya.com\/de\/wer-ist-ali-faik-hacioglu-woher-kommt-er.html\" \/>\n<meta property=\"og:locale\" content=\"de_DE\" \/>\n<meta property=\"og:type\" content=\"article\" \/>\n<meta property=\"og:title\" content=\"Wer ist Ali Faik Hac\u0131o\u011flu? Woher kommt er? - Mit Liebe gebastelt\" \/>\n<meta property=\"og:description\" content=\"Die ereignisreichen Videos von Sedat Peker gehen weiter&#8230; Im 5. Video, das er am 16. Mai 2021 ver\u00f6ffentlicht hat, wird der Name von Ali Faik Hac\u0131o\u011flu erw\u00e4hnt. Wer ist also dieser Ali Faik Hac\u0131o\u011flu? Biographie Woher kommt Ali Faik Hac\u0131o\u011flu? Ali Faik Hac\u0131o\u011flu stammt aus dem Dorf \u00c7a\u011flayan Yanyama\u00e7in Trabzon. Hac\u0131o\u011flu, der seine Kindheit in &hellip;\" \/>\n<meta property=\"og:url\" content=\"https:\/\/www.xn--krtler-3ya.com\/de\/wer-ist-ali-faik-hacioglu-woher-kommt-er.html\" \/>\n<meta property=\"og:site_name\" content=\"Mit Liebe gebastelt\" \/>\n<meta property=\"article:published_time\" content=\"2021-05-17T02:33:14+00:00\" \/>\n<meta property=\"og:image\" content=\"https:\/\/www.xn--krtler-3ya.com\/wp-content\/uploads\/2021\/05\/ali-faik-hacioglu-kimdir-nerelidir.jpg\" \/>\n\t<meta property=\"og:image:width\" content=\"665\" \/>\n\t<meta property=\"og:image:height\" content=\"370\" \/>\n\t<meta property=\"og:image:type\" content=\"image\/jpeg\" \/>\n<meta name=\"author\" content=\"admin\" \/>\n<meta name=\"twitter:card\" content=\"summary_large_image\" \/>\n<meta name=\"twitter:label1\" content=\"Verfasst von\" \/>\n\t<meta name=\"twitter:data1\" content=\"admin\" \/>\n\t<meta name=\"twitter:label2\" content=\"Gesch\u00e4tzte Lesezeit\" \/>\n\t<meta name=\"twitter:data2\" content=\"2\u00a0Minuten\" \/>\n<script type=\"application\/ld+json\" class=\"yoast-schema-graph\">{\"@context\":\"https:\/\/schema.org\",\"@graph\":[{\"@type\":\"WebPage\",\"@id\":\"https:\/\/www.xn--krtler-3ya.com\/de\/wer-ist-ali-faik-hacioglu-woher-kommt-er.html\",\"url\":\"https:\/\/www.xn--krtler-3ya.com\/de\/wer-ist-ali-faik-hacioglu-woher-kommt-er.html\",\"name\":\"Wer ist Ali Faik Hac\u0131o\u011flu? Woher kommt er? - Mit Liebe gebastelt\",\"isPartOf\":{\"@id\":\"https:\/\/www.xn--krtler-3ya.com\/de#website\"},\"primaryImageOfPage\":{\"@id\":\"https:\/\/www.xn--krtler-3ya.com\/de\/wer-ist-ali-faik-hacioglu-woher-kommt-er.html#primaryimage\"},\"image\":{\"@id\":\"https:\/\/www.xn--krtler-3ya.com\/de\/wer-ist-ali-faik-hacioglu-woher-kommt-er.html#primaryimage\"},\"thumbnailUrl\":\"https:\/\/www.xn--krtler-3ya.com\/wp-content\/uploads\/2021\/05\/ali-faik-hacioglu-kimdir-nerelidir.jpg\",\"datePublished\":\"2021-05-17T02:33:14+00:00\",\"dateModified\":\"2021-05-17T02:33:14+00:00\",\"author\":{\"@id\":\"https:\/\/www.xn--krtler-3ya.com\/de#\/schema\/person\/6bcd5bbe2e1493cacc77180c1bd84881\"},\"breadcrumb\":{\"@id\":\"https:\/\/www.xn--krtler-3ya.com\/de\/wer-ist-ali-faik-hacioglu-woher-kommt-er.html#breadcrumb\"},\"inLanguage\":\"de\",\"potentialAction\":[{\"@type\":\"ReadAction\",\"target\":[\"https:\/\/www.xn--krtler-3ya.com\/de\/wer-ist-ali-faik-hacioglu-woher-kommt-er.html\"]}]},{\"@type\":\"ImageObject\",\"inLanguage\":\"de\",\"@id\":\"https:\/\/www.xn--krtler-3ya.com\/de\/wer-ist-ali-faik-hacioglu-woher-kommt-er.html#primaryimage\",\"url\":\"https:\/\/www.xn--krtler-3ya.com\/wp-content\/uploads\/2021\/05\/ali-faik-hacioglu-kimdir-nerelidir.jpg\",\"contentUrl\":\"https:\/\/www.xn--krtler-3ya.com\/wp-content\/uploads\/2021\/05\/ali-faik-hacioglu-kimdir-nerelidir.jpg\",\"width\":665,\"height\":370},{\"@type\":\"BreadcrumbList\",\"@id\":\"https:\/\/www.xn--krtler-3ya.com\/de\/wer-ist-ali-faik-hacioglu-woher-kommt-er.html#breadcrumb\",\"itemListElement\":[{\"@type\":\"ListItem\",\"position\":1,\"name\":\"Startseite\",\"item\":\"https:\/\/www.xn--krtler-3ya.com\/de\"},{\"@type\":\"ListItem\",\"position\":2,\"name\":\"Wer ist Ali Faik Hac\u0131o\u011flu? Woher kommt er?\"}]},{\"@type\":\"WebSite\",\"@id\":\"https:\/\/www.xn--krtler-3ya.com\/de#website\",\"url\":\"https:\/\/www.xn--krtler-3ya.com\/de\",\"name\":\"k\u00fcrtler\",\"description\":\"\",\"potentialAction\":[{\"@type\":\"SearchAction\",\"target\":{\"@type\":\"EntryPoint\",\"urlTemplate\":\"https:\/\/www.xn--krtler-3ya.com\/de?s={search_term_string}\"},\"query-input\":{\"@type\":\"PropertyValueSpecification\",\"valueRequired\":true,\"valueName\":\"search_term_string\"}}],\"inLanguage\":\"de\"},{\"@type\":\"Person\",\"@id\":\"https:\/\/www.xn--krtler-3ya.com\/de#\/schema\/person\/6bcd5bbe2e1493cacc77180c1bd84881\",\"name\":\"admin\",\"image\":{\"@type\":\"ImageObject\",\"inLanguage\":\"de\",\"@id\":\"https:\/\/www.xn--krtler-3ya.com\/de#\/schema\/person\/image\/\",\"url\":\"https:\/\/www.xn--krtler-3ya.com\/wp-content\/litespeed\/avatar\/de8faab9da60e77876a3fba9edd82f20.jpg?ver=1776826433\",\"contentUrl\":\"https:\/\/www.xn--krtler-3ya.com\/wp-content\/litespeed\/avatar\/de8faab9da60e77876a3fba9edd82f20.jpg?ver=1776826433\",\"caption\":\"admin\"},\"sameAs\":[\"https:\/\/kora24.de\"],\"url\":\"https:\/\/www.xn--krtler-3ya.com\/de\/author\/youssef\"}]}<\/script>\n<!-- \/ Yoast SEO plugin. -->","yoast_head_json":{"title":"Wer ist Ali Faik Hac\u0131o\u011flu? Woher kommt er? - Mit Liebe gebastelt","robots":{"index":"index","follow":"follow","max-snippet":"max-snippet:-1","max-image-preview":"max-image-preview:large","max-video-preview":"max-video-preview:-1"},"canonical":"https:\/\/www.xn--krtler-3ya.com\/de\/wer-ist-ali-faik-hacioglu-woher-kommt-er.html","og_locale":"de_DE","og_type":"article","og_title":"Wer ist Ali Faik Hac\u0131o\u011flu? Woher kommt er? - Mit Liebe gebastelt","og_description":"Die ereignisreichen Videos von Sedat Peker gehen weiter&#8230; Im 5. Video, das er am 16. Mai 2021 ver\u00f6ffentlicht hat, wird der Name von Ali Faik Hac\u0131o\u011flu erw\u00e4hnt. Wer ist also dieser Ali Faik Hac\u0131o\u011flu? Biographie Woher kommt Ali Faik Hac\u0131o\u011flu? Ali Faik Hac\u0131o\u011flu stammt aus dem Dorf \u00c7a\u011flayan Yanyama\u00e7in Trabzon. Hac\u0131o\u011flu, der seine Kindheit in &hellip;","og_url":"https:\/\/www.xn--krtler-3ya.com\/de\/wer-ist-ali-faik-hacioglu-woher-kommt-er.html","og_site_name":"Mit Liebe gebastelt","article_published_time":"2021-05-17T02:33:14+00:00","og_image":[{"width":665,"height":370,"url":"https:\/\/www.xn--krtler-3ya.com\/wp-content\/uploads\/2021\/05\/ali-faik-hacioglu-kimdir-nerelidir.jpg","type":"image\/jpeg"}],"author":"admin","twitter_card":"summary_large_image","twitter_misc":{"Verfasst von":"admin","Gesch\u00e4tzte Lesezeit":"2\u00a0Minuten"},"schema":{"@context":"https:\/\/schema.org","@graph":[{"@type":"WebPage","@id":"https:\/\/www.xn--krtler-3ya.com\/de\/wer-ist-ali-faik-hacioglu-woher-kommt-er.html","url":"https:\/\/www.xn--krtler-3ya.com\/de\/wer-ist-ali-faik-hacioglu-woher-kommt-er.html","name":"Wer ist Ali Faik Hac\u0131o\u011flu? Woher kommt er? - Mit Liebe gebastelt","isPartOf":{"@id":"https:\/\/www.xn--krtler-3ya.com\/de#website"},"primaryImageOfPage":{"@id":"https:\/\/www.xn--krtler-3ya.com\/de\/wer-ist-ali-faik-hacioglu-woher-kommt-er.html#primaryimage"},"image":{"@id":"https:\/\/www.xn--krtler-3ya.com\/de\/wer-ist-ali-faik-hacioglu-woher-kommt-er.html#primaryimage"},"thumbnailUrl":"https:\/\/www.xn--krtler-3ya.com\/wp-content\/uploads\/2021\/05\/ali-faik-hacioglu-kimdir-nerelidir.jpg","datePublished":"2021-05-17T02:33:14+00:00","dateModified":"2021-05-17T02:33:14+00:00","author":{"@id":"https:\/\/www.xn--krtler-3ya.com\/de#\/schema\/person\/6bcd5bbe2e1493cacc77180c1bd84881"},"breadcrumb":{"@id":"https:\/\/www.xn--krtler-3ya.com\/de\/wer-ist-ali-faik-hacioglu-woher-kommt-er.html#breadcrumb"},"inLanguage":"de","potentialAction":[{"@type":"ReadAction","target":["https:\/\/www.xn--krtler-3ya.com\/de\/wer-ist-ali-faik-hacioglu-woher-kommt-er.html"]}]},{"@type":"ImageObject","inLanguage":"de","@id":"https:\/\/www.xn--krtler-3ya.com\/de\/wer-ist-ali-faik-hacioglu-woher-kommt-er.html#primaryimage","url":"https:\/\/www.xn--krtler-3ya.com\/wp-content\/uploads\/2021\/05\/ali-faik-hacioglu-kimdir-nerelidir.jpg","contentUrl":"https:\/\/www.xn--krtler-3ya.com\/wp-content\/uploads\/2021\/05\/ali-faik-hacioglu-kimdir-nerelidir.jpg","width":665,"height":370},{"@type":"BreadcrumbList","@id":"https:\/\/www.xn--krtler-3ya.com\/de\/wer-ist-ali-faik-hacioglu-woher-kommt-er.html#breadcrumb","itemListElement":[{"@type":"ListItem","position":1,"name":"Startseite","item":"https:\/\/www.xn--krtler-3ya.com\/de"},{"@type":"ListItem","position":2,"name":"Wer ist Ali Faik Hac\u0131o\u011flu? Woher kommt er?"}]},{"@type":"WebSite","@id":"https:\/\/www.xn--krtler-3ya.com\/de#website","url":"https:\/\/www.xn--krtler-3ya.com\/de","name":"k\u00fcrtler","description":"","potentialAction":[{"@type":"SearchAction","target":{"@type":"EntryPoint","urlTemplate":"https:\/\/www.xn--krtler-3ya.com\/de?s={search_term_string}"},"query-input":{"@type":"PropertyValueSpecification","valueRequired":true,"valueName":"search_term_string"}}],"inLanguage":"de"},{"@type":"Person","@id":"https:\/\/www.xn--krtler-3ya.com\/de#\/schema\/person\/6bcd5bbe2e1493cacc77180c1bd84881","name":"admin","image":{"@type":"ImageObject","inLanguage":"de","@id":"https:\/\/www.xn--krtler-3ya.com\/de#\/schema\/person\/image\/","url":"https:\/\/www.xn--krtler-3ya.com\/wp-content\/litespeed\/avatar\/de8faab9da60e77876a3fba9edd82f20.jpg?ver=1776826433","contentUrl":"https:\/\/www.xn--krtler-3ya.com\/wp-content\/litespeed\/avatar\/de8faab9da60e77876a3fba9edd82f20.jpg?ver=1776826433","caption":"admin"},"sameAs":["https:\/\/kora24.de"],"url":"https:\/\/www.xn--krtler-3ya.com\/de\/author\/youssef"}]}},"amp_enabled":true,"_links":{"self":[{"href":"https:\/\/www.xn--krtler-3ya.com\/de\/wp-json\/wp\/v2\/posts\/30064","targetHints":{"allow":["GET"]}}],"collection":[{"href":"https:\/\/www.xn--krtler-3ya.com\/de\/wp-json\/wp\/v2\/posts"}],"about":[{"href":"https:\/\/www.xn--krtler-3ya.com\/de\/wp-json\/wp\/v2\/types\/post"}],"author":[{"embeddable":true,"href":"https:\/\/www.xn--krtler-3ya.com\/de\/wp-json\/wp\/v2\/users\/1"}],"replies":[{"embeddable":true,"href":"https:\/\/www.xn--krtler-3ya.com\/de\/wp-json\/wp\/v2\/comments?post=30064"}],"version-history":[{"count":0,"href":"https:\/\/www.xn--krtler-3ya.com\/de\/wp-json\/wp\/v2\/posts\/30064\/revisions"}],"wp:featuredmedia":[{"embeddable":true,"href":"https:\/\/www.xn--krtler-3ya.com\/de\/wp-json\/wp\/v2\/media\/28364"}],"wp:attachment":[{"href":"https:\/\/www.xn--krtler-3ya.com\/de\/wp-json\/wp\/v2\/media?parent=30064"}],"wp:term":[{"taxonomy":"category","embeddable":true,"href":"https:\/\/www.xn--krtler-3ya.com\/de\/wp-json\/wp\/v2\/categories?post=30064"},{"taxonomy":"post_tag","embeddable":true,"href":"https:\/\/www.xn--krtler-3ya.com\/de\/wp-json\/wp\/v2\/tags?post=30064"}],"curies":[{"name":"wp","href":"https:\/\/api.w.org\/{rel}","templated":true}]}}