{"id":30080,"date":"2021-05-15T00:30:36","date_gmt":"2021-05-15T00:30:36","guid":{"rendered":"https:\/\/www.xn--krtler-3ya.com\/kurdisch-mevlid-songtext.html"},"modified":"2021-05-15T00:30:36","modified_gmt":"2021-05-15T00:30:36","slug":"kurdisch-mevlid-songtext","status":"publish","type":"post","link":"https:\/\/www.xn--krtler-3ya.com\/de\/kurdisch-mevlid-songtext.html","title":{"rendered":"Kurdisch Mevlid Songtext"},"content":{"rendered":"<p>Wir haben <strong>die kurdischen Mevlid Songtexte<\/strong>zusammengestellt.<\/p>\n<h2><span style=\"font-size: 14pt; color: #800000;\"><strong>Die Bedeutung von Mevlit im Islam<\/strong><\/span><\/h2>\n<p><strong>Mevlid<\/strong> ist der Name, der in der islamischen Literatur f\u00fcr die Feierlichkeiten zum Geburtstag des Propheten Mohammed und f\u00fcr die Texte in Versen verwendet wird, die f\u00fcr diese Feierlichkeiten geschrieben und verfasst wurden. Das Wort <strong>&#8222;Mevlid<\/strong> &#8222;, abgeleitet von dem arabischen Wort &#8222;vel\u00e2det&#8220;, das &#8222;geboren werden&#8220;, &#8222;Geburtszeit&#8220; oder &#8222;Geburtsort&#8220; bedeutet, ist im Laufe der Zeit zu einer g\u00e4ngigen Bezeichnung f\u00fcr Werke dieses Genres geworden. \u21d2 <strong>Das <\/strong>erste <strong>kurdische Mevlid<\/strong> wurde vor 570 Jahren geschrieben. Nachfolgend in Schrift- und Videoform <span style=\"color: #0000ff;\"><strong><a style=\"color: #0000ff;\" href=\"https:\/\/www.youtube.com\/watch?v=Ft2PjX7VyUs&amp;feature=emb_logo\" target=\"_blank\" rel=\"noopener\">Mevlid auf Kurdisch<\/a><\/strong><\/span>k\u00f6nnen Sie sie finden.<\/p>\n<p>https:\/\/youtu.be\/q7VAY-RaIng https:\/\/youtu.be\/JmN2Te9ERXw Hemd\u00ea b\u00ea hed bo xweday\u00ea alem\u00een<br \/>\nEw xweday\u00ea daye me d\u00een\u00ea m\u00fbb\u00een Em kirine ummeta xeyr-ul be\u015fer<br \/>\nTabi\u2019\u00ea w\u00ee muqteday\u00ea namuwer Ew xweday\u00ea malik\u00ea mulk\u00ea \u2018ez\u00eem<br \/>\nDaye me m\u00eerasa Qur\u2019ana ker\u00eem D\u00een\u00ea me kir kamil \u00fb ni\u2019met temam<br \/>\nYan\u00ee da me Ehmed \u00fb dar-us selam Ew xweday\u00ea b\u00ea nez\u00eer \u00fb zulcelal<br \/>\nB\u00ea m\u00eesal \u00fb b\u00ea heval \u00fb b\u00ea zewal Raziq\u00ea b\u00ea dest \u00fb pa \u00fb mar \u00fb m\u00fbr<br \/>\n\u2018Al\u00eem\u00ea sirra ne got\u00ee der sud\u00fbr Kar\u00ee saz\u00ea bende \u00fb sultan\u00ea can<br \/>\nRah\u00eem \u00fb rehman let\u00eef \u00fb mihr\u00eeban As\u00eeman\u00ea b\u00ea sit\u00fbn W\u00ee kir bed\u00eed<br \/>\nSuret\u00ea b\u00ea xal \u00fb xet w\u00ee afer\u00eed H\u00eav\u00eedarin em ji te \u015fah\u00ea ker\u00eem<br \/>\n\u00cehd\u00eena ya Reb s\u00eerat-el musteq\u00eem N\u00ea ji me s\u00fbc \u00fb xeta t\u00een \u00fb sitem<br \/>\nL\u00ea ji te \u00eehsan \u00fb xufran \u00fb kerem Ya rab \u00eeman\u00ea di xwazin em m\u00fbdam<br \/>\nJ\u00ear\u00ea alaya muhemmed wes-selam Ger div\u00eatin h\u00fbn ji agir bin felat<br \/>\nBi e\u015fq \u00fb \u015fewqek hun bib\u00eajin es-selat<\/p>\n<p>Der folgende mawlid kurdische Autor <span style=\"color: #0000ff;\"><strong><a style=\"color: #0000ff;\" href=\"https:\/\/www.xn--krtler-3ya.com\/melaye-bate-hasan-ertusi-kimdir-hayati-eserleri.html\" target=\"_blank\" rel=\"noopener\">Melay\u00ea Bat\u00ea<\/a> <\/strong><\/span><strong>Der kurdische<\/strong> Autor stammte aus Hakkari und lebte zwischen 1419 und 1491. Unten sehen Sie das <strong>kurdische Mevlid<\/strong>, das als das endlose Loblied auf den Herrn der Welten bezeichnet wird.<\/p>\n<h2><span style=\"color: #800000;\"><strong><span style=\"font-size: 14pt;\">Mewlida Kurdi<\/span><\/strong><\/span><\/h2>\n<p>Hemd\u00ea b\u00ea hed bo xweday\u00ea alem\u00een Ew xweday\u00ea daye me d\u00een\u00ea m\u00fbb\u00een Em kirine ummeta xeyr-ul be\u015fer Tabi&#8217;\u00ea w\u00ee muqteday\u00ea namuwer Ew xweday\u00ea malik\u00ea mulk\u00ea &#8218;ez\u00eem Daye me m\u00eerasa Qur&#8217;ana ker\u00eem<\/p>\n<p>&nbsp;<\/p>\n<p>D\u00een\u00ea me kir kamil \u00fb ni&#8217;met temam Yan\u00ee da me Ehmed \u00fb dar-<\/p>\n<p>us selam Ew xweday\u00ea b\u00ea nez\u00eer \u00fb zulcelal B\u00ea m\u00eesal \u00fb b\u00ea heval \u00fb b\u00ea zewal Raziq\u00ea b\u00ea dest \u00fb pa \u00fb mar \u00fb m\u00fbr &#8218;Al\u00eem\u00ea sirra ne got\u00ee der sud\u00fbr Kar\u00ee saz\u00ea bende \u00fb<\/p>\n<p>sultan\u00ea can Rah\u00eem \u00fb rehman let\u00eef \u00fb mihr\u00eeban As\u00eeman\u00ea b\u00ea sit\u00fbn W\u00ee kir bed\u00eed Suret\u00ea b\u00ea xal \u00fb xet w\u00ee afer\u00eed H\u00eav\u00eedarin em ji te \u015fah\u00ea ker\u00eem \u00cehd\u00eena ya Reb s\u00eerat-<\/p>\n<p>el musteq\u00eem N\u00ea ji me s\u00fbc \u00fb xeta t\u00een \u00fb sitem L\u00ea ji te \u00eehsan \u00fb xufran \u00fb kerem Ya rab \u00eeman\u00ea di xwazin em m\u00fbdam J\u00ear\u00ea alaya muhemmed wes-selam Ger div\u00eatin h\u00fbn ji agir bin felat Bi e\u015fq \u00fb \u015fewqek hun bib\u00eajin es-selat<\/p>\n<p><strong>B\u00fbyin:<\/strong><\/p>\n<p>Ger div\u00eatin hun ji agir bibin felat Bi esq \u00fb sewq hun bib\u00eajin es-selat C\u00fbmle zeret\u00ea c\u00eehan da ev n\u00eeda Kirne gaz\u00ee p\u00eakve gotin merheba<strong>(Anmerkung:<\/strong><\/p>\n<p>D <strong>ieser Abschnitt wird im Stehen gelesen)<\/strong> Merheba ey sirr\u00ea furqan merheba Merheba ey derd\u00ea derman merheba Merheba ey can\u00ea baq\u00ee merheba Merheba ey i\u015f\u015faq\u00ee saq\u00ee merheba Merheba ey al\u00ee siltan merheba Merheba ey kan\u00ea \u00eerfan merheba Merheba ey \u015fems\u00ea taban merheba Merheba ey can\u00ee canan merheba Merheba ey qurret-<\/p>\n<p>\u00fbl ayn\u00ee xel\u00eel Merheba ey xas\u00ea mehb\u00fbb\u00ea cel\u00eel Merheba ey rehmeten-<\/p>\n<p>lil-alem\u00een Merheba ente \u015fef\u00ee-\u00fbl m\u00fbzn\u00eeb\u00een Merheba ey af\u00eetab\u00ea b\u00ea zewal Merheba ey mah\u00ea tab\u00ea layezal Merheba ey b\u00fblb\u00fblb\u00fbl\u00ea bax\u00ea w\u00eesal Merheba ey e\u015f\u00eenay\u00ea z\u00fbl-<\/p>\n<p>celal Merheba ey nur\u00ee xur\u015f\u00eed\u00ea xweda Merheba ey t\u00fb ji heq nab\u00ee cuda Merheba matlub\u00ea alem her t\u00fb w\u00ee Merheba ewlad\u00ea Ha\u015fem her t\u00fb w\u00ee<\/p>\n<p>Merheba ey nura heq ra mazhar\u00ee Merheba ey ewliyan ra serwer\u00ee Merheba hat\u00ee \u015fivan\u00ea \u00fbmmet\u00ea Merheba hat bo me nura dewlet\u00ea Merheba ey bedr\u00ea alem ya m\u00fbn\u00eer Merheba<\/p>\n<p>ey xelk\u00ea girt\u00ee desteg\u00eer Merheba siltan\u00ea c\u00fbmle emb\u00eeya Merheba ey nur\u00ea \u00e7e\u015fm\u00ea esf\u00eeya Ger div\u00eatin hun ji agir bibin felat Bi esq \u00fb sewq hun bib\u00eajin es-selat Xelasek:<br \/>\n(Sohn) Bo cem\u00ee&#8217;\u00ea muslim\u00een \u00fb sal\u00eehe Bo feq\u00eer\u00ea Batey\u00ee el-fatihe<\/p>\n","protected":false},"excerpt":{"rendered":"<p>Wir haben die kurdischen Mevlid Songtextezusammengestellt. Die Bedeutung von Mevlit im Islam Mevlid ist der Name, der in der islamischen Literatur f\u00fcr die Feierlichkeiten zum Geburtstag des Propheten Mohammed und f\u00fcr die Texte in Versen verwendet wird, die f\u00fcr diese Feierlichkeiten geschrieben und verfasst wurden. Das Wort &#8222;Mevlid &#8222;, abgeleitet von dem arabischen Wort &#8222;vel\u00e2det&#8220;, &hellip;<\/p>\n","protected":false},"author":1,"featured_media":28341,"comment_status":"open","ping_status":"closed","sticky":false,"template":"","format":"standard","meta":{"footnotes":""},"categories":[6503],"tags":[9159,9158],"class_list":["post-30080","post","type-post","status-publish","format-standard","has-post-thumbnail","hentry","category-kurdisch-songtext","tag-kurtish-mevlit-lyrik-em-bidin","tag-mevlit-songtext-auf-kurdisch"],"yoast_head":"<!-- This site is optimized with the Yoast SEO plugin v23.7 - https:\/\/yoast.com\/wordpress\/plugins\/seo\/ -->\n<title>Kurdisch Mevlid Songtext - Mit Liebe gebastelt<\/title>\n<meta name=\"robots\" content=\"index, follow, max-snippet:-1, max-image-preview:large, max-video-preview:-1\" \/>\n<link rel=\"canonical\" href=\"https:\/\/www.xn--krtler-3ya.com\/de\/kurdisch-mevlid-songtext.html\" \/>\n<meta property=\"og:locale\" content=\"de_DE\" \/>\n<meta property=\"og:type\" content=\"article\" \/>\n<meta property=\"og:title\" content=\"Kurdisch Mevlid Songtext - Mit Liebe gebastelt\" \/>\n<meta property=\"og:description\" content=\"Wir haben die kurdischen Mevlid Songtextezusammengestellt. Die Bedeutung von Mevlit im Islam Mevlid ist der Name, der in der islamischen Literatur f\u00fcr die Feierlichkeiten zum Geburtstag des Propheten Mohammed und f\u00fcr die Texte in Versen verwendet wird, die f\u00fcr diese Feierlichkeiten geschrieben und verfasst wurden. Das Wort &#8222;Mevlid &#8222;, abgeleitet von dem arabischen Wort &#8222;vel\u00e2det&#8220;, &hellip;\" \/>\n<meta property=\"og:url\" content=\"https:\/\/www.xn--krtler-3ya.com\/de\/kurdisch-mevlid-songtext.html\" \/>\n<meta property=\"og:site_name\" content=\"Mit Liebe gebastelt\" \/>\n<meta property=\"article:published_time\" content=\"2021-05-15T00:30:36+00:00\" \/>\n<meta property=\"og:image\" content=\"https:\/\/www.xn--krtler-3ya.com\/wp-content\/uploads\/2021\/05\/kurtce-mevlid-sozleri.jpg\" \/>\n\t<meta property=\"og:image:width\" content=\"650\" \/>\n\t<meta property=\"og:image:height\" content=\"359\" \/>\n\t<meta property=\"og:image:type\" content=\"image\/jpeg\" \/>\n<meta name=\"author\" content=\"admin\" \/>\n<meta name=\"twitter:card\" content=\"summary_large_image\" \/>\n<meta name=\"twitter:label1\" content=\"Verfasst von\" \/>\n\t<meta name=\"twitter:data1\" content=\"admin\" \/>\n\t<meta name=\"twitter:label2\" content=\"Gesch\u00e4tzte Lesezeit\" \/>\n\t<meta name=\"twitter:data2\" content=\"4\u00a0Minuten\" \/>\n<script type=\"application\/ld+json\" class=\"yoast-schema-graph\">{\"@context\":\"https:\/\/schema.org\",\"@graph\":[{\"@type\":\"WebPage\",\"@id\":\"https:\/\/www.xn--krtler-3ya.com\/de\/kurdisch-mevlid-songtext.html\",\"url\":\"https:\/\/www.xn--krtler-3ya.com\/de\/kurdisch-mevlid-songtext.html\",\"name\":\"Kurdisch Mevlid Songtext - Mit Liebe gebastelt\",\"isPartOf\":{\"@id\":\"https:\/\/www.xn--krtler-3ya.com\/de#website\"},\"primaryImageOfPage\":{\"@id\":\"https:\/\/www.xn--krtler-3ya.com\/de\/kurdisch-mevlid-songtext.html#primaryimage\"},\"image\":{\"@id\":\"https:\/\/www.xn--krtler-3ya.com\/de\/kurdisch-mevlid-songtext.html#primaryimage\"},\"thumbnailUrl\":\"https:\/\/www.xn--krtler-3ya.com\/wp-content\/uploads\/2021\/05\/kurtce-mevlid-sozleri.jpg\",\"datePublished\":\"2021-05-15T00:30:36+00:00\",\"dateModified\":\"2021-05-15T00:30:36+00:00\",\"author\":{\"@id\":\"https:\/\/www.xn--krtler-3ya.com\/de#\/schema\/person\/6bcd5bbe2e1493cacc77180c1bd84881\"},\"breadcrumb\":{\"@id\":\"https:\/\/www.xn--krtler-3ya.com\/de\/kurdisch-mevlid-songtext.html#breadcrumb\"},\"inLanguage\":\"de\",\"potentialAction\":[{\"@type\":\"ReadAction\",\"target\":[\"https:\/\/www.xn--krtler-3ya.com\/de\/kurdisch-mevlid-songtext.html\"]}]},{\"@type\":\"ImageObject\",\"inLanguage\":\"de\",\"@id\":\"https:\/\/www.xn--krtler-3ya.com\/de\/kurdisch-mevlid-songtext.html#primaryimage\",\"url\":\"https:\/\/www.xn--krtler-3ya.com\/wp-content\/uploads\/2021\/05\/kurtce-mevlid-sozleri.jpg\",\"contentUrl\":\"https:\/\/www.xn--krtler-3ya.com\/wp-content\/uploads\/2021\/05\/kurtce-mevlid-sozleri.jpg\",\"width\":650,\"height\":359},{\"@type\":\"BreadcrumbList\",\"@id\":\"https:\/\/www.xn--krtler-3ya.com\/de\/kurdisch-mevlid-songtext.html#breadcrumb\",\"itemListElement\":[{\"@type\":\"ListItem\",\"position\":1,\"name\":\"Startseite\",\"item\":\"https:\/\/www.xn--krtler-3ya.com\/de\"},{\"@type\":\"ListItem\",\"position\":2,\"name\":\"Kurdisch Mevlid Songtext\"}]},{\"@type\":\"WebSite\",\"@id\":\"https:\/\/www.xn--krtler-3ya.com\/de#website\",\"url\":\"https:\/\/www.xn--krtler-3ya.com\/de\",\"name\":\"k\u00fcrtler\",\"description\":\"\",\"potentialAction\":[{\"@type\":\"SearchAction\",\"target\":{\"@type\":\"EntryPoint\",\"urlTemplate\":\"https:\/\/www.xn--krtler-3ya.com\/de?s={search_term_string}\"},\"query-input\":{\"@type\":\"PropertyValueSpecification\",\"valueRequired\":true,\"valueName\":\"search_term_string\"}}],\"inLanguage\":\"de\"},{\"@type\":\"Person\",\"@id\":\"https:\/\/www.xn--krtler-3ya.com\/de#\/schema\/person\/6bcd5bbe2e1493cacc77180c1bd84881\",\"name\":\"admin\",\"image\":{\"@type\":\"ImageObject\",\"inLanguage\":\"de\",\"@id\":\"https:\/\/www.xn--krtler-3ya.com\/de#\/schema\/person\/image\/\",\"url\":\"https:\/\/www.xn--krtler-3ya.com\/wp-content\/litespeed\/avatar\/de8faab9da60e77876a3fba9edd82f20.jpg?ver=1776826433\",\"contentUrl\":\"https:\/\/www.xn--krtler-3ya.com\/wp-content\/litespeed\/avatar\/de8faab9da60e77876a3fba9edd82f20.jpg?ver=1776826433\",\"caption\":\"admin\"},\"sameAs\":[\"https:\/\/kora24.de\"],\"url\":\"https:\/\/www.xn--krtler-3ya.com\/de\/author\/youssef\"}]}<\/script>\n<!-- \/ Yoast SEO plugin. -->","yoast_head_json":{"title":"Kurdisch Mevlid Songtext - Mit Liebe gebastelt","robots":{"index":"index","follow":"follow","max-snippet":"max-snippet:-1","max-image-preview":"max-image-preview:large","max-video-preview":"max-video-preview:-1"},"canonical":"https:\/\/www.xn--krtler-3ya.com\/de\/kurdisch-mevlid-songtext.html","og_locale":"de_DE","og_type":"article","og_title":"Kurdisch Mevlid Songtext - Mit Liebe gebastelt","og_description":"Wir haben die kurdischen Mevlid Songtextezusammengestellt. Die Bedeutung von Mevlit im Islam Mevlid ist der Name, der in der islamischen Literatur f\u00fcr die Feierlichkeiten zum Geburtstag des Propheten Mohammed und f\u00fcr die Texte in Versen verwendet wird, die f\u00fcr diese Feierlichkeiten geschrieben und verfasst wurden. Das Wort &#8222;Mevlid &#8222;, abgeleitet von dem arabischen Wort &#8222;vel\u00e2det&#8220;, &hellip;","og_url":"https:\/\/www.xn--krtler-3ya.com\/de\/kurdisch-mevlid-songtext.html","og_site_name":"Mit Liebe gebastelt","article_published_time":"2021-05-15T00:30:36+00:00","og_image":[{"width":650,"height":359,"url":"https:\/\/www.xn--krtler-3ya.com\/wp-content\/uploads\/2021\/05\/kurtce-mevlid-sozleri.jpg","type":"image\/jpeg"}],"author":"admin","twitter_card":"summary_large_image","twitter_misc":{"Verfasst von":"admin","Gesch\u00e4tzte Lesezeit":"4\u00a0Minuten"},"schema":{"@context":"https:\/\/schema.org","@graph":[{"@type":"WebPage","@id":"https:\/\/www.xn--krtler-3ya.com\/de\/kurdisch-mevlid-songtext.html","url":"https:\/\/www.xn--krtler-3ya.com\/de\/kurdisch-mevlid-songtext.html","name":"Kurdisch Mevlid Songtext - Mit Liebe gebastelt","isPartOf":{"@id":"https:\/\/www.xn--krtler-3ya.com\/de#website"},"primaryImageOfPage":{"@id":"https:\/\/www.xn--krtler-3ya.com\/de\/kurdisch-mevlid-songtext.html#primaryimage"},"image":{"@id":"https:\/\/www.xn--krtler-3ya.com\/de\/kurdisch-mevlid-songtext.html#primaryimage"},"thumbnailUrl":"https:\/\/www.xn--krtler-3ya.com\/wp-content\/uploads\/2021\/05\/kurtce-mevlid-sozleri.jpg","datePublished":"2021-05-15T00:30:36+00:00","dateModified":"2021-05-15T00:30:36+00:00","author":{"@id":"https:\/\/www.xn--krtler-3ya.com\/de#\/schema\/person\/6bcd5bbe2e1493cacc77180c1bd84881"},"breadcrumb":{"@id":"https:\/\/www.xn--krtler-3ya.com\/de\/kurdisch-mevlid-songtext.html#breadcrumb"},"inLanguage":"de","potentialAction":[{"@type":"ReadAction","target":["https:\/\/www.xn--krtler-3ya.com\/de\/kurdisch-mevlid-songtext.html"]}]},{"@type":"ImageObject","inLanguage":"de","@id":"https:\/\/www.xn--krtler-3ya.com\/de\/kurdisch-mevlid-songtext.html#primaryimage","url":"https:\/\/www.xn--krtler-3ya.com\/wp-content\/uploads\/2021\/05\/kurtce-mevlid-sozleri.jpg","contentUrl":"https:\/\/www.xn--krtler-3ya.com\/wp-content\/uploads\/2021\/05\/kurtce-mevlid-sozleri.jpg","width":650,"height":359},{"@type":"BreadcrumbList","@id":"https:\/\/www.xn--krtler-3ya.com\/de\/kurdisch-mevlid-songtext.html#breadcrumb","itemListElement":[{"@type":"ListItem","position":1,"name":"Startseite","item":"https:\/\/www.xn--krtler-3ya.com\/de"},{"@type":"ListItem","position":2,"name":"Kurdisch Mevlid Songtext"}]},{"@type":"WebSite","@id":"https:\/\/www.xn--krtler-3ya.com\/de#website","url":"https:\/\/www.xn--krtler-3ya.com\/de","name":"k\u00fcrtler","description":"","potentialAction":[{"@type":"SearchAction","target":{"@type":"EntryPoint","urlTemplate":"https:\/\/www.xn--krtler-3ya.com\/de?s={search_term_string}"},"query-input":{"@type":"PropertyValueSpecification","valueRequired":true,"valueName":"search_term_string"}}],"inLanguage":"de"},{"@type":"Person","@id":"https:\/\/www.xn--krtler-3ya.com\/de#\/schema\/person\/6bcd5bbe2e1493cacc77180c1bd84881","name":"admin","image":{"@type":"ImageObject","inLanguage":"de","@id":"https:\/\/www.xn--krtler-3ya.com\/de#\/schema\/person\/image\/","url":"https:\/\/www.xn--krtler-3ya.com\/wp-content\/litespeed\/avatar\/de8faab9da60e77876a3fba9edd82f20.jpg?ver=1776826433","contentUrl":"https:\/\/www.xn--krtler-3ya.com\/wp-content\/litespeed\/avatar\/de8faab9da60e77876a3fba9edd82f20.jpg?ver=1776826433","caption":"admin"},"sameAs":["https:\/\/kora24.de"],"url":"https:\/\/www.xn--krtler-3ya.com\/de\/author\/youssef"}]}},"amp_enabled":true,"_links":{"self":[{"href":"https:\/\/www.xn--krtler-3ya.com\/de\/wp-json\/wp\/v2\/posts\/30080","targetHints":{"allow":["GET"]}}],"collection":[{"href":"https:\/\/www.xn--krtler-3ya.com\/de\/wp-json\/wp\/v2\/posts"}],"about":[{"href":"https:\/\/www.xn--krtler-3ya.com\/de\/wp-json\/wp\/v2\/types\/post"}],"author":[{"embeddable":true,"href":"https:\/\/www.xn--krtler-3ya.com\/de\/wp-json\/wp\/v2\/users\/1"}],"replies":[{"embeddable":true,"href":"https:\/\/www.xn--krtler-3ya.com\/de\/wp-json\/wp\/v2\/comments?post=30080"}],"version-history":[{"count":0,"href":"https:\/\/www.xn--krtler-3ya.com\/de\/wp-json\/wp\/v2\/posts\/30080\/revisions"}],"wp:featuredmedia":[{"embeddable":true,"href":"https:\/\/www.xn--krtler-3ya.com\/de\/wp-json\/wp\/v2\/media\/28341"}],"wp:attachment":[{"href":"https:\/\/www.xn--krtler-3ya.com\/de\/wp-json\/wp\/v2\/media?parent=30080"}],"wp:term":[{"taxonomy":"category","embeddable":true,"href":"https:\/\/www.xn--krtler-3ya.com\/de\/wp-json\/wp\/v2\/categories?post=30080"},{"taxonomy":"post_tag","embeddable":true,"href":"https:\/\/www.xn--krtler-3ya.com\/de\/wp-json\/wp\/v2\/tags?post=30080"}],"curies":[{"name":"wp","href":"https:\/\/api.w.org\/{rel}","templated":true}]}}