{"id":30087,"date":"2021-05-10T15:58:11","date_gmt":"2021-05-10T15:58:11","guid":{"rendered":"https:\/\/www.xn--krtler-3ya.com\/wer-ist-enes-kacmaz-woher-kommt-er-und-wie-alt-ist-er.html"},"modified":"2021-05-10T15:58:11","modified_gmt":"2021-05-10T15:58:11","slug":"wer-ist-enes-kacmaz-woher-kommt-er-und-wie-alt-ist-er","status":"publish","type":"post","link":"https:\/\/www.xn--krtler-3ya.com\/de\/wer-ist-enes-kacmaz-woher-kommt-er-und-wie-alt-ist-er.html","title":{"rendered":"Wer ist Enes Ka\u00e7maz? Woher kommt er und wie alt ist er?"},"content":{"rendered":"<p>Der Volksk\u00fcnstler <strong>Enes Ka\u00e7maz <\/strong>, der mit seinem letzten Clip <strong>Leyla <\/strong>ber\u00fchmt wurde, ist sehr neugierig darauf, woher er kommt und wie sein Leben aussieht. <strong>Wer ist <\/strong>also <strong>Enes Ka\u00e7maz, woher kommt er und wie alt ist er? <\/strong>Entsprechend der erhaltenen Informationen finden Sie die Details in unserem Artikel. <\/p>\n<h2><span style=\"color: #800000;\"><strong>Woher kommt Enes Ka\u00e7maz?  <\/strong><\/span><\/h2>\n<p><strong>Enes Ka\u00e7maz<\/strong> lebt in Ankara. Es ist jedoch noch nicht bekannt, woher er stammt. Er wuchs in Polatl\u0131, Ankara, auf.  <\/p>\n<h2><span style=\"color: #800000;\"><strong>Wie alt ist Enes Ka\u00e7maz?  <\/strong><\/span><\/h2>\n<p><strong>Enes Ka\u00e7maz<\/strong>, der sich mit seinen j\u00fcngsten Clips einen Namen gemacht hat, wird auf 25 Jahre gesch\u00e4tzt.<\/p>\n<h2><span style=\"color: #800000;\"><strong>Enes Ka\u00e7maz Leben<\/strong><\/span><\/h2>\n<p>Enes Ka\u00e7maz verbrachte seine Kindheit in Ankara Polatl\u0131. Ka\u00e7maz, der hier eine Ausbildung erhielt, nahm an verschiedenen Hochzeitsorganisationen teil. Wie nicht anders zu erwarten, begann er sein musikalisches Leben schon in jungen Jahren. <strong>Enes Ka\u00e7maz <\/strong>, der sich mit der Zeit der breiten Masse vorstellen m\u00f6chte, wurde schlie\u00dflich mit seinem <strong>&#8222;<span style=\"color: #0000ff;\"><a style=\"color: #0000ff;\" href=\"https:\/\/www.xn--krtler-3ya.com\/enes-kacmaz-leyla-turkce-sozleri.html\" target=\"_blank\" rel=\"noopener\">Leyla<\/a><\/span>&#8222;-Clip <\/strong>ber\u00fchmt. Der Instagram-Account von Enes Ka\u00e7maz hat 62K Follower. Ebenso hat der K\u00fcnstler, der auch einen Youtube-Kanal hat, 132K Abonnenten. Die Zahl der Menschen, die ihm auf seinem Tiktok-Konto folgen, bel\u00e4uft sich auf 176K Personen und 3,4M Likes bisher. Andere Songs von Enes Ka\u00e7maz sind wie folgt;   <\/p>\n<p><span style=\"color: #333300;\"><span style=\"color: #0000ff;\"><strong><a style=\"color: #0000ff;\" href=\"https:\/\/www.xn--krtler-3ya.com\/hurik-hurik-dilize-sarkisi-turkce-sozleri.html\" target=\"_blank\" rel=\"noopener\">Hurik Hurik Dilize<\/a><\/strong><\/span> &#8211; 2020<\/span><\/p>\n<p><span style=\"color: #333300;\">Oy Xwede &#8211; 2020<\/span><\/p>\n<p><span style=\"color: #333300;\">Delale &#8211; 2020<\/span><\/p>\n<p><span style=\"color: #333300;\">Dilem \u00c7uke &#8211; 2019<\/span><\/p>\n<p><span style=\"color: #333300;\">Evin &#8211; 2020<\/span><\/p>\n<p><span style=\"color: #333300;\">Oy Xude Oy &#8211; 2019<\/span><\/p>\n<p><span style=\"color: #333300;\">\u00c7avken- 2019<\/span><\/p>\n<h2><span style=\"color: #800000;\">Enes Ka\u00e7maz Soziale Medien-Adressen  <\/span><\/h2>\n<p><strong><a href=\"https:\/\/www.google.com\/url?sa=t&amp;source=web&amp;rct=j&amp;url=https:\/\/z-p3.www.instagram.com\/eneskacmazofficial\/%3Futm_source%3Dig_seo%26utm_campaign%3Dprofiles%26utm_medium%3D%26hl%3Dtr&amp;ved=2ahUKEwj9tfillL_wAhVP-aQKHSRUBJkQFjAAegQIAxAC&amp;usg=AOvVaw0Lq48jpr02al7GhcCgcaU7\" target=\"_blank\" rel=\"noopener\">Instagram-Konto<\/a><\/strong><\/p>\n<p><strong><a href=\"https:\/\/youtube.com\/c\/EnesKa%C3%A7maz\" target=\"_blank\" rel=\"noopener\">Youtube Konto<\/a><\/strong><\/p>\n<p>F\u00fcr Enes Ka\u00e7maz Tiktok Konto <strong><a href=\"https:\/\/www.tiktok.com\/@eneskacmaz\" target=\"_blank\" rel=\"noopener\">hier<\/a><\/strong> k\u00f6nnen Sie hier klicken. Die Informationen \u00fcber Enes Ka\u00e7maz sind vorl\u00e4ufig so, wie sie oben stehen. Die Informationen werden mit der Zeit aktualisiert.<\/p>\n","protected":false},"excerpt":{"rendered":"<p>Der Volksk\u00fcnstler Enes Ka\u00e7maz , der mit seinem letzten Clip Leyla ber\u00fchmt wurde, ist sehr neugierig darauf, woher er kommt und wie sein Leben aussieht. Wer ist also Enes Ka\u00e7maz, woher kommt er und wie alt ist er? Entsprechend der erhaltenen Informationen finden Sie die Details in unserem Artikel. Woher kommt Enes Ka\u00e7maz? Enes Ka\u00e7maz &hellip;<\/p>\n","protected":false},"author":1,"featured_media":28353,"comment_status":"open","ping_status":"closed","sticky":false,"template":"","format":"standard","meta":{"footnotes":""},"categories":[6187],"tags":[9181,9177,9179],"class_list":["post-30087","post","type-post","status-publish","format-standard","has-post-thumbnail","hentry","category-biographie","tag-enes-ausweichende-tik-tok","tag-wer-ist-enes-kacmaz-und-woher-kommt-er","tag-woher-kommt-enes-kacmaz"],"yoast_head":"<!-- This site is optimized with the Yoast SEO plugin v23.7 - https:\/\/yoast.com\/wordpress\/plugins\/seo\/ -->\n<title>Wer ist Enes Ka\u00e7maz? Woher kommt er und wie alt ist er? - Mit Liebe gebastelt<\/title>\n<meta name=\"robots\" content=\"index, follow, max-snippet:-1, max-image-preview:large, max-video-preview:-1\" \/>\n<link rel=\"canonical\" href=\"https:\/\/www.xn--krtler-3ya.com\/de\/wer-ist-enes-kacmaz-woher-kommt-er-und-wie-alt-ist-er.html\" \/>\n<meta property=\"og:locale\" content=\"de_DE\" \/>\n<meta property=\"og:type\" content=\"article\" \/>\n<meta property=\"og:title\" content=\"Wer ist Enes Ka\u00e7maz? Woher kommt er und wie alt ist er? - Mit Liebe gebastelt\" \/>\n<meta property=\"og:description\" content=\"Der Volksk\u00fcnstler Enes Ka\u00e7maz , der mit seinem letzten Clip Leyla ber\u00fchmt wurde, ist sehr neugierig darauf, woher er kommt und wie sein Leben aussieht. Wer ist also Enes Ka\u00e7maz, woher kommt er und wie alt ist er? Entsprechend der erhaltenen Informationen finden Sie die Details in unserem Artikel. Woher kommt Enes Ka\u00e7maz? Enes Ka\u00e7maz &hellip;\" \/>\n<meta property=\"og:url\" content=\"https:\/\/www.xn--krtler-3ya.com\/de\/wer-ist-enes-kacmaz-woher-kommt-er-und-wie-alt-ist-er.html\" \/>\n<meta property=\"og:site_name\" content=\"Mit Liebe gebastelt\" \/>\n<meta property=\"article:published_time\" content=\"2021-05-10T15:58:11+00:00\" \/>\n<meta property=\"og:image\" content=\"https:\/\/www.xn--krtler-3ya.com\/wp-content\/uploads\/2021\/05\/enes-kacmaz-kimdir-nerelidir.jpg\" \/>\n\t<meta property=\"og:image:width\" content=\"640\" \/>\n\t<meta property=\"og:image:height\" content=\"359\" \/>\n\t<meta property=\"og:image:type\" content=\"image\/jpeg\" \/>\n<meta name=\"author\" content=\"admin\" \/>\n<meta name=\"twitter:card\" content=\"summary_large_image\" \/>\n<meta name=\"twitter:label1\" content=\"Verfasst von\" \/>\n\t<meta name=\"twitter:data1\" content=\"admin\" \/>\n\t<meta name=\"twitter:label2\" content=\"Gesch\u00e4tzte Lesezeit\" \/>\n\t<meta name=\"twitter:data2\" content=\"1\u00a0Minute\" \/>\n<script type=\"application\/ld+json\" class=\"yoast-schema-graph\">{\"@context\":\"https:\/\/schema.org\",\"@graph\":[{\"@type\":\"WebPage\",\"@id\":\"https:\/\/www.xn--krtler-3ya.com\/de\/wer-ist-enes-kacmaz-woher-kommt-er-und-wie-alt-ist-er.html\",\"url\":\"https:\/\/www.xn--krtler-3ya.com\/de\/wer-ist-enes-kacmaz-woher-kommt-er-und-wie-alt-ist-er.html\",\"name\":\"Wer ist Enes Ka\u00e7maz? Woher kommt er und wie alt ist er? - Mit Liebe gebastelt\",\"isPartOf\":{\"@id\":\"https:\/\/www.xn--krtler-3ya.com\/de#website\"},\"primaryImageOfPage\":{\"@id\":\"https:\/\/www.xn--krtler-3ya.com\/de\/wer-ist-enes-kacmaz-woher-kommt-er-und-wie-alt-ist-er.html#primaryimage\"},\"image\":{\"@id\":\"https:\/\/www.xn--krtler-3ya.com\/de\/wer-ist-enes-kacmaz-woher-kommt-er-und-wie-alt-ist-er.html#primaryimage\"},\"thumbnailUrl\":\"https:\/\/www.xn--krtler-3ya.com\/wp-content\/uploads\/2021\/05\/enes-kacmaz-kimdir-nerelidir.jpg\",\"datePublished\":\"2021-05-10T15:58:11+00:00\",\"dateModified\":\"2021-05-10T15:58:11+00:00\",\"author\":{\"@id\":\"https:\/\/www.xn--krtler-3ya.com\/de#\/schema\/person\/6bcd5bbe2e1493cacc77180c1bd84881\"},\"breadcrumb\":{\"@id\":\"https:\/\/www.xn--krtler-3ya.com\/de\/wer-ist-enes-kacmaz-woher-kommt-er-und-wie-alt-ist-er.html#breadcrumb\"},\"inLanguage\":\"de\",\"potentialAction\":[{\"@type\":\"ReadAction\",\"target\":[\"https:\/\/www.xn--krtler-3ya.com\/de\/wer-ist-enes-kacmaz-woher-kommt-er-und-wie-alt-ist-er.html\"]}]},{\"@type\":\"ImageObject\",\"inLanguage\":\"de\",\"@id\":\"https:\/\/www.xn--krtler-3ya.com\/de\/wer-ist-enes-kacmaz-woher-kommt-er-und-wie-alt-ist-er.html#primaryimage\",\"url\":\"https:\/\/www.xn--krtler-3ya.com\/wp-content\/uploads\/2021\/05\/enes-kacmaz-kimdir-nerelidir.jpg\",\"contentUrl\":\"https:\/\/www.xn--krtler-3ya.com\/wp-content\/uploads\/2021\/05\/enes-kacmaz-kimdir-nerelidir.jpg\",\"width\":640,\"height\":359},{\"@type\":\"BreadcrumbList\",\"@id\":\"https:\/\/www.xn--krtler-3ya.com\/de\/wer-ist-enes-kacmaz-woher-kommt-er-und-wie-alt-ist-er.html#breadcrumb\",\"itemListElement\":[{\"@type\":\"ListItem\",\"position\":1,\"name\":\"Startseite\",\"item\":\"https:\/\/www.xn--krtler-3ya.com\/de\"},{\"@type\":\"ListItem\",\"position\":2,\"name\":\"Wer ist Enes Ka\u00e7maz? Woher kommt er und wie alt ist er?\"}]},{\"@type\":\"WebSite\",\"@id\":\"https:\/\/www.xn--krtler-3ya.com\/de#website\",\"url\":\"https:\/\/www.xn--krtler-3ya.com\/de\",\"name\":\"k\u00fcrtler\",\"description\":\"\",\"potentialAction\":[{\"@type\":\"SearchAction\",\"target\":{\"@type\":\"EntryPoint\",\"urlTemplate\":\"https:\/\/www.xn--krtler-3ya.com\/de?s={search_term_string}\"},\"query-input\":{\"@type\":\"PropertyValueSpecification\",\"valueRequired\":true,\"valueName\":\"search_term_string\"}}],\"inLanguage\":\"de\"},{\"@type\":\"Person\",\"@id\":\"https:\/\/www.xn--krtler-3ya.com\/de#\/schema\/person\/6bcd5bbe2e1493cacc77180c1bd84881\",\"name\":\"admin\",\"image\":{\"@type\":\"ImageObject\",\"inLanguage\":\"de\",\"@id\":\"https:\/\/www.xn--krtler-3ya.com\/de#\/schema\/person\/image\/\",\"url\":\"https:\/\/www.xn--krtler-3ya.com\/wp-content\/litespeed\/avatar\/de8faab9da60e77876a3fba9edd82f20.jpg?ver=1777431259\",\"contentUrl\":\"https:\/\/www.xn--krtler-3ya.com\/wp-content\/litespeed\/avatar\/de8faab9da60e77876a3fba9edd82f20.jpg?ver=1777431259\",\"caption\":\"admin\"},\"sameAs\":[\"https:\/\/kora24.de\"],\"url\":\"https:\/\/www.xn--krtler-3ya.com\/de\/author\/youssef\"}]}<\/script>\n<!-- \/ Yoast SEO plugin. -->","yoast_head_json":{"title":"Wer ist Enes Ka\u00e7maz? Woher kommt er und wie alt ist er? - Mit Liebe gebastelt","robots":{"index":"index","follow":"follow","max-snippet":"max-snippet:-1","max-image-preview":"max-image-preview:large","max-video-preview":"max-video-preview:-1"},"canonical":"https:\/\/www.xn--krtler-3ya.com\/de\/wer-ist-enes-kacmaz-woher-kommt-er-und-wie-alt-ist-er.html","og_locale":"de_DE","og_type":"article","og_title":"Wer ist Enes Ka\u00e7maz? Woher kommt er und wie alt ist er? - Mit Liebe gebastelt","og_description":"Der Volksk\u00fcnstler Enes Ka\u00e7maz , der mit seinem letzten Clip Leyla ber\u00fchmt wurde, ist sehr neugierig darauf, woher er kommt und wie sein Leben aussieht. Wer ist also Enes Ka\u00e7maz, woher kommt er und wie alt ist er? Entsprechend der erhaltenen Informationen finden Sie die Details in unserem Artikel. Woher kommt Enes Ka\u00e7maz? Enes Ka\u00e7maz &hellip;","og_url":"https:\/\/www.xn--krtler-3ya.com\/de\/wer-ist-enes-kacmaz-woher-kommt-er-und-wie-alt-ist-er.html","og_site_name":"Mit Liebe gebastelt","article_published_time":"2021-05-10T15:58:11+00:00","og_image":[{"width":640,"height":359,"url":"https:\/\/www.xn--krtler-3ya.com\/wp-content\/uploads\/2021\/05\/enes-kacmaz-kimdir-nerelidir.jpg","type":"image\/jpeg"}],"author":"admin","twitter_card":"summary_large_image","twitter_misc":{"Verfasst von":"admin","Gesch\u00e4tzte Lesezeit":"1\u00a0Minute"},"schema":{"@context":"https:\/\/schema.org","@graph":[{"@type":"WebPage","@id":"https:\/\/www.xn--krtler-3ya.com\/de\/wer-ist-enes-kacmaz-woher-kommt-er-und-wie-alt-ist-er.html","url":"https:\/\/www.xn--krtler-3ya.com\/de\/wer-ist-enes-kacmaz-woher-kommt-er-und-wie-alt-ist-er.html","name":"Wer ist Enes Ka\u00e7maz? Woher kommt er und wie alt ist er? - Mit Liebe gebastelt","isPartOf":{"@id":"https:\/\/www.xn--krtler-3ya.com\/de#website"},"primaryImageOfPage":{"@id":"https:\/\/www.xn--krtler-3ya.com\/de\/wer-ist-enes-kacmaz-woher-kommt-er-und-wie-alt-ist-er.html#primaryimage"},"image":{"@id":"https:\/\/www.xn--krtler-3ya.com\/de\/wer-ist-enes-kacmaz-woher-kommt-er-und-wie-alt-ist-er.html#primaryimage"},"thumbnailUrl":"https:\/\/www.xn--krtler-3ya.com\/wp-content\/uploads\/2021\/05\/enes-kacmaz-kimdir-nerelidir.jpg","datePublished":"2021-05-10T15:58:11+00:00","dateModified":"2021-05-10T15:58:11+00:00","author":{"@id":"https:\/\/www.xn--krtler-3ya.com\/de#\/schema\/person\/6bcd5bbe2e1493cacc77180c1bd84881"},"breadcrumb":{"@id":"https:\/\/www.xn--krtler-3ya.com\/de\/wer-ist-enes-kacmaz-woher-kommt-er-und-wie-alt-ist-er.html#breadcrumb"},"inLanguage":"de","potentialAction":[{"@type":"ReadAction","target":["https:\/\/www.xn--krtler-3ya.com\/de\/wer-ist-enes-kacmaz-woher-kommt-er-und-wie-alt-ist-er.html"]}]},{"@type":"ImageObject","inLanguage":"de","@id":"https:\/\/www.xn--krtler-3ya.com\/de\/wer-ist-enes-kacmaz-woher-kommt-er-und-wie-alt-ist-er.html#primaryimage","url":"https:\/\/www.xn--krtler-3ya.com\/wp-content\/uploads\/2021\/05\/enes-kacmaz-kimdir-nerelidir.jpg","contentUrl":"https:\/\/www.xn--krtler-3ya.com\/wp-content\/uploads\/2021\/05\/enes-kacmaz-kimdir-nerelidir.jpg","width":640,"height":359},{"@type":"BreadcrumbList","@id":"https:\/\/www.xn--krtler-3ya.com\/de\/wer-ist-enes-kacmaz-woher-kommt-er-und-wie-alt-ist-er.html#breadcrumb","itemListElement":[{"@type":"ListItem","position":1,"name":"Startseite","item":"https:\/\/www.xn--krtler-3ya.com\/de"},{"@type":"ListItem","position":2,"name":"Wer ist Enes Ka\u00e7maz? Woher kommt er und wie alt ist er?"}]},{"@type":"WebSite","@id":"https:\/\/www.xn--krtler-3ya.com\/de#website","url":"https:\/\/www.xn--krtler-3ya.com\/de","name":"k\u00fcrtler","description":"","potentialAction":[{"@type":"SearchAction","target":{"@type":"EntryPoint","urlTemplate":"https:\/\/www.xn--krtler-3ya.com\/de?s={search_term_string}"},"query-input":{"@type":"PropertyValueSpecification","valueRequired":true,"valueName":"search_term_string"}}],"inLanguage":"de"},{"@type":"Person","@id":"https:\/\/www.xn--krtler-3ya.com\/de#\/schema\/person\/6bcd5bbe2e1493cacc77180c1bd84881","name":"admin","image":{"@type":"ImageObject","inLanguage":"de","@id":"https:\/\/www.xn--krtler-3ya.com\/de#\/schema\/person\/image\/","url":"https:\/\/www.xn--krtler-3ya.com\/wp-content\/litespeed\/avatar\/de8faab9da60e77876a3fba9edd82f20.jpg?ver=1777431259","contentUrl":"https:\/\/www.xn--krtler-3ya.com\/wp-content\/litespeed\/avatar\/de8faab9da60e77876a3fba9edd82f20.jpg?ver=1777431259","caption":"admin"},"sameAs":["https:\/\/kora24.de"],"url":"https:\/\/www.xn--krtler-3ya.com\/de\/author\/youssef"}]}},"amp_enabled":true,"_links":{"self":[{"href":"https:\/\/www.xn--krtler-3ya.com\/de\/wp-json\/wp\/v2\/posts\/30087","targetHints":{"allow":["GET"]}}],"collection":[{"href":"https:\/\/www.xn--krtler-3ya.com\/de\/wp-json\/wp\/v2\/posts"}],"about":[{"href":"https:\/\/www.xn--krtler-3ya.com\/de\/wp-json\/wp\/v2\/types\/post"}],"author":[{"embeddable":true,"href":"https:\/\/www.xn--krtler-3ya.com\/de\/wp-json\/wp\/v2\/users\/1"}],"replies":[{"embeddable":true,"href":"https:\/\/www.xn--krtler-3ya.com\/de\/wp-json\/wp\/v2\/comments?post=30087"}],"version-history":[{"count":0,"href":"https:\/\/www.xn--krtler-3ya.com\/de\/wp-json\/wp\/v2\/posts\/30087\/revisions"}],"wp:featuredmedia":[{"embeddable":true,"href":"https:\/\/www.xn--krtler-3ya.com\/de\/wp-json\/wp\/v2\/media\/28353"}],"wp:attachment":[{"href":"https:\/\/www.xn--krtler-3ya.com\/de\/wp-json\/wp\/v2\/media?parent=30087"}],"wp:term":[{"taxonomy":"category","embeddable":true,"href":"https:\/\/www.xn--krtler-3ya.com\/de\/wp-json\/wp\/v2\/categories?post=30087"},{"taxonomy":"post_tag","embeddable":true,"href":"https:\/\/www.xn--krtler-3ya.com\/de\/wp-json\/wp\/v2\/tags?post=30087"}],"curies":[{"name":"wp","href":"https:\/\/api.w.org\/{rel}","templated":true}]}}